{"id":13311,"date":"2023-09-25T21:56:39","date_gmt":"2023-09-25T19:56:39","guid":{"rendered":"https:\/\/www.huelvaysusfotografos.com\/?p=13311"},"modified":"2023-09-25T21:57:55","modified_gmt":"2023-09-25T19:57:55","slug":"quedada-lunera-con-colon-como-testigo","status":"publish","type":"post","link":"https:\/\/www.huelvaysusfotografos.com\/?p=13311","title":{"rendered":"Quedada Lunera con Col\u00f3n como testigo"},"content":{"rendered":"\n<p>Finalizaremos el mes de septiembre, con otra quedada nocturna para fotografiar la superluna, que se podr\u00e1 ver el pr\u00f3ximo viernes 29 de septiembre.<\/p>\n\n\n\n<p>Para realizar esta actividad nos desplazaremos a Marismas del Odiel y m\u00e1s concretamente pasado el Puente del Burro, con objeto de sacar la Superluna sobre el Monumento a la F\u00e9 Descubridora.<\/p>\n\n\n\n<p>Teniendo en cuenta que la Superluna comenzar\u00e1 a salir a las 20.36 horas, debemos estar con tiempo, sobre las 19.20 horas, para organizar tr\u00edpodes, c\u00e1maras y dem\u00e1s accesorios necesarios para este tipo de fotograf\u00edas. Pararemos en el arc\u00e9n pasado el puente del burro direcci\u00f3n al espig\u00f3n.<\/p>\n\n\n\n<p>Foto Jes\u00fas Carrasco<\/p>\n\n\n\n<p>Esperemos disfrutar de este espect\u00e1culo como son las superlunas.<\/p>\n\n\n\n<p>Los que deseen acudir que vaya indic\u00e1ndolo, muchas gracias.<\/p>\n\n\n\n<p>La\u00a0<strong>cuarta y \u00faltima del a\u00f1o, es el 29 de septiembre<\/strong>, ya<strong>\u00a0en oto\u00f1o<\/strong>.<\/p>\n\n\n\n<p><strong>Actividad<\/strong>.- Quedada Nocturna Superluna.<\/p>\n\n\n\n<p><strong>D\u00eda<\/strong>.- Viernes 29 de Septiembre de 2023<\/p>\n\n\n\n<p><strong>Lugar<\/strong>.- Marismas del Odiel (Huelva).<\/p>\n\n\n\n<p><strong>Hora<\/strong>.- 19.20<\/p>\n\n\n\n<p><strong>Material necesario para la actividad<\/strong><\/p>\n\n\n\n<p>El equipo t\u00e9cnico: Tele objetivo, tr\u00edpode, disparador externo.<br>Adicional: Comida y bebida, pulverizador anti mosquitos, silla, linterna de cabeza, etc.<\/p>\n\n\n\n<figure class=\"wp-block-image size-large\"><a href=\"https:\/\/www.huelvaysusfotografos.com\/wp-content\/uploads\/2023\/09\/CARTEL-Quedada-Lunera-con-Colon-como-testigo.jpg\"><img loading=\"lazy\" decoding=\"async\" width=\"682\" height=\"1024\" src=\"https:\/\/www.huelvaysusfotografos.com\/wp-content\/uploads\/2023\/09\/CARTEL-Quedada-Lunera-con-Colon-como-testigo-682x1024.jpg\" alt=\"\" class=\"wp-image-13312\" srcset=\"https:\/\/www.huelvaysusfotografos.com\/wp-content\/uploads\/2023\/09\/CARTEL-Quedada-Lunera-con-Colon-como-testigo-682x1024.jpg 682w, https:\/\/www.huelvaysusfotografos.com\/wp-content\/uploads\/2023\/09\/CARTEL-Quedada-Lunera-con-Colon-como-testigo-200x300.jpg 200w, https:\/\/www.huelvaysusfotografos.com\/wp-content\/uploads\/2023\/09\/CARTEL-Quedada-Lunera-con-Colon-como-testigo-768x1153.jpg 768w, https:\/\/www.huelvaysusfotografos.com\/wp-content\/uploads\/2023\/09\/CARTEL-Quedada-Lunera-con-Colon-como-testigo-1023x1536.jpg 1023w, https:\/\/www.huelvaysusfotografos.com\/wp-content\/uploads\/2023\/09\/CARTEL-Quedada-Lunera-con-Colon-como-testigo.jpg 1066w\" sizes=\"auto, (max-width: 682px) 100vw, 682px\" \/><\/a><\/figure>\n","protected":false},"excerpt":{"rendered":"<p>Finalizaremos el mes de septiembre, con otra quedada nocturna para fotografiar la superluna, que se podr\u00e1 ver el pr\u00f3ximo viernes 29 de septiembre. Para realizar esta actividad nos desplazaremos a Marismas del Odiel y m\u00e1s concretamente pasado el Puente del Burro, con objeto de sacar la Superluna sobre el Monumento a la F\u00e9 Descubridora. Teniendo en cuenta que la Superluna comenzar\u00e1 a salir a las 20.36 horas, debemos estar con<\/p>\n<div class=\"belowpost\"><a class=\"btnmore\" href=\"https:\/\/www.huelvaysusfotografos.com\/?p=13311\">Seguir leyendo<\/a><\/div>\n","protected":false},"author":8279,"featured_media":13312,"comment_status":"open","ping_status":"open","sticky":false,"template":"","format":"standard","meta":{"footnotes":"","_links_to":"","_links_to_target":""},"categories":[4,6],"tags":[],"class_list":["post-13311","post","type-post","status-publish","format-standard","has-post-thumbnail","hentry","category-actividades","category-quedadas"],"_links":{"self":[{"href":"https:\/\/www.huelvaysusfotografos.com\/index.php?rest_route=\/wp\/v2\/posts\/13311","targetHints":{"allow":["GET"]}}],"collection":[{"href":"https:\/\/www.huelvaysusfotografos.com\/index.php?rest_route=\/wp\/v2\/posts"}],"about":[{"href":"https:\/\/www.huelvaysusfotografos.com\/index.php?rest_route=\/wp\/v2\/types\/post"}],"author":[{"embeddable":true,"href":"https:\/\/www.huelvaysusfotografos.com\/index.php?rest_route=\/wp\/v2\/users\/8279"}],"replies":[{"embeddable":true,"href":"https:\/\/www.huelvaysusfotografos.com\/index.php?rest_route=%2Fwp%2Fv2%2Fcomments&post=13311"}],"version-history":[{"count":2,"href":"https:\/\/www.huelvaysusfotografos.com\/index.php?rest_route=\/wp\/v2\/posts\/13311\/revisions"}],"predecessor-version":[{"id":13314,"href":"https:\/\/www.huelvaysusfotografos.com\/index.php?rest_route=\/wp\/v2\/posts\/13311\/revisions\/13314"}],"wp:featuredmedia":[{"embeddable":true,"href":"https:\/\/www.huelvaysusfotografos.com\/index.php?rest_route=\/wp\/v2\/media\/13312"}],"wp:attachment":[{"href":"https:\/\/www.huelvaysusfotografos.com\/index.php?rest_route=%2Fwp%2Fv2%2Fmedia&parent=13311"}],"wp:term":[{"taxonomy":"category","embeddable":true,"href":"https:\/\/www.huelvaysusfotografos.com\/index.php?rest_route=%2Fwp%2Fv2%2Fcategories&post=13311"},{"taxonomy":"post_tag","embeddable":true,"href":"https:\/\/www.huelvaysusfotografos.com\/index.php?rest_route=%2Fwp%2Fv2%2Ftags&post=13311"}],"curies":[{"name":"wp","href":"https:\/\/api.w.org\/{rel}","templated":true}]}}