{"id":13303,"date":"2023-09-13T23:38:39","date_gmt":"2023-09-13T21:38:39","guid":{"rendered":"https:\/\/www.huelvaysusfotografos.com\/?p=13303"},"modified":"2023-09-15T21:04:14","modified_gmt":"2023-09-15T19:04:14","slug":"llegan-los-iii-premios-carrete-2023","status":"publish","type":"post","link":"https:\/\/www.huelvaysusfotografos.com\/?p=13303","title":{"rendered":"Llegan los III Premios Carrete 2023"},"content":{"rendered":"\n<p><strong><u>Gala III Premios Carrete, &nbsp;XII Aniversario Asociaci\u00f3n Huelva y sus Fot\u00f3grafos.<\/u><\/strong><\/p>\n\n\n\n<p><strong>D\u00eda de Celebraci\u00f3n.- jueves 9 de noviembre de 2023. A las 20.00 horas.<\/strong><\/p>\n\n\n\n<p><strong>Lugar.- Centro de Recepci\u00f3n y Documentaci\u00f3n del Puerto de Huelva.<\/strong><\/p>\n\n\n\n<p><strong><em><u>Entrega de los III Premios Carrete que otorga la Asociaci\u00f3n Huelva y sus Fot\u00f3grafos.<\/u><\/em><\/strong><\/p>\n\n\n\n<p>La Asociaci\u00f3n Huelva y sus fot\u00f3grafos instauraban el a\u00f1o 2021 los premios Carrete.<\/p>\n\n\n\n<p>Llegamos a los doce a\u00f1os de la fundaci\u00f3n de la Asociaci\u00f3n Huelva y sus Fot\u00f3grafos, quien est\u00e1 organizando una gala aniversario donde entregaremos los III Premios Carrete.<\/p>\n\n\n\n<p>Ser\u00e1 el pr\u00f3ximo jueves 9 de noviembre en el Centro de Recepci\u00f3n y Documentaci\u00f3n del Puerto de Huelva, donde tendr\u00e1 lugar la Gala del XII Aniversario de la Asociaci\u00f3n Huelva y sus Fot\u00f3grafos a las 20.00 horas.<\/p>\n\n\n\n<p>Los Premios Carrete, que nacieron en &nbsp;2021, lo hacen para reconocer la labor y el trabajo de las distintas personas, Asociaciones e Instituciones que hacen lo mejor en cada uno de sus campos por y para nuestra Huelva.<\/p>\n\n\n\n<p>Ser\u00e1n estos los <strong>terceros premios Carrete<\/strong>, que se denominaron <strong><em>Dinamizador, Solidario, Sanitario, Comunicaci\u00f3n, Literario y Hermanamiento<\/em><\/strong>.<\/p>\n\n\n\n<p><em><u>Los galardonados con los III premios Carrete de este 2023 son:<\/u><\/em><\/p>\n\n\n\n<p><strong>Carrete Dinamizador<\/strong>.- A la empresa <strong>Transonuba GTO<\/strong>, empresa netamente onubense que impulsa el sector del transporte fuera de nuestras fronteras. Creada en 1985, GTO se ha consolidado como el centro de servicios log\u00edsticos de referencia en Europa, con una flota de m\u00e1s de 500 veh\u00edculos frigor\u00edficos.<\/p>\n\n\n\n<p>Recoge el premio, su presidente <strong>Esteban S\u00e1nchez<\/strong>.<\/p>\n\n\n\n<p><strong>Carrete Sanitario<\/strong>.- A la Unidad de<strong> Coordinaci\u00f3n de Trasplantes de Huelva <\/strong>alHospital Universitario Juan Ram\u00f3n Jim\u00e9nez de Huelva y el Hospital Infanta Elena<strong>.<\/strong><\/p>\n\n\n\n<p>Recoge el premio, <strong>Paloma Oliva Fern\u00e1ndez<\/strong>, Coordinadora de Trasplantes en el Hospital Juan Ram\u00f3n Jim\u00e9nez de Huelva<\/p>\n\n\n\n<p><strong>Carrete Solidario<\/strong>.- A la <strong>Cruz Roja de Huelva <\/strong>por su incansable labor humanitaria durante d\u00e9cadas en favor de los m\u00e1s necesitados y en las m\u00faltiples cat\u00e1strofes que nos rodean.<\/p>\n\n\n\n<p>Recoge el premio.- <strong>Patricia Mauri<\/strong>, presidenta de Cruz Roja Huelva.<\/p>\n\n\n\n<p><strong>Carrete Comunicaci\u00f3n<\/strong>.- Al diario <strong>Huelva Informaci\u00f3n<\/strong> por su dilatada trayectoria al servicio de los onubenses, y con motivo de sus 40 a\u00f1os de existencia.<\/p>\n\n\n\n<p>Recoge el premio su director <strong>Francisco Javier Ronchel<\/strong><\/p>\n\n\n\n<p><strong>Carrete Literario.- <\/strong>Por su trayectoria incansable al &nbsp;periodista, escritor, divulgador y columnista<strong> Paco Huelva.<\/strong><\/p>\n\n\n\n<p>Recoge el premio<strong> Paco Huelva<\/strong><\/p>\n\n\n\n<p><strong>Carrete de Hermanamiento<\/strong>.- Se har\u00e1 entrega a distintas Asociaciones de nuestra provincia y de otras a nivel nacional, con el objeto de acercar sinergias entre las distintas asociaciones. Este a\u00f1o el premio recaer\u00e1 en <strong>Poetas por la Paz.<\/strong><\/p>\n\n\n\n<p>Recoge el premio su Presidente, <strong>Ram\u00f3n Llanes<\/strong>.<\/p>\n\n\n\n<p>La gala de los III premios Carrete contar\u00e1 con la actuaci\u00f3n en directo de actuaciones musicales<strong>.<\/strong><\/p>\n\n\n\n<p>Como presentador y conductor del acto contaremos con el reconocido periodista <strong>Manuel Soto Gil<\/strong>, Director de Huelva TV.<\/p>\n\n\n\n<p>Previo a la entrega de los Premios Carrete, se har\u00e1 entrega de los <strong>premios de Semana Santa 2023<\/strong> a los siguientes galardonados.<\/p>\n\n\n\n<p><strong><u>Tercer Premio<\/u><\/strong>: \u201cPrendimiento\u201d de&nbsp;Francisco J. Gil Salguero<\/p>\n\n\n\n<p><strong><u>Segundo Premio<\/u><\/strong>: \u201cReflejo la Lanzada\u201d de Jos\u00e9 Mar\u00eda Est\u00e9vez Romero<\/p>\n\n\n\n<p><strong><u>Primer Premio<\/u><\/strong>: \u201cCristo de la Esperanza\u201d de Manuel Pascual Bonaque.<\/p>\n\n\n\n<p>Tras la entrega de esos premios se reconocer\u00e1 el trabajo al fot\u00f3grafo del a\u00f1o, que recae en esta ocasi\u00f3n en <strong>Antonio Pereira Jim\u00e9nez<\/strong>. Al tiempo que se mostrar\u00e1 un video con sus fotograf\u00edas, as\u00ed como una muestra de las fotos de los socios de nuestra asociaci\u00f3n.<\/p>\n","protected":false},"excerpt":{"rendered":"<p>Gala III Premios Carrete, &nbsp;XII Aniversario Asociaci\u00f3n Huelva y sus Fot\u00f3grafos. D\u00eda de Celebraci\u00f3n.- jueves 9 de noviembre de 2023. A las 20.00 horas. Lugar.- Centro de Recepci\u00f3n y Documentaci\u00f3n del Puerto de Huelva. Entrega de los III Premios Carrete que otorga la Asociaci\u00f3n Huelva y sus Fot\u00f3grafos. La Asociaci\u00f3n Huelva y sus fot\u00f3grafos instauraban el a\u00f1o 2021 los premios Carrete. Llegamos a los doce a\u00f1os de la fundaci\u00f3n de<\/p>\n<div class=\"belowpost\"><a class=\"btnmore\" href=\"https:\/\/www.huelvaysusfotografos.com\/?p=13303\">Seguir leyendo<\/a><\/div>\n","protected":false},"author":8279,"featured_media":12078,"comment_status":"open","ping_status":"open","sticky":false,"template":"","format":"standard","meta":{"footnotes":"","_links_to":"","_links_to_target":""},"categories":[53],"tags":[],"class_list":["post-13303","post","type-post","status-publish","format-standard","has-post-thumbnail","hentry","category-premios"],"_links":{"self":[{"href":"https:\/\/www.huelvaysusfotografos.com\/index.php?rest_route=\/wp\/v2\/posts\/13303","targetHints":{"allow":["GET"]}}],"collection":[{"href":"https:\/\/www.huelvaysusfotografos.com\/index.php?rest_route=\/wp\/v2\/posts"}],"about":[{"href":"https:\/\/www.huelvaysusfotografos.com\/index.php?rest_route=\/wp\/v2\/types\/post"}],"author":[{"embeddable":true,"href":"https:\/\/www.huelvaysusfotografos.com\/index.php?rest_route=\/wp\/v2\/users\/8279"}],"replies":[{"embeddable":true,"href":"https:\/\/www.huelvaysusfotografos.com\/index.php?rest_route=%2Fwp%2Fv2%2Fcomments&post=13303"}],"version-history":[{"count":3,"href":"https:\/\/www.huelvaysusfotografos.com\/index.php?rest_route=\/wp\/v2\/posts\/13303\/revisions"}],"predecessor-version":[{"id":13306,"href":"https:\/\/www.huelvaysusfotografos.com\/index.php?rest_route=\/wp\/v2\/posts\/13303\/revisions\/13306"}],"wp:featuredmedia":[{"embeddable":true,"href":"https:\/\/www.huelvaysusfotografos.com\/index.php?rest_route=\/wp\/v2\/media\/12078"}],"wp:attachment":[{"href":"https:\/\/www.huelvaysusfotografos.com\/index.php?rest_route=%2Fwp%2Fv2%2Fmedia&parent=13303"}],"wp:term":[{"taxonomy":"category","embeddable":true,"href":"https:\/\/www.huelvaysusfotografos.com\/index.php?rest_route=%2Fwp%2Fv2%2Fcategories&post=13303"},{"taxonomy":"post_tag","embeddable":true,"href":"https:\/\/www.huelvaysusfotografos.com\/index.php?rest_route=%2Fwp%2Fv2%2Ftags&post=13303"}],"curies":[{"name":"wp","href":"https:\/\/api.w.org\/{rel}","templated":true}]}}