{"id":13277,"date":"2023-09-12T16:54:22","date_gmt":"2023-09-12T14:54:22","guid":{"rendered":"https:\/\/www.huelvaysusfotografos.com\/?p=13277"},"modified":"2023-09-12T17:04:47","modified_gmt":"2023-09-12T15:04:47","slug":"inaugurada-la-exposicion-colectiva-del-otono-cultural-iberoamericano","status":"publish","type":"post","link":"https:\/\/www.huelvaysusfotografos.com\/?p=13277","title":{"rendered":"Inaugurada la exposici\u00f3n Colectiva del Oto\u00f1o Cultural Iberoamericano."},"content":{"rendered":"\n<p>En la tarde noche de ayer 11 de septiembre inaugur\u00e1bamos la exposici\u00f3n colectiva del Oto\u00f1o cultural Iberoamericano en la centro cultural Jose Luis Garc\u00eda Palacios de la calle Mora Claros en Huelva. <\/p>\n\n\n\n<p>Un acto que cont\u00f3 con la presencia de Mar\u00eda Luisa Garc\u00eda-Palacios \u00c1lvarez en nombre de la Fundaci\u00f3n de la Caja Rural del Sur, Jaime de Vicente, director del Oto\u00f1o Cultural Iberoamericano, Manuel Pascual Bonaque, Presidente de Accof, Jos\u00e9 Luis Arizmendi Llanes, presidente de Huelva y sus Fot\u00f3grafos, el concejal de Cultura del Ayuntamiento de Huelva, Nacho Molina, adem\u00e1s de una representante de la la Asociaci\u00f3n Fotogr\u00e1fica Tomas Mart\u00ednez (Aracena), y el instrumentalista Jos\u00e9 Antonio Lemos Mart\u00edn, (El Pardo) de Zalamea la Real (Huelva).<\/p>\n\n\n\n<p>Se trata de una exposici\u00f3n conjunta de la Asociaci\u00f3n Huelva y sus Fot\u00f3grafos con la Asociaci\u00f3n Cultural Club Onubense de Fotograf\u00eda La Luz y la Asociaci\u00f3n Fotogr\u00e1fica Tomas Mart\u00ednez (Aracena) como invitada, y podr\u00e1 ser visitada hasta el 29 de septiembre. <\/p>\n\n\n\n<p>La exposici\u00f3n cuenta con 53 obras de las tres asociaciones, que muestran la riqueza del patrimonio de nuestra provincia, reflejada en las seis comarcas que la componen. Huelva, And\u00e9valo, Sierra, Cuenca Minera, Condado y Costa Occidental.  <\/p>\n\n\n\n<p>Les dejamos algunas im\u00e1genes de la inauguraci\u00f3n:<\/p>\n\n\n\n<p>Fotos Antonio Pereira Jim\u00e9nez<\/p>\n\n\n\n<figure class=\"wp-block-gallery has-nested-images columns-default is-cropped wp-block-gallery-1 is-layout-flex wp-block-gallery-is-layout-flex\">\n<figure class=\"wp-block-image size-large\"><a href=\"https:\/\/www.huelvaysusfotografos.com\/wp-content\/uploads\/2023\/09\/0.jpg\"><img loading=\"lazy\" decoding=\"async\" width=\"1024\" height=\"768\" data-id=\"13278\" src=\"https:\/\/www.huelvaysusfotografos.com\/wp-content\/uploads\/2023\/09\/0-1024x768.jpg\" alt=\"\" class=\"wp-image-13278\" srcset=\"https:\/\/www.huelvaysusfotografos.com\/wp-content\/uploads\/2023\/09\/0-1024x768.jpg 1024w, https:\/\/www.huelvaysusfotografos.com\/wp-content\/uploads\/2023\/09\/0-300x225.jpg 300w, https:\/\/www.huelvaysusfotografos.com\/wp-content\/uploads\/2023\/09\/0-768x576.jpg 768w, https:\/\/www.huelvaysusfotografos.com\/wp-content\/uploads\/2023\/09\/0.jpg 1154w\" sizes=\"auto, (max-width: 1024px) 100vw, 1024px\" \/><\/a><\/figure>\n\n\n\n<figure class=\"wp-block-image size-large\"><a href=\"https:\/\/www.huelvaysusfotografos.com\/wp-content\/uploads\/2023\/09\/001.jpg\"><img loading=\"lazy\" decoding=\"async\" width=\"1024\" height=\"768\" data-id=\"13279\" src=\"https:\/\/www.huelvaysusfotografos.com\/wp-content\/uploads\/2023\/09\/001-1024x768.jpg\" alt=\"\" class=\"wp-image-13279\" srcset=\"https:\/\/www.huelvaysusfotografos.com\/wp-content\/uploads\/2023\/09\/001-1024x768.jpg 1024w, https:\/\/www.huelvaysusfotografos.com\/wp-content\/uploads\/2023\/09\/001-300x225.jpg 300w, https:\/\/www.huelvaysusfotografos.com\/wp-content\/uploads\/2023\/09\/001-768x576.jpg 768w, https:\/\/www.huelvaysusfotografos.com\/wp-content\/uploads\/2023\/09\/001.jpg 1154w\" sizes=\"auto, (max-width: 1024px) 100vw, 1024px\" \/><\/a><\/figure>\n\n\n\n<figure class=\"wp-block-image size-large\"><a href=\"https:\/\/www.huelvaysusfotografos.com\/wp-content\/uploads\/2023\/09\/1-1.jpg\"><img loading=\"lazy\" decoding=\"async\" width=\"1024\" height=\"768\" data-id=\"13280\" src=\"https:\/\/www.huelvaysusfotografos.com\/wp-content\/uploads\/2023\/09\/1-1-1024x768.jpg\" alt=\"\" class=\"wp-image-13280\" srcset=\"https:\/\/www.huelvaysusfotografos.com\/wp-content\/uploads\/2023\/09\/1-1-1024x768.jpg 1024w, https:\/\/www.huelvaysusfotografos.com\/wp-content\/uploads\/2023\/09\/1-1-300x225.jpg 300w, https:\/\/www.huelvaysusfotografos.com\/wp-content\/uploads\/2023\/09\/1-1-768x576.jpg 768w, https:\/\/www.huelvaysusfotografos.com\/wp-content\/uploads\/2023\/09\/1-1.jpg 1154w\" sizes=\"auto, (max-width: 1024px) 100vw, 1024px\" \/><\/a><\/figure>\n\n\n\n<figure class=\"wp-block-image size-large\"><a href=\"https:\/\/www.huelvaysusfotografos.com\/wp-content\/uploads\/2023\/09\/2-1.jpg\"><img loading=\"lazy\" decoding=\"async\" width=\"1024\" height=\"768\" data-id=\"13282\" src=\"https:\/\/www.huelvaysusfotografos.com\/wp-content\/uploads\/2023\/09\/2-1-1024x768.jpg\" alt=\"\" class=\"wp-image-13282\" srcset=\"https:\/\/www.huelvaysusfotografos.com\/wp-content\/uploads\/2023\/09\/2-1-1024x768.jpg 1024w, https:\/\/www.huelvaysusfotografos.com\/wp-content\/uploads\/2023\/09\/2-1-300x225.jpg 300w, https:\/\/www.huelvaysusfotografos.com\/wp-content\/uploads\/2023\/09\/2-1-768x576.jpg 768w, https:\/\/www.huelvaysusfotografos.com\/wp-content\/uploads\/2023\/09\/2-1.jpg 1154w\" sizes=\"auto, (max-width: 1024px) 100vw, 1024px\" \/><\/a><\/figure>\n\n\n\n<figure class=\"wp-block-image size-large\"><a href=\"https:\/\/www.huelvaysusfotografos.com\/wp-content\/uploads\/2023\/09\/3-1.jpg\"><img loading=\"lazy\" decoding=\"async\" width=\"1024\" height=\"768\" data-id=\"13281\" src=\"https:\/\/www.huelvaysusfotografos.com\/wp-content\/uploads\/2023\/09\/3-1-1024x768.jpg\" alt=\"\" class=\"wp-image-13281\" srcset=\"https:\/\/www.huelvaysusfotografos.com\/wp-content\/uploads\/2023\/09\/3-1-1024x768.jpg 1024w, https:\/\/www.huelvaysusfotografos.com\/wp-content\/uploads\/2023\/09\/3-1-300x225.jpg 300w, https:\/\/www.huelvaysusfotografos.com\/wp-content\/uploads\/2023\/09\/3-1-768x576.jpg 768w, https:\/\/www.huelvaysusfotografos.com\/wp-content\/uploads\/2023\/09\/3-1.jpg 1154w\" sizes=\"auto, (max-width: 1024px) 100vw, 1024px\" \/><\/a><\/figure>\n\n\n\n<figure class=\"wp-block-image size-large\"><a href=\"https:\/\/www.huelvaysusfotografos.com\/wp-content\/uploads\/2023\/09\/4-1.jpg\"><img loading=\"lazy\" decoding=\"async\" width=\"1024\" height=\"768\" data-id=\"13283\" src=\"https:\/\/www.huelvaysusfotografos.com\/wp-content\/uploads\/2023\/09\/4-1-1024x768.jpg\" alt=\"\" class=\"wp-image-13283\" srcset=\"https:\/\/www.huelvaysusfotografos.com\/wp-content\/uploads\/2023\/09\/4-1-1024x768.jpg 1024w, https:\/\/www.huelvaysusfotografos.com\/wp-content\/uploads\/2023\/09\/4-1-300x225.jpg 300w, https:\/\/www.huelvaysusfotografos.com\/wp-content\/uploads\/2023\/09\/4-1-768x576.jpg 768w, https:\/\/www.huelvaysusfotografos.com\/wp-content\/uploads\/2023\/09\/4-1.jpg 1154w\" sizes=\"auto, (max-width: 1024px) 100vw, 1024px\" \/><\/a><\/figure>\n\n\n\n<figure class=\"wp-block-image size-large\"><a href=\"https:\/\/www.huelvaysusfotografos.com\/wp-content\/uploads\/2023\/09\/5-1.jpg\"><img loading=\"lazy\" decoding=\"async\" width=\"1024\" height=\"352\" data-id=\"13284\" src=\"https:\/\/www.huelvaysusfotografos.com\/wp-content\/uploads\/2023\/09\/5-1-1024x352.jpg\" alt=\"\" class=\"wp-image-13284\" srcset=\"https:\/\/www.huelvaysusfotografos.com\/wp-content\/uploads\/2023\/09\/5-1-1024x352.jpg 1024w, https:\/\/www.huelvaysusfotografos.com\/wp-content\/uploads\/2023\/09\/5-1-300x103.jpg 300w, https:\/\/www.huelvaysusfotografos.com\/wp-content\/uploads\/2023\/09\/5-1-768x264.jpg 768w, https:\/\/www.huelvaysusfotografos.com\/wp-content\/uploads\/2023\/09\/5-1-1536x528.jpg 1536w, https:\/\/www.huelvaysusfotografos.com\/wp-content\/uploads\/2023\/09\/5-1.jpg 1706w\" sizes=\"auto, (max-width: 1024px) 100vw, 1024px\" \/><\/a><\/figure>\n\n\n\n<figure class=\"wp-block-image size-large\"><a href=\"https:\/\/www.huelvaysusfotografos.com\/wp-content\/uploads\/2023\/09\/6-1.jpg\"><img loading=\"lazy\" decoding=\"async\" width=\"1024\" height=\"768\" data-id=\"13285\" src=\"https:\/\/www.huelvaysusfotografos.com\/wp-content\/uploads\/2023\/09\/6-1-1024x768.jpg\" alt=\"\" class=\"wp-image-13285\" srcset=\"https:\/\/www.huelvaysusfotografos.com\/wp-content\/uploads\/2023\/09\/6-1-1024x768.jpg 1024w, https:\/\/www.huelvaysusfotografos.com\/wp-content\/uploads\/2023\/09\/6-1-300x225.jpg 300w, https:\/\/www.huelvaysusfotografos.com\/wp-content\/uploads\/2023\/09\/6-1-768x576.jpg 768w, https:\/\/www.huelvaysusfotografos.com\/wp-content\/uploads\/2023\/09\/6-1.jpg 1154w\" sizes=\"auto, (max-width: 1024px) 100vw, 1024px\" \/><\/a><\/figure>\n\n\n\n<figure class=\"wp-block-image size-large\"><a href=\"https:\/\/www.huelvaysusfotografos.com\/wp-content\/uploads\/2023\/09\/7-1.jpg\"><img loading=\"lazy\" decoding=\"async\" width=\"1024\" height=\"768\" data-id=\"13286\" src=\"https:\/\/www.huelvaysusfotografos.com\/wp-content\/uploads\/2023\/09\/7-1-1024x768.jpg\" alt=\"\" class=\"wp-image-13286\" srcset=\"https:\/\/www.huelvaysusfotografos.com\/wp-content\/uploads\/2023\/09\/7-1-1024x768.jpg 1024w, https:\/\/www.huelvaysusfotografos.com\/wp-content\/uploads\/2023\/09\/7-1-300x225.jpg 300w, https:\/\/www.huelvaysusfotografos.com\/wp-content\/uploads\/2023\/09\/7-1-768x576.jpg 768w, https:\/\/www.huelvaysusfotografos.com\/wp-content\/uploads\/2023\/09\/7-1.jpg 1154w\" sizes=\"auto, (max-width: 1024px) 100vw, 1024px\" \/><\/a><\/figure>\n\n\n\n<figure class=\"wp-block-image size-large\"><a href=\"https:\/\/www.huelvaysusfotografos.com\/wp-content\/uploads\/2023\/09\/8-1.jpg\"><img loading=\"lazy\" decoding=\"async\" width=\"1024\" height=\"768\" data-id=\"13287\" src=\"https:\/\/www.huelvaysusfotografos.com\/wp-content\/uploads\/2023\/09\/8-1-1024x768.jpg\" alt=\"\" class=\"wp-image-13287\" srcset=\"https:\/\/www.huelvaysusfotografos.com\/wp-content\/uploads\/2023\/09\/8-1-1024x768.jpg 1024w, https:\/\/www.huelvaysusfotografos.com\/wp-content\/uploads\/2023\/09\/8-1-300x225.jpg 300w, https:\/\/www.huelvaysusfotografos.com\/wp-content\/uploads\/2023\/09\/8-1-768x576.jpg 768w, https:\/\/www.huelvaysusfotografos.com\/wp-content\/uploads\/2023\/09\/8-1.jpg 1154w\" sizes=\"auto, (max-width: 1024px) 100vw, 1024px\" \/><\/a><\/figure>\n\n\n\n<figure class=\"wp-block-image size-large\"><a href=\"https:\/\/www.huelvaysusfotografos.com\/wp-content\/uploads\/2023\/09\/9.jpg\"><img loading=\"lazy\" decoding=\"async\" width=\"708\" height=\"1024\" data-id=\"13288\" src=\"https:\/\/www.huelvaysusfotografos.com\/wp-content\/uploads\/2023\/09\/9-708x1024.jpg\" alt=\"\" class=\"wp-image-13288\" srcset=\"https:\/\/www.huelvaysusfotografos.com\/wp-content\/uploads\/2023\/09\/9-708x1024.jpg 708w, https:\/\/www.huelvaysusfotografos.com\/wp-content\/uploads\/2023\/09\/9-207x300.jpg 207w, https:\/\/www.huelvaysusfotografos.com\/wp-content\/uploads\/2023\/09\/9-768x1111.jpg 768w, https:\/\/www.huelvaysusfotografos.com\/wp-content\/uploads\/2023\/09\/9.jpg 831w\" sizes=\"auto, (max-width: 708px) 100vw, 708px\" \/><\/a><\/figure>\n\n\n\n<figure class=\"wp-block-image size-large\"><a href=\"https:\/\/www.huelvaysusfotografos.com\/wp-content\/uploads\/2023\/09\/10.jpg\"><img loading=\"lazy\" decoding=\"async\" width=\"712\" height=\"1024\" data-id=\"13289\" src=\"https:\/\/www.huelvaysusfotografos.com\/wp-content\/uploads\/2023\/09\/10-712x1024.jpg\" alt=\"\" class=\"wp-image-13289\" srcset=\"https:\/\/www.huelvaysusfotografos.com\/wp-content\/uploads\/2023\/09\/10-712x1024.jpg 712w, https:\/\/www.huelvaysusfotografos.com\/wp-content\/uploads\/2023\/09\/10-209x300.jpg 209w, https:\/\/www.huelvaysusfotografos.com\/wp-content\/uploads\/2023\/09\/10-768x1104.jpg 768w, https:\/\/www.huelvaysusfotografos.com\/wp-content\/uploads\/2023\/09\/10.jpg 834w\" sizes=\"auto, (max-width: 712px) 100vw, 712px\" \/><\/a><\/figure>\n\n\n\n<figure class=\"wp-block-image size-large\"><a href=\"https:\/\/www.huelvaysusfotografos.com\/wp-content\/uploads\/2023\/09\/11.jpg\"><img loading=\"lazy\" decoding=\"async\" width=\"1024\" height=\"768\" data-id=\"13290\" src=\"https:\/\/www.huelvaysusfotografos.com\/wp-content\/uploads\/2023\/09\/11-1024x768.jpg\" alt=\"\" class=\"wp-image-13290\" srcset=\"https:\/\/www.huelvaysusfotografos.com\/wp-content\/uploads\/2023\/09\/11-1024x768.jpg 1024w, https:\/\/www.huelvaysusfotografos.com\/wp-content\/uploads\/2023\/09\/11-300x225.jpg 300w, https:\/\/www.huelvaysusfotografos.com\/wp-content\/uploads\/2023\/09\/11-768x576.jpg 768w, https:\/\/www.huelvaysusfotografos.com\/wp-content\/uploads\/2023\/09\/11.jpg 1154w\" sizes=\"auto, (max-width: 1024px) 100vw, 1024px\" \/><\/a><\/figure>\n\n\n\n<figure class=\"wp-block-image size-large\"><a href=\"https:\/\/www.huelvaysusfotografos.com\/wp-content\/uploads\/2023\/09\/12.jpg\"><img loading=\"lazy\" decoding=\"async\" width=\"1024\" height=\"768\" data-id=\"13291\" src=\"https:\/\/www.huelvaysusfotografos.com\/wp-content\/uploads\/2023\/09\/12-1024x768.jpg\" alt=\"\" class=\"wp-image-13291\" srcset=\"https:\/\/www.huelvaysusfotografos.com\/wp-content\/uploads\/2023\/09\/12-1024x768.jpg 1024w, https:\/\/www.huelvaysusfotografos.com\/wp-content\/uploads\/2023\/09\/12-300x225.jpg 300w, https:\/\/www.huelvaysusfotografos.com\/wp-content\/uploads\/2023\/09\/12-768x576.jpg 768w, https:\/\/www.huelvaysusfotografos.com\/wp-content\/uploads\/2023\/09\/12.jpg 1154w\" sizes=\"auto, (max-width: 1024px) 100vw, 1024px\" \/><\/a><\/figure>\n\n\n\n<figure class=\"wp-block-image size-large\"><a href=\"https:\/\/www.huelvaysusfotografos.com\/wp-content\/uploads\/2023\/09\/13.jpg\"><img loading=\"lazy\" decoding=\"async\" width=\"1024\" height=\"768\" data-id=\"13293\" src=\"https:\/\/www.huelvaysusfotografos.com\/wp-content\/uploads\/2023\/09\/13-1024x768.jpg\" alt=\"\" class=\"wp-image-13293\" srcset=\"https:\/\/www.huelvaysusfotografos.com\/wp-content\/uploads\/2023\/09\/13-1024x768.jpg 1024w, https:\/\/www.huelvaysusfotografos.com\/wp-content\/uploads\/2023\/09\/13-300x225.jpg 300w, https:\/\/www.huelvaysusfotografos.com\/wp-content\/uploads\/2023\/09\/13-768x576.jpg 768w, https:\/\/www.huelvaysusfotografos.com\/wp-content\/uploads\/2023\/09\/13.jpg 1154w\" sizes=\"auto, (max-width: 1024px) 100vw, 1024px\" \/><\/a><\/figure>\n\n\n\n<figure class=\"wp-block-image size-large\"><a href=\"https:\/\/www.huelvaysusfotografos.com\/wp-content\/uploads\/2023\/09\/14.jpg\"><img loading=\"lazy\" decoding=\"async\" width=\"1024\" height=\"768\" data-id=\"13292\" src=\"https:\/\/www.huelvaysusfotografos.com\/wp-content\/uploads\/2023\/09\/14-1024x768.jpg\" alt=\"\" class=\"wp-image-13292\" srcset=\"https:\/\/www.huelvaysusfotografos.com\/wp-content\/uploads\/2023\/09\/14-1024x768.jpg 1024w, https:\/\/www.huelvaysusfotografos.com\/wp-content\/uploads\/2023\/09\/14-300x225.jpg 300w, https:\/\/www.huelvaysusfotografos.com\/wp-content\/uploads\/2023\/09\/14-768x576.jpg 768w, https:\/\/www.huelvaysusfotografos.com\/wp-content\/uploads\/2023\/09\/14.jpg 1154w\" sizes=\"auto, (max-width: 1024px) 100vw, 1024px\" \/><\/a><\/figure>\n\n\n\n<figure class=\"wp-block-image size-large\"><a href=\"https:\/\/www.huelvaysusfotografos.com\/wp-content\/uploads\/2023\/09\/15.jpg\"><img loading=\"lazy\" decoding=\"async\" width=\"1024\" height=\"768\" data-id=\"13294\" src=\"https:\/\/www.huelvaysusfotografos.com\/wp-content\/uploads\/2023\/09\/15-1024x768.jpg\" alt=\"\" class=\"wp-image-13294\" srcset=\"https:\/\/www.huelvaysusfotografos.com\/wp-content\/uploads\/2023\/09\/15-1024x768.jpg 1024w, https:\/\/www.huelvaysusfotografos.com\/wp-content\/uploads\/2023\/09\/15-300x225.jpg 300w, https:\/\/www.huelvaysusfotografos.com\/wp-content\/uploads\/2023\/09\/15-768x576.jpg 768w, https:\/\/www.huelvaysusfotografos.com\/wp-content\/uploads\/2023\/09\/15.jpg 1154w\" sizes=\"auto, (max-width: 1024px) 100vw, 1024px\" \/><\/a><\/figure>\n\n\n\n<figure class=\"wp-block-image size-large\"><a href=\"https:\/\/www.huelvaysusfotografos.com\/wp-content\/uploads\/2023\/09\/377533689_10211443889289704_8470481207331887428_n.jpg\"><img loading=\"lazy\" decoding=\"async\" width=\"635\" height=\"1024\" data-id=\"13295\" src=\"https:\/\/www.huelvaysusfotografos.com\/wp-content\/uploads\/2023\/09\/377533689_10211443889289704_8470481207331887428_n-635x1024.jpg\" alt=\"\" class=\"wp-image-13295\" srcset=\"https:\/\/www.huelvaysusfotografos.com\/wp-content\/uploads\/2023\/09\/377533689_10211443889289704_8470481207331887428_n-635x1024.jpg 635w, https:\/\/www.huelvaysusfotografos.com\/wp-content\/uploads\/2023\/09\/377533689_10211443889289704_8470481207331887428_n-186x300.jpg 186w, https:\/\/www.huelvaysusfotografos.com\/wp-content\/uploads\/2023\/09\/377533689_10211443889289704_8470481207331887428_n-768x1239.jpg 768w, https:\/\/www.huelvaysusfotografos.com\/wp-content\/uploads\/2023\/09\/377533689_10211443889289704_8470481207331887428_n.jpg 787w\" sizes=\"auto, (max-width: 635px) 100vw, 635px\" \/><\/a><\/figure>\n<\/figure>\n","protected":false},"excerpt":{"rendered":"<p>En la tarde noche de ayer 11 de septiembre inaugur\u00e1bamos la exposici\u00f3n colectiva del Oto\u00f1o cultural Iberoamericano en la centro cultural Jose Luis Garc\u00eda Palacios de la calle Mora Claros en Huelva. Un acto que cont\u00f3 con la presencia de Mar\u00eda Luisa Garc\u00eda-Palacios \u00c1lvarez en nombre de la Fundaci\u00f3n de la Caja Rural del Sur, Jaime de Vicente, director del Oto\u00f1o Cultural Iberoamericano, Manuel Pascual Bonaque, Presidente de Accof, Jos\u00e9<\/p>\n<div class=\"belowpost\"><a class=\"btnmore\" href=\"https:\/\/www.huelvaysusfotografos.com\/?p=13277\">Seguir leyendo<\/a><\/div>\n","protected":false},"author":8279,"featured_media":13296,"comment_status":"open","ping_status":"open","sticky":false,"template":"","format":"standard","meta":{"footnotes":"","_links_to":"","_links_to_target":""},"categories":[23],"tags":[],"class_list":["post-13277","post","type-post","status-publish","format-standard","has-post-thumbnail","hentry","category-exposiciones"],"_links":{"self":[{"href":"https:\/\/www.huelvaysusfotografos.com\/index.php?rest_route=\/wp\/v2\/posts\/13277","targetHints":{"allow":["GET"]}}],"collection":[{"href":"https:\/\/www.huelvaysusfotografos.com\/index.php?rest_route=\/wp\/v2\/posts"}],"about":[{"href":"https:\/\/www.huelvaysusfotografos.com\/index.php?rest_route=\/wp\/v2\/types\/post"}],"author":[{"embeddable":true,"href":"https:\/\/www.huelvaysusfotografos.com\/index.php?rest_route=\/wp\/v2\/users\/8279"}],"replies":[{"embeddable":true,"href":"https:\/\/www.huelvaysusfotografos.com\/index.php?rest_route=%2Fwp%2Fv2%2Fcomments&post=13277"}],"version-history":[{"count":4,"href":"https:\/\/www.huelvaysusfotografos.com\/index.php?rest_route=\/wp\/v2\/posts\/13277\/revisions"}],"predecessor-version":[{"id":13302,"href":"https:\/\/www.huelvaysusfotografos.com\/index.php?rest_route=\/wp\/v2\/posts\/13277\/revisions\/13302"}],"wp:featuredmedia":[{"embeddable":true,"href":"https:\/\/www.huelvaysusfotografos.com\/index.php?rest_route=\/wp\/v2\/media\/13296"}],"wp:attachment":[{"href":"https:\/\/www.huelvaysusfotografos.com\/index.php?rest_route=%2Fwp%2Fv2%2Fmedia&parent=13277"}],"wp:term":[{"taxonomy":"category","embeddable":true,"href":"https:\/\/www.huelvaysusfotografos.com\/index.php?rest_route=%2Fwp%2Fv2%2Fcategories&post=13277"},{"taxonomy":"post_tag","embeddable":true,"href":"https:\/\/www.huelvaysusfotografos.com\/index.php?rest_route=%2Fwp%2Fv2%2Ftags&post=13277"}],"curies":[{"name":"wp","href":"https:\/\/api.w.org\/{rel}","templated":true}]}}