{"id":13264,"date":"2023-09-01T23:05:22","date_gmt":"2023-09-01T21:05:22","guid":{"rendered":"https:\/\/www.huelvaysusfotografos.com\/?p=13264"},"modified":"2023-09-01T23:05:25","modified_gmt":"2023-09-01T21:05:25","slug":"superluna-azul-en-las-salinas-del-duque","status":"publish","type":"post","link":"https:\/\/www.huelvaysusfotografos.com\/?p=13264","title":{"rendered":"Superluna Azul en las Salinas del Duque."},"content":{"rendered":"\n<p>La salida del \u00faltimo d\u00eda del mes de agosto, nos llev\u00f3 a las salinas del Duque, junto a la localidad ayamontina de Punta del Moral.<\/p>\n\n\n\n<p>M\u00e1s de una treintena de amantes de la fotograf\u00eda, nos desplazamos de distintos puntos de la provincia, para fotografiar la segunda superluna del mes de Agosto. Tambi\u00e9n llamada Luna Azul.<\/p>\n\n\n\n<p>Una magnifica planificaci\u00f3n de nuestro compa\u00f1ero Juan Antonio D\u00e1vila y un horario meticuloso, nos llev\u00f3 al sitio adecuado para sacar la foto que busc\u00e1bamos, junto enfrente del faro de Isla Cristina, en un entorno natural envidiable. <\/p>\n\n\n\n<p>Aqu\u00ed les dejamos algunas de las tomas de esta magnifica jornada fotogr\u00e1fica, de agradable rato y una post fotograf\u00eda de charla con las viandas que llev\u00e1bamos. <\/p>\n\n\n\n<p>Pronto tendremos otra quedada, vayan preparando las c\u00e1maras&#8230; <\/p>\n\n\n\n<figure class=\"wp-block-image size-large\"><a href=\"https:\/\/www.huelvaysusfotografos.com\/wp-content\/uploads\/2023\/09\/FOTO-DE-GRUPO-1.jpg\"><img loading=\"lazy\" decoding=\"async\" width=\"1024\" height=\"682\" src=\"https:\/\/www.huelvaysusfotografos.com\/wp-content\/uploads\/2023\/09\/FOTO-DE-GRUPO-1-1024x682.jpg\" alt=\"\" class=\"wp-image-13265\" srcset=\"https:\/\/www.huelvaysusfotografos.com\/wp-content\/uploads\/2023\/09\/FOTO-DE-GRUPO-1-1024x682.jpg 1024w, https:\/\/www.huelvaysusfotografos.com\/wp-content\/uploads\/2023\/09\/FOTO-DE-GRUPO-1-300x200.jpg 300w, https:\/\/www.huelvaysusfotografos.com\/wp-content\/uploads\/2023\/09\/FOTO-DE-GRUPO-1-768x512.jpg 768w, https:\/\/www.huelvaysusfotografos.com\/wp-content\/uploads\/2023\/09\/FOTO-DE-GRUPO-1-1536x1023.jpg 1536w, https:\/\/www.huelvaysusfotografos.com\/wp-content\/uploads\/2023\/09\/FOTO-DE-GRUPO-1.jpg 1600w\" sizes=\"auto, (max-width: 1024px) 100vw, 1024px\" \/><\/a><\/figure>\n\n\n\n<figure class=\"wp-block-image size-large\"><a href=\"https:\/\/www.huelvaysusfotografos.com\/wp-content\/uploads\/2023\/09\/1.jpg\"><img loading=\"lazy\" decoding=\"async\" width=\"1024\" height=\"377\" src=\"https:\/\/www.huelvaysusfotografos.com\/wp-content\/uploads\/2023\/09\/1-1024x377.jpg\" alt=\"\" class=\"wp-image-13270\" srcset=\"https:\/\/www.huelvaysusfotografos.com\/wp-content\/uploads\/2023\/09\/1-1024x377.jpg 1024w, https:\/\/www.huelvaysusfotografos.com\/wp-content\/uploads\/2023\/09\/1-300x110.jpg 300w, https:\/\/www.huelvaysusfotografos.com\/wp-content\/uploads\/2023\/09\/1-768x283.jpg 768w, https:\/\/www.huelvaysusfotografos.com\/wp-content\/uploads\/2023\/09\/1-1536x565.jpg 1536w, https:\/\/www.huelvaysusfotografos.com\/wp-content\/uploads\/2023\/09\/1.jpg 1600w\" sizes=\"auto, (max-width: 1024px) 100vw, 1024px\" \/><\/a><\/figure>\n\n\n\n<figure class=\"wp-block-image size-large\"><a href=\"https:\/\/www.huelvaysusfotografos.com\/wp-content\/uploads\/2023\/09\/2.jpg\"><img loading=\"lazy\" decoding=\"async\" width=\"683\" height=\"1024\" src=\"https:\/\/www.huelvaysusfotografos.com\/wp-content\/uploads\/2023\/09\/2-683x1024.jpg\" alt=\"\" class=\"wp-image-13268\" srcset=\"https:\/\/www.huelvaysusfotografos.com\/wp-content\/uploads\/2023\/09\/2-683x1024.jpg 683w, https:\/\/www.huelvaysusfotografos.com\/wp-content\/uploads\/2023\/09\/2-200x300.jpg 200w, https:\/\/www.huelvaysusfotografos.com\/wp-content\/uploads\/2023\/09\/2-768x1152.jpg 768w, https:\/\/www.huelvaysusfotografos.com\/wp-content\/uploads\/2023\/09\/2.jpg 1000w\" sizes=\"auto, (max-width: 683px) 100vw, 683px\" \/><\/a><\/figure>\n\n\n\n<figure class=\"wp-block-image size-large\"><a href=\"https:\/\/www.huelvaysusfotografos.com\/wp-content\/uploads\/2023\/09\/3.jpg\"><img loading=\"lazy\" decoding=\"async\" width=\"801\" height=\"1024\" src=\"https:\/\/www.huelvaysusfotografos.com\/wp-content\/uploads\/2023\/09\/3-801x1024.jpg\" alt=\"\" class=\"wp-image-13272\" srcset=\"https:\/\/www.huelvaysusfotografos.com\/wp-content\/uploads\/2023\/09\/3-801x1024.jpg 801w, https:\/\/www.huelvaysusfotografos.com\/wp-content\/uploads\/2023\/09\/3-235x300.jpg 235w, https:\/\/www.huelvaysusfotografos.com\/wp-content\/uploads\/2023\/09\/3-768x981.jpg 768w, https:\/\/www.huelvaysusfotografos.com\/wp-content\/uploads\/2023\/09\/3-1202x1536.jpg 1202w, https:\/\/www.huelvaysusfotografos.com\/wp-content\/uploads\/2023\/09\/3.jpg 1252w\" sizes=\"auto, (max-width: 801px) 100vw, 801px\" \/><\/a><\/figure>\n\n\n\n<figure class=\"wp-block-image size-large\"><a href=\"https:\/\/www.huelvaysusfotografos.com\/wp-content\/uploads\/2023\/09\/4.jpg\"><img loading=\"lazy\" decoding=\"async\" width=\"1024\" height=\"682\" src=\"https:\/\/www.huelvaysusfotografos.com\/wp-content\/uploads\/2023\/09\/4-1024x682.jpg\" alt=\"\" class=\"wp-image-13271\" srcset=\"https:\/\/www.huelvaysusfotografos.com\/wp-content\/uploads\/2023\/09\/4-1024x682.jpg 1024w, https:\/\/www.huelvaysusfotografos.com\/wp-content\/uploads\/2023\/09\/4-300x200.jpg 300w, https:\/\/www.huelvaysusfotografos.com\/wp-content\/uploads\/2023\/09\/4-768x512.jpg 768w, https:\/\/www.huelvaysusfotografos.com\/wp-content\/uploads\/2023\/09\/4-1536x1023.jpg 1536w, https:\/\/www.huelvaysusfotografos.com\/wp-content\/uploads\/2023\/09\/4.jpg 1600w\" sizes=\"auto, (max-width: 1024px) 100vw, 1024px\" \/><\/a><\/figure>\n\n\n\n<figure class=\"wp-block-image size-large\"><a href=\"https:\/\/www.huelvaysusfotografos.com\/wp-content\/uploads\/2023\/09\/5.jpg\"><img loading=\"lazy\" decoding=\"async\" width=\"1024\" height=\"682\" src=\"https:\/\/www.huelvaysusfotografos.com\/wp-content\/uploads\/2023\/09\/5-1024x682.jpg\" alt=\"\" class=\"wp-image-13267\" srcset=\"https:\/\/www.huelvaysusfotografos.com\/wp-content\/uploads\/2023\/09\/5-1024x682.jpg 1024w, https:\/\/www.huelvaysusfotografos.com\/wp-content\/uploads\/2023\/09\/5-300x200.jpg 300w, https:\/\/www.huelvaysusfotografos.com\/wp-content\/uploads\/2023\/09\/5-768x512.jpg 768w, https:\/\/www.huelvaysusfotografos.com\/wp-content\/uploads\/2023\/09\/5-1536x1023.jpg 1536w, https:\/\/www.huelvaysusfotografos.com\/wp-content\/uploads\/2023\/09\/5.jpg 1600w\" sizes=\"auto, (max-width: 1024px) 100vw, 1024px\" \/><\/a><\/figure>\n\n\n\n<figure class=\"wp-block-image size-large\"><a href=\"https:\/\/www.huelvaysusfotografos.com\/wp-content\/uploads\/2023\/09\/6.jpg\"><img loading=\"lazy\" decoding=\"async\" width=\"1024\" height=\"915\" src=\"https:\/\/www.huelvaysusfotografos.com\/wp-content\/uploads\/2023\/09\/6-1024x915.jpg\" alt=\"\" class=\"wp-image-13269\" srcset=\"https:\/\/www.huelvaysusfotografos.com\/wp-content\/uploads\/2023\/09\/6-1024x915.jpg 1024w, https:\/\/www.huelvaysusfotografos.com\/wp-content\/uploads\/2023\/09\/6-300x268.jpg 300w, https:\/\/www.huelvaysusfotografos.com\/wp-content\/uploads\/2023\/09\/6-768x686.jpg 768w, https:\/\/www.huelvaysusfotografos.com\/wp-content\/uploads\/2023\/09\/6-1536x1373.jpg 1536w, https:\/\/www.huelvaysusfotografos.com\/wp-content\/uploads\/2023\/09\/6.jpg 1600w\" sizes=\"auto, (max-width: 1024px) 100vw, 1024px\" \/><\/a><\/figure>\n\n\n\n<figure class=\"wp-block-image size-large\"><a href=\"https:\/\/www.huelvaysusfotografos.com\/wp-content\/uploads\/2023\/09\/7.jpg\"><img loading=\"lazy\" decoding=\"async\" width=\"789\" height=\"1024\" src=\"https:\/\/www.huelvaysusfotografos.com\/wp-content\/uploads\/2023\/09\/7-789x1024.jpg\" alt=\"\" class=\"wp-image-13273\" srcset=\"https:\/\/www.huelvaysusfotografos.com\/wp-content\/uploads\/2023\/09\/7-789x1024.jpg 789w, https:\/\/www.huelvaysusfotografos.com\/wp-content\/uploads\/2023\/09\/7-231x300.jpg 231w, https:\/\/www.huelvaysusfotografos.com\/wp-content\/uploads\/2023\/09\/7-768x996.jpg 768w, https:\/\/www.huelvaysusfotografos.com\/wp-content\/uploads\/2023\/09\/7.jpg 1124w\" sizes=\"auto, (max-width: 789px) 100vw, 789px\" \/><\/a><\/figure>\n\n\n\n<figure class=\"wp-block-image size-large\"><a href=\"https:\/\/www.huelvaysusfotografos.com\/wp-content\/uploads\/2023\/09\/8.jpg\"><img loading=\"lazy\" decoding=\"async\" width=\"683\" height=\"1024\" src=\"https:\/\/www.huelvaysusfotografos.com\/wp-content\/uploads\/2023\/09\/8-683x1024.jpg\" alt=\"\" class=\"wp-image-13274\" srcset=\"https:\/\/www.huelvaysusfotografos.com\/wp-content\/uploads\/2023\/09\/8-683x1024.jpg 683w, https:\/\/www.huelvaysusfotografos.com\/wp-content\/uploads\/2023\/09\/8-200x300.jpg 200w, https:\/\/www.huelvaysusfotografos.com\/wp-content\/uploads\/2023\/09\/8-768x1152.jpg 768w, https:\/\/www.huelvaysusfotografos.com\/wp-content\/uploads\/2023\/09\/8-1024x1536.jpg 1024w, https:\/\/www.huelvaysusfotografos.com\/wp-content\/uploads\/2023\/09\/8.jpg 1365w\" sizes=\"auto, (max-width: 683px) 100vw, 683px\" \/><\/a><\/figure>\n","protected":false},"excerpt":{"rendered":"<p>La salida del \u00faltimo d\u00eda del mes de agosto, nos llev\u00f3 a las salinas del Duque, junto a la localidad ayamontina de Punta del Moral. M\u00e1s de una treintena de amantes de la fotograf\u00eda, nos desplazamos de distintos puntos de la provincia, para fotografiar la segunda superluna del mes de Agosto. Tambi\u00e9n llamada Luna Azul. Una magnifica planificaci\u00f3n de nuestro compa\u00f1ero Juan Antonio D\u00e1vila y un horario meticuloso, nos llev\u00f3<\/p>\n<div class=\"belowpost\"><a class=\"btnmore\" href=\"https:\/\/www.huelvaysusfotografos.com\/?p=13264\">Seguir leyendo<\/a><\/div>\n","protected":false},"author":8279,"featured_media":13266,"comment_status":"open","ping_status":"open","sticky":false,"template":"","format":"standard","meta":{"footnotes":"","_links_to":"","_links_to_target":""},"categories":[4,6],"tags":[],"class_list":["post-13264","post","type-post","status-publish","format-standard","has-post-thumbnail","hentry","category-actividades","category-quedadas"],"_links":{"self":[{"href":"https:\/\/www.huelvaysusfotografos.com\/index.php?rest_route=\/wp\/v2\/posts\/13264","targetHints":{"allow":["GET"]}}],"collection":[{"href":"https:\/\/www.huelvaysusfotografos.com\/index.php?rest_route=\/wp\/v2\/posts"}],"about":[{"href":"https:\/\/www.huelvaysusfotografos.com\/index.php?rest_route=\/wp\/v2\/types\/post"}],"author":[{"embeddable":true,"href":"https:\/\/www.huelvaysusfotografos.com\/index.php?rest_route=\/wp\/v2\/users\/8279"}],"replies":[{"embeddable":true,"href":"https:\/\/www.huelvaysusfotografos.com\/index.php?rest_route=%2Fwp%2Fv2%2Fcomments&post=13264"}],"version-history":[{"count":1,"href":"https:\/\/www.huelvaysusfotografos.com\/index.php?rest_route=\/wp\/v2\/posts\/13264\/revisions"}],"predecessor-version":[{"id":13275,"href":"https:\/\/www.huelvaysusfotografos.com\/index.php?rest_route=\/wp\/v2\/posts\/13264\/revisions\/13275"}],"wp:featuredmedia":[{"embeddable":true,"href":"https:\/\/www.huelvaysusfotografos.com\/index.php?rest_route=\/wp\/v2\/media\/13266"}],"wp:attachment":[{"href":"https:\/\/www.huelvaysusfotografos.com\/index.php?rest_route=%2Fwp%2Fv2%2Fmedia&parent=13264"}],"wp:term":[{"taxonomy":"category","embeddable":true,"href":"https:\/\/www.huelvaysusfotografos.com\/index.php?rest_route=%2Fwp%2Fv2%2Fcategories&post=13264"},{"taxonomy":"post_tag","embeddable":true,"href":"https:\/\/www.huelvaysusfotografos.com\/index.php?rest_route=%2Fwp%2Fv2%2Ftags&post=13264"}],"curies":[{"name":"wp","href":"https:\/\/api.w.org\/{rel}","templated":true}]}}