{"id":13259,"date":"2023-09-01T16:21:06","date_gmt":"2023-09-01T14:21:06","guid":{"rendered":"https:\/\/www.huelvaysusfotografos.com\/?p=13259"},"modified":"2023-09-01T16:32:47","modified_gmt":"2023-09-01T14:32:47","slug":"entregamos-en-premio-del-reto-trimestral-a-pedro-ruiz-constantino","status":"publish","type":"post","link":"https:\/\/www.huelvaysusfotografos.com\/?p=13259","title":{"rendered":"Entregamos el premio del reto trimestral a Pedro Ruiz-Constantino"},"content":{"rendered":"\n<p>En la tarde noche de ayer hac\u00edamos entrega del premio al vencedor del reto semanal del primer trimestre que organiza la Asociaci\u00f3n Huelva y sus Fot\u00f3grafos.<\/p>\n\n\n\n<p>El premio reca\u00eda en nuestro compa\u00f1ero Pedro Ruiz-Constantino, con su foto de los peregrinos en el camino del Roc\u00edo. Una foto que compet\u00eda con todas las vencedoras de los retos semanales del trimestre comprendido en los meses de Abril, Mayo y Junio. <\/p>\n\n\n\n<p>Era la quedada de la Luna Azul donde nos encontr\u00e1bamos m\u00e1s de treinta aguerridos fot\u00f3grafos para plasmar este momento y fue all\u00ed donde le hicimos entrega de este premio, que a buen seguro disfrutar\u00e1 con su mujer Alicia. <\/p>\n\n\n\n<p>Enhorabuena y a seguir participando tod@s los soci@s para optar al premio del segundo reto semanal que esta en marcha desde el mes de Julio y acabar\u00e1 a finales de septiembre. <\/p>\n\n\n<div class=\"wp-block-image\">\n<figure class=\"aligncenter size-large\"><a href=\"https:\/\/www.huelvaysusfotografos.com\/wp-content\/uploads\/2023\/09\/PREMIO-VENCEDOR-DEL-PRIMER-TRIMESTRE-PEDRO-RUIZ-1.jpg\"><img loading=\"lazy\" decoding=\"async\" width=\"684\" height=\"1024\" src=\"https:\/\/www.huelvaysusfotografos.com\/wp-content\/uploads\/2023\/09\/PREMIO-VENCEDOR-DEL-PRIMER-TRIMESTRE-PEDRO-RUIZ-1-684x1024.jpg\" alt=\"\" class=\"wp-image-13261\" srcset=\"https:\/\/www.huelvaysusfotografos.com\/wp-content\/uploads\/2023\/09\/PREMIO-VENCEDOR-DEL-PRIMER-TRIMESTRE-PEDRO-RUIZ-1-684x1024.jpg 684w, https:\/\/www.huelvaysusfotografos.com\/wp-content\/uploads\/2023\/09\/PREMIO-VENCEDOR-DEL-PRIMER-TRIMESTRE-PEDRO-RUIZ-1-200x300.jpg 200w, https:\/\/www.huelvaysusfotografos.com\/wp-content\/uploads\/2023\/09\/PREMIO-VENCEDOR-DEL-PRIMER-TRIMESTRE-PEDRO-RUIZ-1-768x1149.jpg 768w, https:\/\/www.huelvaysusfotografos.com\/wp-content\/uploads\/2023\/09\/PREMIO-VENCEDOR-DEL-PRIMER-TRIMESTRE-PEDRO-RUIZ-1-1026x1536.jpg 1026w, https:\/\/www.huelvaysusfotografos.com\/wp-content\/uploads\/2023\/09\/PREMIO-VENCEDOR-DEL-PRIMER-TRIMESTRE-PEDRO-RUIZ-1.jpg 1069w\" sizes=\"auto, (max-width: 684px) 100vw, 684px\" \/><\/a><\/figure>\n<\/div>","protected":false},"excerpt":{"rendered":"<p>En la tarde noche de ayer hac\u00edamos entrega del premio al vencedor del reto semanal del primer trimestre que organiza la Asociaci\u00f3n Huelva y sus Fot\u00f3grafos. El premio reca\u00eda en nuestro compa\u00f1ero Pedro Ruiz-Constantino, con su foto de los peregrinos en el camino del Roc\u00edo. Una foto que compet\u00eda con todas las vencedoras de los retos semanales del trimestre comprendido en los meses de Abril, Mayo y Junio. Era la<\/p>\n<div class=\"belowpost\"><a class=\"btnmore\" href=\"https:\/\/www.huelvaysusfotografos.com\/?p=13259\">Seguir leyendo<\/a><\/div>\n","protected":false},"author":8279,"featured_media":13260,"comment_status":"open","ping_status":"open","sticky":false,"template":"","format":"standard","meta":{"footnotes":"","_links_to":"","_links_to_target":""},"categories":[53],"tags":[],"class_list":["post-13259","post","type-post","status-publish","format-standard","has-post-thumbnail","hentry","category-premios"],"_links":{"self":[{"href":"https:\/\/www.huelvaysusfotografos.com\/index.php?rest_route=\/wp\/v2\/posts\/13259","targetHints":{"allow":["GET"]}}],"collection":[{"href":"https:\/\/www.huelvaysusfotografos.com\/index.php?rest_route=\/wp\/v2\/posts"}],"about":[{"href":"https:\/\/www.huelvaysusfotografos.com\/index.php?rest_route=\/wp\/v2\/types\/post"}],"author":[{"embeddable":true,"href":"https:\/\/www.huelvaysusfotografos.com\/index.php?rest_route=\/wp\/v2\/users\/8279"}],"replies":[{"embeddable":true,"href":"https:\/\/www.huelvaysusfotografos.com\/index.php?rest_route=%2Fwp%2Fv2%2Fcomments&post=13259"}],"version-history":[{"count":2,"href":"https:\/\/www.huelvaysusfotografos.com\/index.php?rest_route=\/wp\/v2\/posts\/13259\/revisions"}],"predecessor-version":[{"id":13263,"href":"https:\/\/www.huelvaysusfotografos.com\/index.php?rest_route=\/wp\/v2\/posts\/13259\/revisions\/13263"}],"wp:featuredmedia":[{"embeddable":true,"href":"https:\/\/www.huelvaysusfotografos.com\/index.php?rest_route=\/wp\/v2\/media\/13260"}],"wp:attachment":[{"href":"https:\/\/www.huelvaysusfotografos.com\/index.php?rest_route=%2Fwp%2Fv2%2Fmedia&parent=13259"}],"wp:term":[{"taxonomy":"category","embeddable":true,"href":"https:\/\/www.huelvaysusfotografos.com\/index.php?rest_route=%2Fwp%2Fv2%2Fcategories&post=13259"},{"taxonomy":"post_tag","embeddable":true,"href":"https:\/\/www.huelvaysusfotografos.com\/index.php?rest_route=%2Fwp%2Fv2%2Ftags&post=13259"}],"curies":[{"name":"wp","href":"https:\/\/api.w.org\/{rel}","templated":true}]}}