{"id":13257,"date":"2023-08-29T21:41:35","date_gmt":"2023-08-29T19:41:35","guid":{"rendered":"https:\/\/www.huelvaysusfotografos.com\/?p=13257"},"modified":"2023-08-29T21:41:37","modified_gmt":"2023-08-29T19:41:37","slug":"reto-semanal-mes-de-septiembre","status":"publish","type":"post","link":"https:\/\/www.huelvaysusfotografos.com\/?p=13257","title":{"rendered":"Reto semanal mes de Septiembre."},"content":{"rendered":"\n<p>Buenas tardes a tod@s<\/p>\n\n\n\n<p>Empezamos la sexta parte del reto, las correspondientes del mes de Septiembre. Como bien saben el reto es trimestral para tener el primer ganador absoluto del trimestre.<\/p>\n\n\n\n<p>Tal como recogen las bases del concurso va dirigido a los soci@s de Huelva y sus Fot\u00f3grafos.<\/p>\n\n\n\n<p>En dicho concurso pretendemos incentivar la participaci\u00f3n y la puesta en marcha de nuestras dotes art\u00edsticas, que bien empleamos diariamente en los trabajos realizados.<\/p>\n\n\n\n<p>Se trata de un concurso creativo donde cada semana se propondr\u00e1 un reto. Cada socio podr\u00e1 enviar una foto, que ha de ser in\u00e9dita y obviamente no habr\u00e1 sido presentada en otros concursos.<\/p>\n\n\n\n<p>Las fotos ir\u00e1n sin firma ni marca de agua. La Participaci\u00f3n en este concurso implica la aceptaci\u00f3n de las bases que se recogen en el Reto Semanal que se present\u00f3 hace varios d\u00edas.<\/p>\n\n\n\n<p>Los retos de las pr\u00f3ximas semanas del mes de Septiembre son los siguientes;<\/p>\n\n\n\n<p><em><u>1 semana, del 4 al 10 de septiembre<\/u><\/em>.-&nbsp;<strong>Huelva Marinera<\/strong><\/p>\n\n\n\n<p><em><u>2 semana, del 11 al 17 de septiembre<\/u><\/em>.- <strong>Fiestas de La Cinta<\/strong><\/p>\n\n\n\n<p><em><u>3 semana, del 18 al 24 de septiembre<\/u><\/em>.-&nbsp;<strong>Vuelta al Cole<\/strong><\/p>\n\n\n\n<p><em><u>4 semana, del 25 de septiembre&nbsp; al 1 de octubre<\/u><\/em>.-&nbsp;<strong>Las Salinas de Huelva<\/strong><\/p>\n\n\n\n<p>De entre todas estas fotos presentadas saldr\u00e1 la foto vencedora del mes de septiembre, que competir\u00e1 con las otras de los meses de julio y agosto.<\/p>\n\n\n\n<p>Suerte a tod@s, esperamos vuestras fotos.<\/p>\n","protected":false},"excerpt":{"rendered":"<p>Buenas tardes a tod@s Empezamos la sexta parte del reto, las correspondientes del mes de Septiembre. Como bien saben el reto es trimestral para tener el primer ganador absoluto del trimestre. Tal como recogen las bases del concurso va dirigido a los soci@s de Huelva y sus Fot\u00f3grafos. En dicho concurso pretendemos incentivar la participaci\u00f3n y la puesta en marcha de nuestras dotes art\u00edsticas, que bien empleamos diariamente en los<\/p>\n<div class=\"belowpost\"><a class=\"btnmore\" href=\"https:\/\/www.huelvaysusfotografos.com\/?p=13257\">Seguir leyendo<\/a><\/div>\n","protected":false},"author":8279,"featured_media":12655,"comment_status":"open","ping_status":"open","sticky":false,"template":"","format":"standard","meta":{"footnotes":"","_links_to":"","_links_to_target":""},"categories":[12],"tags":[],"class_list":["post-13257","post","type-post","status-publish","format-standard","has-post-thumbnail","hentry","category-concursos"],"_links":{"self":[{"href":"https:\/\/www.huelvaysusfotografos.com\/index.php?rest_route=\/wp\/v2\/posts\/13257","targetHints":{"allow":["GET"]}}],"collection":[{"href":"https:\/\/www.huelvaysusfotografos.com\/index.php?rest_route=\/wp\/v2\/posts"}],"about":[{"href":"https:\/\/www.huelvaysusfotografos.com\/index.php?rest_route=\/wp\/v2\/types\/post"}],"author":[{"embeddable":true,"href":"https:\/\/www.huelvaysusfotografos.com\/index.php?rest_route=\/wp\/v2\/users\/8279"}],"replies":[{"embeddable":true,"href":"https:\/\/www.huelvaysusfotografos.com\/index.php?rest_route=%2Fwp%2Fv2%2Fcomments&post=13257"}],"version-history":[{"count":1,"href":"https:\/\/www.huelvaysusfotografos.com\/index.php?rest_route=\/wp\/v2\/posts\/13257\/revisions"}],"predecessor-version":[{"id":13258,"href":"https:\/\/www.huelvaysusfotografos.com\/index.php?rest_route=\/wp\/v2\/posts\/13257\/revisions\/13258"}],"wp:featuredmedia":[{"embeddable":true,"href":"https:\/\/www.huelvaysusfotografos.com\/index.php?rest_route=\/wp\/v2\/media\/12655"}],"wp:attachment":[{"href":"https:\/\/www.huelvaysusfotografos.com\/index.php?rest_route=%2Fwp%2Fv2%2Fmedia&parent=13257"}],"wp:term":[{"taxonomy":"category","embeddable":true,"href":"https:\/\/www.huelvaysusfotografos.com\/index.php?rest_route=%2Fwp%2Fv2%2Fcategories&post=13257"},{"taxonomy":"post_tag","embeddable":true,"href":"https:\/\/www.huelvaysusfotografos.com\/index.php?rest_route=%2Fwp%2Fv2%2Ftags&post=13257"}],"curies":[{"name":"wp","href":"https:\/\/api.w.org\/{rel}","templated":true}]}}