{"id":1325,"date":"2013-04-11T20:46:58","date_gmt":"2013-04-11T19:46:58","guid":{"rendered":"http:\/\/www.huelvaysusfotografos.com\/?p=1325"},"modified":"2013-04-29T16:21:48","modified_gmt":"2013-04-29T15:21:48","slug":"historia-de-la-fotografia-antecedentes","status":"publish","type":"post","link":"https:\/\/www.huelvaysusfotografos.com\/?p=1325","title":{"rendered":"Historia de la fotograf\u00eda &#8211; Cap\u00edtulo 1:  \u00abAntecedentes\u00bb"},"content":{"rendered":"<h2><span style=\"text-decoration: underline;\">CAMARA OSCURA<\/span><a href=\"https:\/\/www.huelvaysusfotografos.com\/wp-content\/uploads\/2013\/04\/1.jpg\" target=\"_blank\"><img loading=\"lazy\" decoding=\"async\" class=\"size-medium wp-image-1326 alignright\" alt=\"\" src=\"https:\/\/www.huelvaysusfotografos.com\/wp-content\/uploads\/2013\/04\/1-300x160.jpg\" width=\"300\" height=\"160\" srcset=\"https:\/\/www.huelvaysusfotografos.com\/wp-content\/uploads\/2013\/04\/1-300x160.jpg 300w, https:\/\/www.huelvaysusfotografos.com\/wp-content\/uploads\/2013\/04\/1-768x411.jpg 768w, https:\/\/www.huelvaysusfotografos.com\/wp-content\/uploads\/2013\/04\/1.jpg 864w\" sizes=\"auto, (max-width: 300px) 100vw, 300px\" \/><\/a><\/h2>\n<p>La c\u00e1mara oscura, fue inventada para ayudarse en la elaboraci\u00f3n de sus bocetos y pinturas.<br \/>\nDescubrieron que la luz que penetra por un ag\u00fcero min\u00fasculo, desde la pared de una habitaci\u00f3n, totalmente a oscura, formaba sobre la pared opuesta una imagen invertida de lo que hubiera en el exterior.<\/p>\n<p>&#8211;\u00a0\u00a0\u00a0 S. XVI: D. Barbaro demostr\u00f3 que se pod\u00eda obtener una imagen m\u00e1s brillante colocando una lente en el lugar del orificio de entrada.<br \/>\n&#8211;\u00a0\u00a0 \u00a0S.XVIII: las c\u00e1maras oscuras mejoraron lo suficiente para que se convirtieran en equipamiento habitual de dibujantes.<br \/>\n&#8211;\u00a0\u00a0 \u00a0El naturalista alem\u00e1n Johann-Heinrich Schulze en 1727 observ\u00f3 que determinadas sustancias o compuestos son sensibles a la luz.<br \/>\n&#8211;\u00a0\u00a0\u00a0\u00a0 Al terminar el siglo XVIII, el medio de atrapar la dif\u00edcil imagen de la c\u00e1mara oscura exist\u00eda ya en forma latente.<\/p>\n<p><!--more--><br \/>\nR\u00e1pidamente se empez\u00f3 a extender, y la clase media quer\u00eda retratos, y con los medios existentes cualquiera pod\u00eda convertirse en un dibujante.<\/p>\n<p><a href=\"https:\/\/www.huelvaysusfotografos.com\/wp-content\/uploads\/2013\/04\/2.jpg\" target=\"_blank\"><img loading=\"lazy\" decoding=\"async\" class=\"size-medium wp-image-1327 alignleft\" alt=\"\" src=\"https:\/\/www.huelvaysusfotografos.com\/wp-content\/uploads\/2013\/04\/2-282x300.jpg\" width=\"282\" height=\"300\" srcset=\"https:\/\/www.huelvaysusfotografos.com\/wp-content\/uploads\/2013\/04\/2-282x300.jpg 282w, https:\/\/www.huelvaysusfotografos.com\/wp-content\/uploads\/2013\/04\/2.jpg 413w\" sizes=\"auto, (max-width: 282px) 100vw, 282px\" \/><\/a><\/p>\n<p>&nbsp;<\/p>\n<p>&#8211;\u00a0\u00a0 \u00a0La silhouette o silueta s\u00f3lo requer\u00eda la capacidad de trazar el borde de una sombra. &#8211;<\/p>\n<p>&#8211; \u00a0\u00a0 \u00a0El fisionotrazo, inventado por Gilles-Louis Chr\u00e9tien en 1786, era parecido pero con la ventaja de que se produc\u00eda una plancha en miniatura de cobre grabado y as\u00ed se pod\u00edan imprimir duplicados. El perfil del modelo quedaba trazado mediante un visor m\u00f3vil, comunicado con un estilete que registraba a escala reducida cada movimiento, marcando la tinta sobre una plancha de cobre, la cual era despu\u00e9s<br \/>\ngrabada.<a href=\"https:\/\/www.huelvaysusfotografos.com\/wp-content\/uploads\/2013\/04\/31.jpg\" target=\"_blank\"><img loading=\"lazy\" decoding=\"async\" class=\"size-medium wp-image-1328 alignright\" alt=\"\" src=\"https:\/\/www.huelvaysusfotografos.com\/wp-content\/uploads\/2013\/04\/31-300x208.jpg\" width=\"300\" height=\"208\" \/><\/a><\/p>\n<p>&#8211;\u00a0\u00a0 \u00a0S. XIX. La c\u00e1mara l\u00facida, dise\u00f1ada en 1807 por Wollaston, cient\u00edfico ingl\u00e9s, consist\u00eda en extender liso el papel del dibujo. Sobre \u00e9l se colocaba un prisma de vidrio, suspendido a nivel del ojo mediante un brazo de bronce. Mirando a trav\u00e9s de un orificio en el borde del prisma, el operador pod\u00eda ver al mismo tiempo el objeto a dibujar y el papel de dibujo, por lo que su l\u00e1piz quedaba orientado por esa imagen virtual. Pero incluso esta c\u00e1mara requer\u00eda cierto m\u00ednimo de habilidad para el dibujo.<\/p>\n<p>&#8211;\u00a0\u00a0 \u00a0Se inici\u00f3 (principios s.XIX) la carrera hacia el descubrimiento: conseguir que la luz misma fijara la imagen en la c\u00e1mara sin tener que dibujarla a mano.<\/p>\n<p>&#8211;\u00a0\u00a0 \u00a0Thomas Wedgwood fue la primera persona que intent\u00f3 registrar la imagen de la c\u00e1mara vali\u00e9ndose de la acci\u00f3n de la luz. Hijo de un famoso ceramista ingl\u00e9s, estaba familiarizado con el uso de la c\u00e1mara oscura, usada en alfarer\u00eda para hacer bocetos para decorar los platos. Conoc\u00eda tambi\u00e9n los descubrimientos de Schulze sobre la sensibilidad a la luz de las sales de plata. Poco antes de 1800 comenz\u00f3 sus experimentos, sensibilizando papel o cuero con nitrato de plata; encima colocaba objetos planos o transparencias pintadas y expon\u00eda el conjunto a la luz. Pero estos \u201cgrabados al sol\u201d no eran permanentes; s\u00f3lo al conservarlos en la oscuridad pod\u00eda impedirse que se volvieran totalmente negros.<br \/>\n&#8211;\u00a0\u00a0 \u00a0Su amigo Sir Humphrey Davy describi\u00f3 todo el proceso en los Journals of the Royal Institution en 1802.<br \/>\n&#8211;\u00a0\u00a0 \u00a0Ahora sabemos que el nitrato de plata es sensitivo a la luz s\u00f3lo en presencia de sustancias org\u00e1nicas, como el papel o el cuero, y su sensibilidad es m\u00e1s d\u00e9bil que la del cloruro de plata, por ejemplo.<\/p>\n","protected":false},"excerpt":{"rendered":"<p>CAMARA OSCURA La c\u00e1mara oscura, fue inventada para ayudarse en la elaboraci\u00f3n de sus bocetos y pinturas. Descubrieron que la luz que penetra por un ag\u00fcero min\u00fasculo, desde la pared de una habitaci\u00f3n, totalmente a oscura, formaba sobre la pared opuesta una imagen invertida de lo que hubiera en el exterior. &#8211;\u00a0\u00a0\u00a0 S. XVI: D. Barbaro demostr\u00f3 que se pod\u00eda obtener una imagen m\u00e1s brillante colocando una lente en el<\/p>\n<div class=\"belowpost\"><a class=\"btnmore\" href=\"https:\/\/www.huelvaysusfotografos.com\/?p=1325\">Seguir leyendo<\/a><\/div>\n","protected":false},"author":2,"featured_media":0,"comment_status":"open","ping_status":"open","sticky":false,"template":"","format":"standard","meta":{"footnotes":"","_links_to":"","_links_to_target":""},"categories":[54],"tags":[55,154],"class_list":["post-1325","post","type-post","status-publish","format-standard","hentry","category-historia","tag-camara-oscura","tag-historia"],"_links":{"self":[{"href":"https:\/\/www.huelvaysusfotografos.com\/index.php?rest_route=\/wp\/v2\/posts\/1325","targetHints":{"allow":["GET"]}}],"collection":[{"href":"https:\/\/www.huelvaysusfotografos.com\/index.php?rest_route=\/wp\/v2\/posts"}],"about":[{"href":"https:\/\/www.huelvaysusfotografos.com\/index.php?rest_route=\/wp\/v2\/types\/post"}],"author":[{"embeddable":true,"href":"https:\/\/www.huelvaysusfotografos.com\/index.php?rest_route=\/wp\/v2\/users\/2"}],"replies":[{"embeddable":true,"href":"https:\/\/www.huelvaysusfotografos.com\/index.php?rest_route=%2Fwp%2Fv2%2Fcomments&post=1325"}],"version-history":[{"count":15,"href":"https:\/\/www.huelvaysusfotografos.com\/index.php?rest_route=\/wp\/v2\/posts\/1325\/revisions"}],"predecessor-version":[{"id":1340,"href":"https:\/\/www.huelvaysusfotografos.com\/index.php?rest_route=\/wp\/v2\/posts\/1325\/revisions\/1340"}],"wp:attachment":[{"href":"https:\/\/www.huelvaysusfotografos.com\/index.php?rest_route=%2Fwp%2Fv2%2Fmedia&parent=1325"}],"wp:term":[{"taxonomy":"category","embeddable":true,"href":"https:\/\/www.huelvaysusfotografos.com\/index.php?rest_route=%2Fwp%2Fv2%2Fcategories&post=1325"},{"taxonomy":"post_tag","embeddable":true,"href":"https:\/\/www.huelvaysusfotografos.com\/index.php?rest_route=%2Fwp%2Fv2%2Ftags&post=1325"}],"curies":[{"name":"wp","href":"https:\/\/api.w.org\/{rel}","templated":true}]}}