{"id":12871,"date":"2023-06-16T17:48:06","date_gmt":"2023-06-16T15:48:06","guid":{"rendered":"https:\/\/www.huelvaysusfotografos.com\/?p=12871"},"modified":"2023-06-16T17:48:08","modified_gmt":"2023-06-16T15:48:08","slug":"paseo-en-catamaran-para-el-proximo-30-de-junio","status":"publish","type":"post","link":"https:\/\/www.huelvaysusfotografos.com\/?p=12871","title":{"rendered":"Paseo en Catamar\u00e1n para el pr\u00f3ximo 30 de junio."},"content":{"rendered":"\n<p>Nos vamos de paseo mar\u00edtimo, volvemos un a\u00f1o m\u00e1s a realizar una traves\u00eda n\u00e1utica gracias a la Autoridad Portuaria de Huelva, un paseo en Catamar\u00e1n por el R\u00edo Odiel y Marismas del Odiel, donde poder ver y disfrutar de los Parajes Naturales reserva de la Biosfera.<\/p>\n\n\n\n<p>Un paseo al atardecer para disfrutar de un paisaje espectacular y unos atardeceres \u00fanicos donde podremos dejar fluir nuestra imaginaci\u00f3n, c\u00e1mara en mano.<\/p>\n\n\n\n<p><strong>Evento<\/strong>.- Paseo en Catamar\u00e1n por R\u00edo Odiel y Marismas del Odiel.<\/p>\n\n\n\n<p><strong>D\u00eda.<\/strong>\u2013 &nbsp;Viernes 30 de junio de 2023<\/p>\n\n\n\n<p><strong>Hora.<\/strong>\u2013 &nbsp;Salida a las 20.00 horas, llegada a las 22.00 horas.<\/p>\n\n\n\n<p><strong>Lugar de salida<\/strong>.- &nbsp;Muelle de Levante Comercial de Huelva (junto a Cervecer\u00eda Bonilla Puerto).<\/p>\n\n\n\n<p><strong>Normas<\/strong>.- debemos estar en el lugar de salida con media hora de antelaci\u00f3n para organizar la subida al catamar\u00e1n.<\/p>\n\n\n\n<p><strong><u>OBLIGACIONES.-<\/u><\/strong><\/p>\n\n\n\n<p>1.- El grupo se compromete a cumplir las normas establecidas por la empresa de transporte mar\u00edtimo.<\/p>\n\n\n\n<p>2.- Se proh\u00edbe fumar.&nbsp;&nbsp;&nbsp;&nbsp;&nbsp;&nbsp;&nbsp;&nbsp;&nbsp;&nbsp;&nbsp;&nbsp;&nbsp;&nbsp;&nbsp;&nbsp;<\/p>\n\n\n\n<p>3.- Se proh\u00edbe arrojar objetos o basuras por la borda.<\/p>\n\n\n\n<p>4.- Se comunicar\u00e1 cualquier incidencia durante la traves\u00eda a la tripulaci\u00f3n de la embarcaci\u00f3n.<\/p>\n\n\n\n<p>5.- Queda totalmente prohibido llevar bebidas, se podr\u00e1n comprar en el bar del catamar\u00e1n.<\/p>\n\n\n\n<p>6.- Si se podr\u00e1n llevar alimentos.<\/p>\n\n\n\n<p>Os recordamos que aquellos interesados en acudir a la traves\u00eda, deb\u00e9is enviar un correo a <a href=\"mailto:huelvaysf@gmail.com\">huelvaysf@gmail.com<\/a> con los datos personales de los asistentes al paseo.<\/p>\n\n\n\n<p>Foto del cartel por Manolo Pascual. <\/p>\n\n\n\n<figure class=\"wp-block-image size-large\"><a href=\"https:\/\/www.huelvaysusfotografos.com\/wp-content\/uploads\/2023\/06\/cartel-paseo-en-Catamaran-1.jpg\"><img loading=\"lazy\" decoding=\"async\" width=\"930\" height=\"1024\" src=\"https:\/\/www.huelvaysusfotografos.com\/wp-content\/uploads\/2023\/06\/cartel-paseo-en-Catamaran-1-930x1024.jpg\" alt=\"\" class=\"wp-image-12873\" srcset=\"https:\/\/www.huelvaysusfotografos.com\/wp-content\/uploads\/2023\/06\/cartel-paseo-en-Catamaran-1-930x1024.jpg 930w, https:\/\/www.huelvaysusfotografos.com\/wp-content\/uploads\/2023\/06\/cartel-paseo-en-Catamaran-1-272x300.jpg 272w, https:\/\/www.huelvaysusfotografos.com\/wp-content\/uploads\/2023\/06\/cartel-paseo-en-Catamaran-1-768x846.jpg 768w, https:\/\/www.huelvaysusfotografos.com\/wp-content\/uploads\/2023\/06\/cartel-paseo-en-Catamaran-1-1395x1536.jpg 1395w, https:\/\/www.huelvaysusfotografos.com\/wp-content\/uploads\/2023\/06\/cartel-paseo-en-Catamaran-1.jpg 1453w\" sizes=\"auto, (max-width: 930px) 100vw, 930px\" \/><\/a><\/figure>\n","protected":false},"excerpt":{"rendered":"<p>Nos vamos de paseo mar\u00edtimo, volvemos un a\u00f1o m\u00e1s a realizar una traves\u00eda n\u00e1utica gracias a la Autoridad Portuaria de Huelva, un paseo en Catamar\u00e1n por el R\u00edo Odiel y Marismas del Odiel, donde poder ver y disfrutar de los Parajes Naturales reserva de la Biosfera. Un paseo al atardecer para disfrutar de un paisaje espectacular y unos atardeceres \u00fanicos donde podremos dejar fluir nuestra imaginaci\u00f3n, c\u00e1mara en mano. Evento.-<\/p>\n<div class=\"belowpost\"><a class=\"btnmore\" href=\"https:\/\/www.huelvaysusfotografos.com\/?p=12871\">Seguir leyendo<\/a><\/div>\n","protected":false},"author":8279,"featured_media":12872,"comment_status":"open","ping_status":"open","sticky":false,"template":"","format":"standard","meta":{"footnotes":"","_links_to":"","_links_to_target":""},"categories":[4],"tags":[],"class_list":["post-12871","post","type-post","status-publish","format-standard","has-post-thumbnail","hentry","category-actividades"],"_links":{"self":[{"href":"https:\/\/www.huelvaysusfotografos.com\/index.php?rest_route=\/wp\/v2\/posts\/12871","targetHints":{"allow":["GET"]}}],"collection":[{"href":"https:\/\/www.huelvaysusfotografos.com\/index.php?rest_route=\/wp\/v2\/posts"}],"about":[{"href":"https:\/\/www.huelvaysusfotografos.com\/index.php?rest_route=\/wp\/v2\/types\/post"}],"author":[{"embeddable":true,"href":"https:\/\/www.huelvaysusfotografos.com\/index.php?rest_route=\/wp\/v2\/users\/8279"}],"replies":[{"embeddable":true,"href":"https:\/\/www.huelvaysusfotografos.com\/index.php?rest_route=%2Fwp%2Fv2%2Fcomments&post=12871"}],"version-history":[{"count":1,"href":"https:\/\/www.huelvaysusfotografos.com\/index.php?rest_route=\/wp\/v2\/posts\/12871\/revisions"}],"predecessor-version":[{"id":12874,"href":"https:\/\/www.huelvaysusfotografos.com\/index.php?rest_route=\/wp\/v2\/posts\/12871\/revisions\/12874"}],"wp:featuredmedia":[{"embeddable":true,"href":"https:\/\/www.huelvaysusfotografos.com\/index.php?rest_route=\/wp\/v2\/media\/12872"}],"wp:attachment":[{"href":"https:\/\/www.huelvaysusfotografos.com\/index.php?rest_route=%2Fwp%2Fv2%2Fmedia&parent=12871"}],"wp:term":[{"taxonomy":"category","embeddable":true,"href":"https:\/\/www.huelvaysusfotografos.com\/index.php?rest_route=%2Fwp%2Fv2%2Fcategories&post=12871"},{"taxonomy":"post_tag","embeddable":true,"href":"https:\/\/www.huelvaysusfotografos.com\/index.php?rest_route=%2Fwp%2Fv2%2Ftags&post=12871"}],"curies":[{"name":"wp","href":"https:\/\/api.w.org\/{rel}","templated":true}]}}