{"id":12820,"date":"2023-06-08T23:58:29","date_gmt":"2023-06-08T21:58:29","guid":{"rendered":"https:\/\/www.huelvaysusfotografos.com\/?p=12820"},"modified":"2023-06-08T23:58:31","modified_gmt":"2023-06-08T21:58:31","slug":"quedada-fotografica-saca-de-las-yeguas-2023","status":"publish","type":"post","link":"https:\/\/www.huelvaysusfotografos.com\/?p=12820","title":{"rendered":"Quedada fotogr\u00e1fica Saca de las Yeguas 2023"},"content":{"rendered":"\n<p>Bajo la direcci\u00f3n de nuestro compa\u00f1ero y tesorero Dulfi, volvemos un a\u00f1o m\u00e1s a la Saca de las Yeguas. Un especialista y conocedor de este singular evento, con publicaci\u00f3n a nivel internacional de exposiciones de la Saca de las yeguas. <\/p>\n\n\n\n<p>El 26 de junio se realizar\u00e1 el tradicional y espectacular traslado de las yeguas a Almonte, previo paso, por la ma\u00f1ana, por la aldea de El Roc\u00edo, donde los ganaderos, organizados en varias tropas, presentar\u00e1n sus reses ante la Virgen. La entrada al municipio est\u00e1 prevista sobre las 19:00, tras lo que se dirigir\u00e1n al Recinto Ganadero Municipal.<\/p>\n\n\n\n<p>La Saca de las Yeguas es una de las tradiciones m\u00e1s emblem\u00e1ticas del pueblo de Almonte, como destaca el propio consistorio en su web de turismo. Aunque existen numerosas referencias hist\u00f3ricas antiqu\u00edsimas que atestiguan este evento como un acontecimiento ganadero ancestral, no es hasta 1504, cuando&nbsp;<strong>por medio de la Ordenanza del Duque de Medina Sidonia, se regulariza oficialmente<\/strong>. En aquella ordenanza aparece la figura del&nbsp;<em>yeg\u00fcerizo<\/em>&nbsp;y se establece que el ganado se moviese de los prados acotados al efecto hasta Almonte, coincidiendo con la festividad de San Pedro, Patr\u00f3n del pueblo.<\/p>\n\n\n\n<p>As\u00ed, desde hace siglos,&nbsp;<strong>cada 26 de junio los yeg\u00fcerizos almonte\u00f1os van en busca del ganado que ha permanecido pastando durante todo el a\u00f1o en distintos enclaves del Espacio Natural de Do\u00f1ana<\/strong>, para conducirlo hasta Almonte.<\/p>\n\n\n\n<p>El rodeo comienza desde muy temprano y finaliza al mediod\u00eda. Consiste en que los yeg\u00fcerizos, con la ayuda de su vara o chivata,&nbsp;<strong>van uniendo las tropas dispersas que vienen de diferentes zonas o parajes<\/strong>&nbsp;como la Vera, Los Sotos, Veta La Arena, etc\u2026 Una vez reunidas en tropas manejables,&nbsp;<strong>son conducidas a zona de marisma para hacer el gran rodeo y preparar su viaje hasta el pueblo<\/strong>. De camino al pueblo atraviesan la Aldea del Roc\u00edo y a su paso por el Santuario de la Virgen, los yeg\u00fcerizos hacen una primera parada, para ser bendecidos por el sacerdote y rezar una salve.<\/p>\n\n\n\n<p><strong><u>Actividad.<\/u><\/strong><strong>\u2013&nbsp;<\/strong>Saca de las Yeguas<\/p>\n\n\n\n<p><strong><u>Lugar:<\/u><\/strong>&nbsp;El Roc\u00edo (Huelva)<\/p>\n\n\n\n<p><strong><u>Fecha:<\/u><\/strong>\u00a0El lunes 26 de junio de 2023, por la ma\u00f1ana, tiene lugar la tradicional saca de las yeguas, que forma parte de los actos de la Feria de San Pedro, patr\u00f3n de Almonte.<\/p>\n\n\n\n<p><strong><u>Hora:<\/u><\/strong>\u00a0desde las 8.30 horas.<\/p>\n\n\n\n<p>Los que est\u00e9n interesados en asistir, que por favor lo indiquen enviando un mail al correo de la Asociaci\u00f3n huelvaysf@gmail.com <\/p>\n\n\n\n<figure class=\"wp-block-image size-large\"><a href=\"https:\/\/www.huelvaysusfotografos.com\/wp-content\/uploads\/2023\/06\/Cartel-saca-de-las-yeguas-2023-1.jpg\"><img loading=\"lazy\" decoding=\"async\" width=\"1024\" height=\"682\" src=\"https:\/\/www.huelvaysusfotografos.com\/wp-content\/uploads\/2023\/06\/Cartel-saca-de-las-yeguas-2023-1-1024x682.jpg\" alt=\"\" class=\"wp-image-12822\" srcset=\"https:\/\/www.huelvaysusfotografos.com\/wp-content\/uploads\/2023\/06\/Cartel-saca-de-las-yeguas-2023-1-1024x682.jpg 1024w, https:\/\/www.huelvaysusfotografos.com\/wp-content\/uploads\/2023\/06\/Cartel-saca-de-las-yeguas-2023-1-300x200.jpg 300w, https:\/\/www.huelvaysusfotografos.com\/wp-content\/uploads\/2023\/06\/Cartel-saca-de-las-yeguas-2023-1-768x512.jpg 768w, https:\/\/www.huelvaysusfotografos.com\/wp-content\/uploads\/2023\/06\/Cartel-saca-de-las-yeguas-2023-1-1536x1023.jpg 1536w, https:\/\/www.huelvaysusfotografos.com\/wp-content\/uploads\/2023\/06\/Cartel-saca-de-las-yeguas-2023-1.jpg 1600w\" sizes=\"auto, (max-width: 1024px) 100vw, 1024px\" \/><\/a><\/figure>\n","protected":false},"excerpt":{"rendered":"<p>Bajo la direcci\u00f3n de nuestro compa\u00f1ero y tesorero Dulfi, volvemos un a\u00f1o m\u00e1s a la Saca de las Yeguas. Un especialista y conocedor de este singular evento, con publicaci\u00f3n a nivel internacional de exposiciones de la Saca de las yeguas. El 26 de junio se realizar\u00e1 el tradicional y espectacular traslado de las yeguas a Almonte, previo paso, por la ma\u00f1ana, por la aldea de El Roc\u00edo, donde los ganaderos,<\/p>\n<div class=\"belowpost\"><a class=\"btnmore\" href=\"https:\/\/www.huelvaysusfotografos.com\/?p=12820\">Seguir leyendo<\/a><\/div>\n","protected":false},"author":8279,"featured_media":12821,"comment_status":"open","ping_status":"open","sticky":false,"template":"","format":"standard","meta":{"footnotes":"","_links_to":"","_links_to_target":""},"categories":[4,6],"tags":[],"class_list":["post-12820","post","type-post","status-publish","format-standard","has-post-thumbnail","hentry","category-actividades","category-quedadas"],"_links":{"self":[{"href":"https:\/\/www.huelvaysusfotografos.com\/index.php?rest_route=\/wp\/v2\/posts\/12820","targetHints":{"allow":["GET"]}}],"collection":[{"href":"https:\/\/www.huelvaysusfotografos.com\/index.php?rest_route=\/wp\/v2\/posts"}],"about":[{"href":"https:\/\/www.huelvaysusfotografos.com\/index.php?rest_route=\/wp\/v2\/types\/post"}],"author":[{"embeddable":true,"href":"https:\/\/www.huelvaysusfotografos.com\/index.php?rest_route=\/wp\/v2\/users\/8279"}],"replies":[{"embeddable":true,"href":"https:\/\/www.huelvaysusfotografos.com\/index.php?rest_route=%2Fwp%2Fv2%2Fcomments&post=12820"}],"version-history":[{"count":1,"href":"https:\/\/www.huelvaysusfotografos.com\/index.php?rest_route=\/wp\/v2\/posts\/12820\/revisions"}],"predecessor-version":[{"id":12823,"href":"https:\/\/www.huelvaysusfotografos.com\/index.php?rest_route=\/wp\/v2\/posts\/12820\/revisions\/12823"}],"wp:featuredmedia":[{"embeddable":true,"href":"https:\/\/www.huelvaysusfotografos.com\/index.php?rest_route=\/wp\/v2\/media\/12821"}],"wp:attachment":[{"href":"https:\/\/www.huelvaysusfotografos.com\/index.php?rest_route=%2Fwp%2Fv2%2Fmedia&parent=12820"}],"wp:term":[{"taxonomy":"category","embeddable":true,"href":"https:\/\/www.huelvaysusfotografos.com\/index.php?rest_route=%2Fwp%2Fv2%2Fcategories&post=12820"},{"taxonomy":"post_tag","embeddable":true,"href":"https:\/\/www.huelvaysusfotografos.com\/index.php?rest_route=%2Fwp%2Fv2%2Ftags&post=12820"}],"curies":[{"name":"wp","href":"https:\/\/api.w.org\/{rel}","templated":true}]}}