{"id":1281,"date":"2013-04-11T15:54:49","date_gmt":"2013-04-11T14:54:49","guid":{"rendered":"http:\/\/www.huelvaysusfotografos.com\/?p=1281"},"modified":"2013-04-11T19:33:58","modified_gmt":"2013-04-11T18:33:58","slug":"mejor-fotografo-profesional-de-espana-3","status":"publish","type":"post","link":"https:\/\/www.huelvaysusfotografos.com\/?p=1281","title":{"rendered":"MEJOR FOT\u00d3GRAFO PROFESIONAL DE ESPA\u00d1A"},"content":{"rendered":"<p><em>Nuestro compa\u00f1ero Juan Carlos Cruz Garc\u00eda, ha sido galardonado como Mejor Fot\u00f3grafo Profesional de Espa\u00f1a en Categor\u00eda \u00abNaturaleza y Viajes\u00bb y asimismo ha sido finalista en las Categor\u00edas \u00abRetrato\u00bb\u00a0 \u00abReportaje Social\u00bb y Fotograf\u00eda Infantil\u00bb, enhorabuena Juan Carlos por tus Premios.<br \/>\n<\/em><\/p>\n<p><em>No paramos<\/em><em> <\/em><em>de premios c<\/em><em>onseg<\/em><em>uidos por c<\/em><em>ompa\u00f1eros de la Asociaci\u00f3n.<\/em><\/p>\n<p>&nbsp;<\/p>\n<p><a href=\"https:\/\/www.huelvaysusfotografos.com\/wp-content\/uploads\/2013\/04\/15127_10200542826990917_1924572759_n1.jpg\"><img loading=\"lazy\" decoding=\"async\" class=\"size-medium wp-image-1282 alignnone\" alt=\"\" src=\"https:\/\/www.huelvaysusfotografos.com\/wp-content\/uploads\/2013\/04\/15127_10200542826990917_1924572759_n1-212x300.jpg\" width=\"212\" height=\"300\" srcset=\"https:\/\/www.huelvaysusfotografos.com\/wp-content\/uploads\/2013\/04\/15127_10200542826990917_1924572759_n1-212x300.jpg 212w, https:\/\/www.huelvaysusfotografos.com\/wp-content\/uploads\/2013\/04\/15127_10200542826990917_1924572759_n1.jpg 566w\" sizes=\"auto, (max-width: 212px) 100vw, 212px\" \/><\/a><a href=\"https:\/\/www.huelvaysusfotografos.com\/wp-content\/uploads\/2013\/04\/150419_10200542918793212_1531943981_n1.jpg\"><img loading=\"lazy\" decoding=\"async\" class=\"alignnone size-medium wp-image-1284\" alt=\"\" src=\"https:\/\/www.huelvaysusfotografos.com\/wp-content\/uploads\/2013\/04\/150419_10200542918793212_1531943981_n1-212x300.jpg\" width=\"212\" height=\"300\" srcset=\"https:\/\/www.huelvaysusfotografos.com\/wp-content\/uploads\/2013\/04\/150419_10200542918793212_1531943981_n1-212x300.jpg 212w, https:\/\/www.huelvaysusfotografos.com\/wp-content\/uploads\/2013\/04\/150419_10200542918793212_1531943981_n1.jpg 679w\" sizes=\"auto, (max-width: 212px) 100vw, 212px\" \/><\/a><\/p>\n<p><a href=\"https:\/\/www.huelvaysusfotografos.com\/wp-content\/uploads\/2013\/04\/521772_10200542918553206_611161038_n1.jpg\"><img loading=\"lazy\" decoding=\"async\" class=\"alignnone size-medium wp-image-1285\" alt=\"\" src=\"https:\/\/www.huelvaysusfotografos.com\/wp-content\/uploads\/2013\/04\/521772_10200542918553206_611161038_n1-212x300.jpg\" width=\"212\" height=\"300\" srcset=\"https:\/\/www.huelvaysusfotografos.com\/wp-content\/uploads\/2013\/04\/521772_10200542918553206_611161038_n1-212x300.jpg 212w, https:\/\/www.huelvaysusfotografos.com\/wp-content\/uploads\/2013\/04\/521772_10200542918553206_611161038_n1.jpg 679w\" sizes=\"auto, (max-width: 212px) 100vw, 212px\" \/><\/a><a href=\"https:\/\/www.huelvaysusfotografos.com\/wp-content\/uploads\/2013\/04\/7250_10200542917513180_1802545484_n1.jpg\"><img loading=\"lazy\" decoding=\"async\" class=\"alignnone size-medium wp-image-1283\" alt=\"\" src=\"https:\/\/www.huelvaysusfotografos.com\/wp-content\/uploads\/2013\/04\/7250_10200542917513180_1802545484_n1-212x300.jpg\" width=\"212\" height=\"300\" srcset=\"https:\/\/www.huelvaysusfotografos.com\/wp-content\/uploads\/2013\/04\/7250_10200542917513180_1802545484_n1-212x300.jpg 212w, https:\/\/www.huelvaysusfotografos.com\/wp-content\/uploads\/2013\/04\/7250_10200542917513180_1802545484_n1.jpg 679w\" sizes=\"auto, (max-width: 212px) 100vw, 212px\" \/><\/a><\/p>\n<p>&nbsp;<\/p>\n","protected":false},"excerpt":{"rendered":"<p>Nuestro compa\u00f1ero Juan Carlos Cruz Garc\u00eda, ha sido galardonado como Mejor Fot\u00f3grafo Profesional de Espa\u00f1a en Categor\u00eda \u00abNaturaleza y Viajes\u00bb y asimismo ha sido finalista en las Categor\u00edas \u00abRetrato\u00bb\u00a0 \u00abReportaje Social\u00bb y Fotograf\u00eda Infantil\u00bb, enhorabuena Juan Carlos por tus Premios. No paramos de premios conseguidos por compa\u00f1eros de la Asociaci\u00f3n. &nbsp; &nbsp;<\/p>\n","protected":false},"author":8,"featured_media":0,"comment_status":"open","ping_status":"open","sticky":false,"template":"","format":"standard","meta":{"footnotes":"","_links_to":"","_links_to_target":""},"categories":[12,53],"tags":[],"class_list":["post-1281","post","type-post","status-publish","format-standard","hentry","category-concursos","category-premios"],"_links":{"self":[{"href":"https:\/\/www.huelvaysusfotografos.com\/index.php?rest_route=\/wp\/v2\/posts\/1281","targetHints":{"allow":["GET"]}}],"collection":[{"href":"https:\/\/www.huelvaysusfotografos.com\/index.php?rest_route=\/wp\/v2\/posts"}],"about":[{"href":"https:\/\/www.huelvaysusfotografos.com\/index.php?rest_route=\/wp\/v2\/types\/post"}],"author":[{"embeddable":true,"href":"https:\/\/www.huelvaysusfotografos.com\/index.php?rest_route=\/wp\/v2\/users\/8"}],"replies":[{"embeddable":true,"href":"https:\/\/www.huelvaysusfotografos.com\/index.php?rest_route=%2Fwp%2Fv2%2Fcomments&post=1281"}],"version-history":[{"count":12,"href":"https:\/\/www.huelvaysusfotografos.com\/index.php?rest_route=\/wp\/v2\/posts\/1281\/revisions"}],"predecessor-version":[{"id":1313,"href":"https:\/\/www.huelvaysusfotografos.com\/index.php?rest_route=\/wp\/v2\/posts\/1281\/revisions\/1313"}],"wp:attachment":[{"href":"https:\/\/www.huelvaysusfotografos.com\/index.php?rest_route=%2Fwp%2Fv2%2Fmedia&parent=1281"}],"wp:term":[{"taxonomy":"category","embeddable":true,"href":"https:\/\/www.huelvaysusfotografos.com\/index.php?rest_route=%2Fwp%2Fv2%2Fcategories&post=1281"},{"taxonomy":"post_tag","embeddable":true,"href":"https:\/\/www.huelvaysusfotografos.com\/index.php?rest_route=%2Fwp%2Fv2%2Ftags&post=1281"}],"curies":[{"name":"wp","href":"https:\/\/api.w.org\/{rel}","templated":true}]}}