{"id":12787,"date":"2023-05-21T16:21:47","date_gmt":"2023-05-21T14:21:47","guid":{"rendered":"https:\/\/www.huelvaysusfotografos.com\/?p=12787"},"modified":"2023-05-21T16:21:49","modified_gmt":"2023-05-21T14:21:49","slug":"charla-taller-de-fotografia-gastronomica","status":"publish","type":"post","link":"https:\/\/www.huelvaysusfotografos.com\/?p=12787","title":{"rendered":"Charla Taller de fotograf\u00eda gastron\u00f3mica"},"content":{"rendered":"\n<p>Continuamos con los talleres en el mes de junio y lo haremos de la mano de nuestra compa\u00f1era galardonada en la II Gala de los Premios Carrete como fot\u00f3grafa del a\u00f1o, Carmen Torres Chaguaceda.<\/p>\n\n\n\n<p>Nos sumergiremos en el mundo culinario y su singular fotograf\u00eda.<\/p>\n\n\n\n<p>Se trata de una Charla Taller de fotograf\u00eda gastron\u00f3mica, preparado para los socios, con un m\u00e1ximo de 10 participantes, para que todos puedan actuar y realizar el taller con la mayor comodidad posible.<\/p>\n\n\n\n<p>Se debe enviar una solicitud de participaci\u00f3n al taller al correo de la asociaci\u00f3n <a href=\"mailto:huelvaysf@gmail.com\">huelvaysf@gmail.com<\/a> indicando en el asunto \u201cCharla Taller de Fotograf\u00eda Gastron\u00f3mica\u201d y en el cuerpo del correo los datos personales.<\/p>\n\n\n\n<p>Tengamos en cuenta que si nos apuntamos es para asistir, pues son plazas limitadas y pueden quedarse compa\u00f1eros fuera.<\/p>\n\n\n\n<p><strong>Actividad<\/strong>.- Charla taller de fotograf\u00eda gastron\u00f3mica<\/p>\n\n\n\n<p><strong>D\u00eda<\/strong>.- Viernes 9 de junio<\/p>\n\n\n\n<p><strong>Hora<\/strong>.- 16.00 horas<\/p>\n\n\n\n<p><strong>Lugar<\/strong>.- El Rompido (Huelva)<\/p>\n\n\n\n<p>Se facilitar\u00e1 la ubicaci\u00f3n exacta del taller el d\u00eda antes para que no se pierda nadie.<\/p>\n\n\n\n<p><strong><u>Material necesario para el taller<\/u><\/strong><\/p>\n\n\n\n<p>C\u00e1mara con control manual y objetivos preferentes de 50 mm y 85 mm. Se necesitar\u00e1n tr\u00edpodes.<\/p>\n\n\n\n<p>Al tratarse de fotograf\u00eda gastron\u00f3mica se podr\u00e1 llevar algo para las fotos (dulces), que despu\u00e9s nos comeremos al finalizar el taller.<\/p>\n\n\n\n<figure class=\"wp-block-image size-large\"><a href=\"https:\/\/www.huelvaysusfotografos.com\/wp-content\/uploads\/2023\/05\/CARTEL-TALLER-FOTOGRAFIA-GASTRONOMICA-1.jpg\"><img loading=\"lazy\" decoding=\"async\" width=\"768\" height=\"1024\" src=\"https:\/\/www.huelvaysusfotografos.com\/wp-content\/uploads\/2023\/05\/CARTEL-TALLER-FOTOGRAFIA-GASTRONOMICA-1-768x1024.jpg\" alt=\"\" class=\"wp-image-12789\" srcset=\"https:\/\/www.huelvaysusfotografos.com\/wp-content\/uploads\/2023\/05\/CARTEL-TALLER-FOTOGRAFIA-GASTRONOMICA-1-768x1024.jpg 768w, https:\/\/www.huelvaysusfotografos.com\/wp-content\/uploads\/2023\/05\/CARTEL-TALLER-FOTOGRAFIA-GASTRONOMICA-1-225x300.jpg 225w, https:\/\/www.huelvaysusfotografos.com\/wp-content\/uploads\/2023\/05\/CARTEL-TALLER-FOTOGRAFIA-GASTRONOMICA-1-1152x1536.jpg 1152w, https:\/\/www.huelvaysusfotografos.com\/wp-content\/uploads\/2023\/05\/CARTEL-TALLER-FOTOGRAFIA-GASTRONOMICA-1.jpg 1500w\" sizes=\"auto, (max-width: 768px) 100vw, 768px\" \/><\/a><\/figure>\n","protected":false},"excerpt":{"rendered":"<p>Continuamos con los talleres en el mes de junio y lo haremos de la mano de nuestra compa\u00f1era galardonada en la II Gala de los Premios Carrete como fot\u00f3grafa del a\u00f1o, Carmen Torres Chaguaceda. Nos sumergiremos en el mundo culinario y su singular fotograf\u00eda. Se trata de una Charla Taller de fotograf\u00eda gastron\u00f3mica, preparado para los socios, con un m\u00e1ximo de 10 participantes, para que todos puedan actuar y realizar<\/p>\n<div class=\"belowpost\"><a class=\"btnmore\" href=\"https:\/\/www.huelvaysusfotografos.com\/?p=12787\">Seguir leyendo<\/a><\/div>\n","protected":false},"author":8279,"featured_media":12788,"comment_status":"open","ping_status":"open","sticky":false,"template":"","format":"standard","meta":{"footnotes":"","_links_to":"","_links_to_target":""},"categories":[14],"tags":[],"class_list":["post-12787","post","type-post","status-publish","format-standard","has-post-thumbnail","hentry","category-cursos"],"_links":{"self":[{"href":"https:\/\/www.huelvaysusfotografos.com\/index.php?rest_route=\/wp\/v2\/posts\/12787","targetHints":{"allow":["GET"]}}],"collection":[{"href":"https:\/\/www.huelvaysusfotografos.com\/index.php?rest_route=\/wp\/v2\/posts"}],"about":[{"href":"https:\/\/www.huelvaysusfotografos.com\/index.php?rest_route=\/wp\/v2\/types\/post"}],"author":[{"embeddable":true,"href":"https:\/\/www.huelvaysusfotografos.com\/index.php?rest_route=\/wp\/v2\/users\/8279"}],"replies":[{"embeddable":true,"href":"https:\/\/www.huelvaysusfotografos.com\/index.php?rest_route=%2Fwp%2Fv2%2Fcomments&post=12787"}],"version-history":[{"count":1,"href":"https:\/\/www.huelvaysusfotografos.com\/index.php?rest_route=\/wp\/v2\/posts\/12787\/revisions"}],"predecessor-version":[{"id":12790,"href":"https:\/\/www.huelvaysusfotografos.com\/index.php?rest_route=\/wp\/v2\/posts\/12787\/revisions\/12790"}],"wp:featuredmedia":[{"embeddable":true,"href":"https:\/\/www.huelvaysusfotografos.com\/index.php?rest_route=\/wp\/v2\/media\/12788"}],"wp:attachment":[{"href":"https:\/\/www.huelvaysusfotografos.com\/index.php?rest_route=%2Fwp%2Fv2%2Fmedia&parent=12787"}],"wp:term":[{"taxonomy":"category","embeddable":true,"href":"https:\/\/www.huelvaysusfotografos.com\/index.php?rest_route=%2Fwp%2Fv2%2Fcategories&post=12787"},{"taxonomy":"post_tag","embeddable":true,"href":"https:\/\/www.huelvaysusfotografos.com\/index.php?rest_route=%2Fwp%2Fv2%2Ftags&post=12787"}],"curies":[{"name":"wp","href":"https:\/\/api.w.org\/{rel}","templated":true}]}}