{"id":12781,"date":"2023-04-23T16:08:31","date_gmt":"2023-04-23T14:08:31","guid":{"rendered":"https:\/\/www.huelvaysusfotografos.com\/?p=12781"},"modified":"2023-04-24T23:34:01","modified_gmt":"2023-04-24T21:34:01","slug":"reto-mensual-del-mes-de-mayo","status":"publish","type":"post","link":"https:\/\/www.huelvaysusfotografos.com\/?p=12781","title":{"rendered":"Reto semanal del mes de Mayo"},"content":{"rendered":"\n<p>Buenas tardes a tod@s<\/p>\n\n\n\n<p>Empezamos la segunda parte del reto, las correspondientes del mes de Mayo. Como bien saben el reto es trimestral para tener el primer ganador absoluto del trimestre.<\/p>\n\n\n\n<p>Tal como recogen las bases del concurso va dirigido a los soci@s de Huelva y sus Fot\u00f3grafos.<\/p>\n\n\n\n<p>En dicho concurso pretendemos incentivar la participaci\u00f3n y la puesta en marcha de nuestras dotes art\u00edsticas, que bien empleamos diariamente en los trabajos realizados.<\/p>\n\n\n\n<p>Se trata de un concurso creativo donde cada semana se propondr\u00e1 un reto. Cada socio podr\u00e1 enviar una foto, que ha de ser in\u00e9dita y obviamente no habr\u00e1 sido presentada en otros concursos.<\/p>\n\n\n\n<p>Las fotos ir\u00e1n sin firma ni marca de agua. La Participaci\u00f3n en este concurso implica la aceptaci\u00f3n de las bases que se recogen en el Reto Semanal que se present\u00f3 hace varios d\u00edas.<\/p>\n\n\n\n<p>Los retos de las pr\u00f3ximas semanas del mes de Mayo son los siguientes;<\/p>\n\n\n\n<p><em><u>1 semana, del 1 al 7 de mayo<\/u><\/em>.- <strong>Romer\u00edas y fiestas tradicionales<\/strong><\/p>\n\n\n\n<p><em><u>2 semana, del 8 al 14 de mayo<\/u><\/em>.- <strong>R\u00edos onubenses<\/strong><\/p>\n\n\n\n<p><em><u>3 semana, del 15 al 21 de mayo<\/u><\/em>.- <strong>Mirando a las alturas (Edificios)<\/strong><\/p>\n\n\n\n<p><em><u>4 semana, del 22 al 28 de mayo<\/u><\/em>.- <strong>Puentes con encanto<\/strong><\/p>\n\n\n\n<p><em><u>5 semana, del 29 de mayo al 4 junio<\/u><\/em><strong>.- Bodeg\u00f3n art\u00edstico<\/strong><\/p>\n\n\n\n<p>De entre todas estas fotos presentadas saldr\u00e1 la segunda foto vencedora del mes, que competir\u00e1 con las otras dos de los meses anterior de abril y posterior de junio.<\/p>\n\n\n\n<p>Suerte a tod@s, esperamos vuestras fotos.<\/p>\n","protected":false},"excerpt":{"rendered":"<p>Buenas tardes a tod@s Empezamos la segunda parte del reto, las correspondientes del mes de Mayo. Como bien saben el reto es trimestral para tener el primer ganador absoluto del trimestre. Tal como recogen las bases del concurso va dirigido a los soci@s de Huelva y sus Fot\u00f3grafos. En dicho concurso pretendemos incentivar la participaci\u00f3n y la puesta en marcha de nuestras dotes art\u00edsticas, que bien empleamos diariamente en los<\/p>\n<div class=\"belowpost\"><a class=\"btnmore\" href=\"https:\/\/www.huelvaysusfotografos.com\/?p=12781\">Seguir leyendo<\/a><\/div>\n","protected":false},"author":8279,"featured_media":12655,"comment_status":"open","ping_status":"open","sticky":false,"template":"","format":"standard","meta":{"footnotes":"","_links_to":"","_links_to_target":""},"categories":[4],"tags":[],"class_list":["post-12781","post","type-post","status-publish","format-standard","has-post-thumbnail","hentry","category-actividades"],"_links":{"self":[{"href":"https:\/\/www.huelvaysusfotografos.com\/index.php?rest_route=\/wp\/v2\/posts\/12781","targetHints":{"allow":["GET"]}}],"collection":[{"href":"https:\/\/www.huelvaysusfotografos.com\/index.php?rest_route=\/wp\/v2\/posts"}],"about":[{"href":"https:\/\/www.huelvaysusfotografos.com\/index.php?rest_route=\/wp\/v2\/types\/post"}],"author":[{"embeddable":true,"href":"https:\/\/www.huelvaysusfotografos.com\/index.php?rest_route=\/wp\/v2\/users\/8279"}],"replies":[{"embeddable":true,"href":"https:\/\/www.huelvaysusfotografos.com\/index.php?rest_route=%2Fwp%2Fv2%2Fcomments&post=12781"}],"version-history":[{"count":2,"href":"https:\/\/www.huelvaysusfotografos.com\/index.php?rest_route=\/wp\/v2\/posts\/12781\/revisions"}],"predecessor-version":[{"id":12783,"href":"https:\/\/www.huelvaysusfotografos.com\/index.php?rest_route=\/wp\/v2\/posts\/12781\/revisions\/12783"}],"wp:featuredmedia":[{"embeddable":true,"href":"https:\/\/www.huelvaysusfotografos.com\/index.php?rest_route=\/wp\/v2\/media\/12655"}],"wp:attachment":[{"href":"https:\/\/www.huelvaysusfotografos.com\/index.php?rest_route=%2Fwp%2Fv2%2Fmedia&parent=12781"}],"wp:term":[{"taxonomy":"category","embeddable":true,"href":"https:\/\/www.huelvaysusfotografos.com\/index.php?rest_route=%2Fwp%2Fv2%2Fcategories&post=12781"},{"taxonomy":"post_tag","embeddable":true,"href":"https:\/\/www.huelvaysusfotografos.com\/index.php?rest_route=%2Fwp%2Fv2%2Ftags&post=12781"}],"curies":[{"name":"wp","href":"https:\/\/api.w.org\/{rel}","templated":true}]}}