{"id":12764,"date":"2023-04-09T17:03:53","date_gmt":"2023-04-09T15:03:53","guid":{"rendered":"https:\/\/www.huelvaysusfotografos.com\/?p=12764"},"modified":"2023-04-09T17:04:48","modified_gmt":"2023-04-09T15:04:48","slug":"nuestro-paseo-por-el-puente-de-la-alcolea","status":"publish","type":"post","link":"https:\/\/www.huelvaysusfotografos.com\/?p=12764","title":{"rendered":"Nuestro paseo por el Puente de La Alcolea"},"content":{"rendered":"\n<p>La jornada vespertina del s\u00e1bado 8 de abril, guio nuestros pasos por caminos forestales, escarpados y sinuosos. <\/p>\n\n\n\n<figure class=\"wp-block-image size-large\"><a href=\"https:\/\/www.huelvaysusfotografos.com\/wp-content\/uploads\/2023\/04\/FOTO-DE-GRUPO-PUENTE-LA-ALCOLEA-1.jpg\"><img loading=\"lazy\" decoding=\"async\" width=\"1024\" height=\"353\" src=\"https:\/\/www.huelvaysusfotografos.com\/wp-content\/uploads\/2023\/04\/FOTO-DE-GRUPO-PUENTE-LA-ALCOLEA-1-1024x353.jpg\" alt=\"\" class=\"wp-image-12774\" srcset=\"https:\/\/www.huelvaysusfotografos.com\/wp-content\/uploads\/2023\/04\/FOTO-DE-GRUPO-PUENTE-LA-ALCOLEA-1-1024x353.jpg 1024w, https:\/\/www.huelvaysusfotografos.com\/wp-content\/uploads\/2023\/04\/FOTO-DE-GRUPO-PUENTE-LA-ALCOLEA-1-300x104.jpg 300w, https:\/\/www.huelvaysusfotografos.com\/wp-content\/uploads\/2023\/04\/FOTO-DE-GRUPO-PUENTE-LA-ALCOLEA-1-768x265.jpg 768w, https:\/\/www.huelvaysusfotografos.com\/wp-content\/uploads\/2023\/04\/FOTO-DE-GRUPO-PUENTE-LA-ALCOLEA-1-1536x530.jpg 1536w, https:\/\/www.huelvaysusfotografos.com\/wp-content\/uploads\/2023\/04\/FOTO-DE-GRUPO-PUENTE-LA-ALCOLEA-1.jpg 1600w\" sizes=\"auto, (max-width: 1024px) 100vw, 1024px\" \/><\/a><\/figure>\n\n\n\n<p>La flora y fauna del lugar nos acompa\u00f1o en el camino con sus olores y colores que hac\u00edan las delicias de nuestras c\u00e1maras.<\/p>\n\n\n\n<p>El grupo de aguerridos y atrevidos socios, junto a otros compa\u00f1eros de Accof, que nos apuntamos a esta jornada fotogr\u00e1fica, nos fue adentrando en un singular paisaje hasta la llegada a orillas del Rio Odiel que transcurre por los ojos del imponente puente de La Alcolea, que se alza m\u00e1s all\u00e1 de los 70 metros. <\/p>\n\n\n\n<p>Sin duda alguna un lugar para miles de fotograf\u00edas, el puente, el tren, las v\u00edas, la orilla del r\u00edo, sus singulares colores y su flora, eran fuente de inspiraci\u00f3n para nuestros ojos. <\/p>\n\n\n\n<p>Como muestra un bot\u00f3n. <\/p>\n\n\n\n<figure class=\"wp-block-gallery has-nested-images columns-2 wp-block-gallery-1 is-layout-flex wp-block-gallery-is-layout-flex\">\n<figure class=\"wp-block-image size-large\"><a href=\"https:\/\/www.huelvaysusfotografos.com\/wp-content\/uploads\/2023\/04\/1-2.jpg\"><img loading=\"lazy\" decoding=\"async\" width=\"682\" height=\"1024\" data-id=\"12770\" src=\"https:\/\/www.huelvaysusfotografos.com\/wp-content\/uploads\/2023\/04\/1-2-682x1024.jpg\" alt=\"\" class=\"wp-image-12770\" srcset=\"https:\/\/www.huelvaysusfotografos.com\/wp-content\/uploads\/2023\/04\/1-2-682x1024.jpg 682w, https:\/\/www.huelvaysusfotografos.com\/wp-content\/uploads\/2023\/04\/1-2-200x300.jpg 200w, https:\/\/www.huelvaysusfotografos.com\/wp-content\/uploads\/2023\/04\/1-2-768x1153.jpg 768w, https:\/\/www.huelvaysusfotografos.com\/wp-content\/uploads\/2023\/04\/1-2-1023x1536.jpg 1023w, https:\/\/www.huelvaysusfotografos.com\/wp-content\/uploads\/2023\/04\/1-2.jpg 1066w\" sizes=\"auto, (max-width: 682px) 100vw, 682px\" \/><\/a><\/figure>\n\n\n\n<figure class=\"wp-block-image size-large\"><a href=\"https:\/\/www.huelvaysusfotografos.com\/wp-content\/uploads\/2023\/04\/2-1.jpg\"><img loading=\"lazy\" decoding=\"async\" width=\"1024\" height=\"431\" data-id=\"12769\" src=\"https:\/\/www.huelvaysusfotografos.com\/wp-content\/uploads\/2023\/04\/2-1-1024x431.jpg\" alt=\"\" class=\"wp-image-12769\" srcset=\"https:\/\/www.huelvaysusfotografos.com\/wp-content\/uploads\/2023\/04\/2-1-1024x431.jpg 1024w, https:\/\/www.huelvaysusfotografos.com\/wp-content\/uploads\/2023\/04\/2-1-300x126.jpg 300w, https:\/\/www.huelvaysusfotografos.com\/wp-content\/uploads\/2023\/04\/2-1-768x323.jpg 768w, https:\/\/www.huelvaysusfotografos.com\/wp-content\/uploads\/2023\/04\/2-1-1536x646.jpg 1536w, https:\/\/www.huelvaysusfotografos.com\/wp-content\/uploads\/2023\/04\/2-1.jpg 1600w\" sizes=\"auto, (max-width: 1024px) 100vw, 1024px\" \/><\/a><\/figure>\n\n\n\n<figure class=\"wp-block-image size-large\"><a href=\"https:\/\/www.huelvaysusfotografos.com\/wp-content\/uploads\/2023\/04\/3-1.jpg\"><img loading=\"lazy\" decoding=\"async\" width=\"1024\" height=\"768\" data-id=\"12768\" src=\"https:\/\/www.huelvaysusfotografos.com\/wp-content\/uploads\/2023\/04\/3-1-1024x768.jpg\" alt=\"\" class=\"wp-image-12768\" srcset=\"https:\/\/www.huelvaysusfotografos.com\/wp-content\/uploads\/2023\/04\/3-1-1024x768.jpg 1024w, https:\/\/www.huelvaysusfotografos.com\/wp-content\/uploads\/2023\/04\/3-1-300x225.jpg 300w, https:\/\/www.huelvaysusfotografos.com\/wp-content\/uploads\/2023\/04\/3-1-768x576.jpg 768w, https:\/\/www.huelvaysusfotografos.com\/wp-content\/uploads\/2023\/04\/3-1-1536x1152.jpg 1536w, https:\/\/www.huelvaysusfotografos.com\/wp-content\/uploads\/2023\/04\/3-1.jpg 2016w\" sizes=\"auto, (max-width: 1024px) 100vw, 1024px\" \/><\/a><\/figure>\n\n\n\n<figure class=\"wp-block-image size-large\"><a href=\"https:\/\/www.huelvaysusfotografos.com\/wp-content\/uploads\/2023\/04\/4-1.jpg\"><img loading=\"lazy\" decoding=\"async\" width=\"1024\" height=\"683\" data-id=\"12766\" src=\"https:\/\/www.huelvaysusfotografos.com\/wp-content\/uploads\/2023\/04\/4-1-1024x683.jpg\" alt=\"\" class=\"wp-image-12766\" srcset=\"https:\/\/www.huelvaysusfotografos.com\/wp-content\/uploads\/2023\/04\/4-1-1024x683.jpg 1024w, https:\/\/www.huelvaysusfotografos.com\/wp-content\/uploads\/2023\/04\/4-1-300x200.jpg 300w, https:\/\/www.huelvaysusfotografos.com\/wp-content\/uploads\/2023\/04\/4-1-768x512.jpg 768w, https:\/\/www.huelvaysusfotografos.com\/wp-content\/uploads\/2023\/04\/4-1-1536x1024.jpg 1536w, https:\/\/www.huelvaysusfotografos.com\/wp-content\/uploads\/2023\/04\/4-1.jpg 2048w\" sizes=\"auto, (max-width: 1024px) 100vw, 1024px\" \/><\/a><\/figure>\n\n\n\n<figure class=\"wp-block-image size-large\"><a href=\"https:\/\/www.huelvaysusfotografos.com\/wp-content\/uploads\/2023\/04\/5-1.jpg\"><img loading=\"lazy\" decoding=\"async\" width=\"739\" height=\"1024\" data-id=\"12767\" src=\"https:\/\/www.huelvaysusfotografos.com\/wp-content\/uploads\/2023\/04\/5-1-739x1024.jpg\" alt=\"\" class=\"wp-image-12767\" srcset=\"https:\/\/www.huelvaysusfotografos.com\/wp-content\/uploads\/2023\/04\/5-1-739x1024.jpg 739w, https:\/\/www.huelvaysusfotografos.com\/wp-content\/uploads\/2023\/04\/5-1-217x300.jpg 217w, https:\/\/www.huelvaysusfotografos.com\/wp-content\/uploads\/2023\/04\/5-1-768x1064.jpg 768w, https:\/\/www.huelvaysusfotografos.com\/wp-content\/uploads\/2023\/04\/5-1.jpg 1080w\" sizes=\"auto, (max-width: 739px) 100vw, 739px\" \/><\/a><\/figure>\n\n\n\n<figure class=\"wp-block-image size-large\"><a href=\"https:\/\/www.huelvaysusfotografos.com\/wp-content\/uploads\/2023\/04\/6-1.jpg\"><img loading=\"lazy\" decoding=\"async\" width=\"1024\" height=\"525\" data-id=\"12771\" src=\"https:\/\/www.huelvaysusfotografos.com\/wp-content\/uploads\/2023\/04\/6-1-1024x525.jpg\" alt=\"\" class=\"wp-image-12771\" srcset=\"https:\/\/www.huelvaysusfotografos.com\/wp-content\/uploads\/2023\/04\/6-1-1024x525.jpg 1024w, https:\/\/www.huelvaysusfotografos.com\/wp-content\/uploads\/2023\/04\/6-1-300x154.jpg 300w, https:\/\/www.huelvaysusfotografos.com\/wp-content\/uploads\/2023\/04\/6-1-768x394.jpg 768w, https:\/\/www.huelvaysusfotografos.com\/wp-content\/uploads\/2023\/04\/6-1-1536x787.jpg 1536w, https:\/\/www.huelvaysusfotografos.com\/wp-content\/uploads\/2023\/04\/6-1.jpg 1600w\" sizes=\"auto, (max-width: 1024px) 100vw, 1024px\" \/><\/a><\/figure>\n<\/figure>\n","protected":false},"excerpt":{"rendered":"<p>La jornada vespertina del s\u00e1bado 8 de abril, guio nuestros pasos por caminos forestales, escarpados y sinuosos. La flora y fauna del lugar nos acompa\u00f1o en el camino con sus olores y colores que hac\u00edan las delicias de nuestras c\u00e1maras. El grupo de aguerridos y atrevidos socios, junto a otros compa\u00f1eros de Accof, que nos apuntamos a esta jornada fotogr\u00e1fica, nos fue adentrando en un singular paisaje hasta la llegada<\/p>\n<div class=\"belowpost\"><a class=\"btnmore\" href=\"https:\/\/www.huelvaysusfotografos.com\/?p=12764\">Seguir leyendo<\/a><\/div>\n","protected":false},"author":8279,"featured_media":12772,"comment_status":"open","ping_status":"open","sticky":false,"template":"","format":"standard","meta":{"footnotes":"","_links_to":"","_links_to_target":""},"categories":[4],"tags":[],"class_list":["post-12764","post","type-post","status-publish","format-standard","has-post-thumbnail","hentry","category-actividades"],"_links":{"self":[{"href":"https:\/\/www.huelvaysusfotografos.com\/index.php?rest_route=\/wp\/v2\/posts\/12764","targetHints":{"allow":["GET"]}}],"collection":[{"href":"https:\/\/www.huelvaysusfotografos.com\/index.php?rest_route=\/wp\/v2\/posts"}],"about":[{"href":"https:\/\/www.huelvaysusfotografos.com\/index.php?rest_route=\/wp\/v2\/types\/post"}],"author":[{"embeddable":true,"href":"https:\/\/www.huelvaysusfotografos.com\/index.php?rest_route=\/wp\/v2\/users\/8279"}],"replies":[{"embeddable":true,"href":"https:\/\/www.huelvaysusfotografos.com\/index.php?rest_route=%2Fwp%2Fv2%2Fcomments&post=12764"}],"version-history":[{"count":2,"href":"https:\/\/www.huelvaysusfotografos.com\/index.php?rest_route=\/wp\/v2\/posts\/12764\/revisions"}],"predecessor-version":[{"id":12775,"href":"https:\/\/www.huelvaysusfotografos.com\/index.php?rest_route=\/wp\/v2\/posts\/12764\/revisions\/12775"}],"wp:featuredmedia":[{"embeddable":true,"href":"https:\/\/www.huelvaysusfotografos.com\/index.php?rest_route=\/wp\/v2\/media\/12772"}],"wp:attachment":[{"href":"https:\/\/www.huelvaysusfotografos.com\/index.php?rest_route=%2Fwp%2Fv2%2Fmedia&parent=12764"}],"wp:term":[{"taxonomy":"category","embeddable":true,"href":"https:\/\/www.huelvaysusfotografos.com\/index.php?rest_route=%2Fwp%2Fv2%2Fcategories&post=12764"},{"taxonomy":"post_tag","embeddable":true,"href":"https:\/\/www.huelvaysusfotografos.com\/index.php?rest_route=%2Fwp%2Fv2%2Ftags&post=12764"}],"curies":[{"name":"wp","href":"https:\/\/api.w.org\/{rel}","templated":true}]}}