{"id":12736,"date":"2023-04-02T00:17:25","date_gmt":"2023-04-01T22:17:25","guid":{"rendered":"https:\/\/www.huelvaysusfotografos.com\/?p=12736"},"modified":"2023-04-03T10:18:27","modified_gmt":"2023-04-03T08:18:27","slug":"inaugurada-la-exposicion-huelva-en-blanco-y-negro-en-tavira","status":"publish","type":"post","link":"https:\/\/www.huelvaysusfotografos.com\/?p=12736","title":{"rendered":"Inaugurada la Exposici\u00f3n Huelva en Blanco y Negro en Tavira."},"content":{"rendered":"\n<p>La Iglesia de la Misericordia, alberga nuestra exposici\u00f3n colectiva de \u201cHuelva en Blanco y Negro\u201d.<\/p>\n\n\n\n<p>Esta ma\u00f1ana del 1 de abril de 2023, lleg\u00e1bamos a Tavira para inaugurar nuestra exposici\u00f3n colectiva, \u201cHuelva en Blanco y Negro\u201d.<\/p>\n\n\n\n<p>Como anfitri\u00f3n ten\u00edamos a nuestro amigo y presidente de Anafa, Joao Ribeiro, que quien junto a Pepe Ram\u00edrez nos esperaba en una cafeter\u00eda cercana a la sede de Anafa y la Iglesia de la Misericordia.<\/p>\n\n\n\n<p>Tras los saludos y esperar a los compa\u00f1eros que nos desplazamos hasta Tavira, fuimos a ultimar los detalles de la exposici\u00f3n para dejarlo todo listo.<\/p>\n\n\n\n<p>Joao y el resto de compa\u00f1eros nos esperaban en la sede de Anafa para hacer un recorrido por Tavira y disfrutar de sus calles, plazas, castillos, flores, puertas y ventanas singulares, que eran destino de nuestros objetivos, sin olvidarnos que Tavira cuenta con 24 iglesias, muchas de ellas al alcance de nuestros objetivos, y quedaron plasmadas en tarjetas.<\/p>\n\n\n\n<p>Tras ese recorrido lleg\u00e1bamos a la Iglesia de la Misericordia para sumergirnos en un lugar m\u00e1gico, no podr\u00edamos tener mejor escenario para nuestra exposici\u00f3n. Joao nos daba la bienvenida a la iglesia junto a la directora encargada de las exposiciones, abriendo la posibilidad de hacer una exposici\u00f3n conjunta, de las tres asociaciones hermanas que Huelva y sus fot\u00f3grafos ha se\u00f1alado en sus galas aniversario.<\/p>\n\n\n\n<p>Pas\u00f3 despu\u00e9s el presidente de Huelva y sus fot\u00f3grafos a agradecer a Joao Ribeiro y la directora de la iglesia el poder albergar la exposici\u00f3n en este emblem\u00e1tico espacio, visitado por infinidad de viandantes.<\/p>\n\n\n\n<p>La exposici\u00f3n permanecer\u00e1 en este recinto del 1 al 30 de abril de 2023.<\/p>\n\n\n\n<figure class=\"wp-block-image size-large\"><a href=\"https:\/\/www.huelvaysusfotografos.com\/wp-content\/uploads\/2023\/04\/ARI2588.jpg\"><img loading=\"lazy\" decoding=\"async\" width=\"1024\" height=\"682\" src=\"https:\/\/www.huelvaysusfotografos.com\/wp-content\/uploads\/2023\/04\/ARI2588-1024x682.jpg\" alt=\"\" class=\"wp-image-12756\" srcset=\"https:\/\/www.huelvaysusfotografos.com\/wp-content\/uploads\/2023\/04\/ARI2588-1024x682.jpg 1024w, https:\/\/www.huelvaysusfotografos.com\/wp-content\/uploads\/2023\/04\/ARI2588-300x200.jpg 300w, https:\/\/www.huelvaysusfotografos.com\/wp-content\/uploads\/2023\/04\/ARI2588-768x512.jpg 768w, https:\/\/www.huelvaysusfotografos.com\/wp-content\/uploads\/2023\/04\/ARI2588.jpg 1280w\" sizes=\"auto, (max-width: 1024px) 100vw, 1024px\" \/><\/a><\/figure>\n\n\n\n<p>Tras la inauguraci\u00f3n pasamos a las salas del primer piso donde se encuentra la exposici\u00f3n de Joao Ribeiro, que celebra sus XXV a\u00f1os en la fotograf\u00eda, por donde nos hizo un detallado recorrido por sus diferentes espacios, explic\u00e1ndonos detalladamente, cada t\u00e9cnica utilizada y que fotos han marcado su trayectoria profesional. Sin duda una exposici\u00f3n para no perd\u00e9rsela.<\/p>\n\n\n\n<figure class=\"wp-block-gallery has-nested-images columns-default wp-block-gallery-1 is-layout-flex wp-block-gallery-is-layout-flex\">\n<figure class=\"wp-block-image size-large\"><a href=\"https:\/\/www.huelvaysusfotografos.com\/wp-content\/uploads\/2023\/04\/1.jpg\"><img loading=\"lazy\" decoding=\"async\" width=\"1024\" height=\"768\" data-id=\"12740\" src=\"https:\/\/www.huelvaysusfotografos.com\/wp-content\/uploads\/2023\/04\/1-1024x768.jpg\" alt=\"\" class=\"wp-image-12740\" srcset=\"https:\/\/www.huelvaysusfotografos.com\/wp-content\/uploads\/2023\/04\/1-1024x768.jpg 1024w, https:\/\/www.huelvaysusfotografos.com\/wp-content\/uploads\/2023\/04\/1-300x225.jpg 300w, https:\/\/www.huelvaysusfotografos.com\/wp-content\/uploads\/2023\/04\/1-768x576.jpg 768w, https:\/\/www.huelvaysusfotografos.com\/wp-content\/uploads\/2023\/04\/1-1536x1152.jpg 1536w, https:\/\/www.huelvaysusfotografos.com\/wp-content\/uploads\/2023\/04\/1.jpg 1600w\" sizes=\"auto, (max-width: 1024px) 100vw, 1024px\" \/><\/a><\/figure>\n\n\n\n<figure class=\"wp-block-image size-large\"><a href=\"https:\/\/www.huelvaysusfotografos.com\/wp-content\/uploads\/2023\/04\/2.jpg\"><img loading=\"lazy\" decoding=\"async\" width=\"1024\" height=\"647\" data-id=\"12743\" src=\"https:\/\/www.huelvaysusfotografos.com\/wp-content\/uploads\/2023\/04\/2-1024x647.jpg\" alt=\"\" class=\"wp-image-12743\" srcset=\"https:\/\/www.huelvaysusfotografos.com\/wp-content\/uploads\/2023\/04\/2-1024x647.jpg 1024w, https:\/\/www.huelvaysusfotografos.com\/wp-content\/uploads\/2023\/04\/2-300x190.jpg 300w, https:\/\/www.huelvaysusfotografos.com\/wp-content\/uploads\/2023\/04\/2-768x485.jpg 768w, https:\/\/www.huelvaysusfotografos.com\/wp-content\/uploads\/2023\/04\/2-1536x971.jpg 1536w, https:\/\/www.huelvaysusfotografos.com\/wp-content\/uploads\/2023\/04\/2.jpg 1600w\" sizes=\"auto, (max-width: 1024px) 100vw, 1024px\" \/><\/a><\/figure>\n\n\n\n<figure class=\"wp-block-image size-large\"><a href=\"https:\/\/www.huelvaysusfotografos.com\/wp-content\/uploads\/2023\/04\/3.jpg\"><img loading=\"lazy\" decoding=\"async\" width=\"1024\" height=\"647\" data-id=\"12741\" src=\"https:\/\/www.huelvaysusfotografos.com\/wp-content\/uploads\/2023\/04\/3-1024x647.jpg\" alt=\"\" class=\"wp-image-12741\" srcset=\"https:\/\/www.huelvaysusfotografos.com\/wp-content\/uploads\/2023\/04\/3-1024x647.jpg 1024w, https:\/\/www.huelvaysusfotografos.com\/wp-content\/uploads\/2023\/04\/3-300x190.jpg 300w, https:\/\/www.huelvaysusfotografos.com\/wp-content\/uploads\/2023\/04\/3-768x485.jpg 768w, https:\/\/www.huelvaysusfotografos.com\/wp-content\/uploads\/2023\/04\/3-1536x971.jpg 1536w, https:\/\/www.huelvaysusfotografos.com\/wp-content\/uploads\/2023\/04\/3.jpg 1600w\" sizes=\"auto, (max-width: 1024px) 100vw, 1024px\" \/><\/a><\/figure>\n\n\n\n<figure class=\"wp-block-image size-large\"><a href=\"https:\/\/www.huelvaysusfotografos.com\/wp-content\/uploads\/2023\/04\/4.jpg\"><img loading=\"lazy\" decoding=\"async\" width=\"1024\" height=\"768\" data-id=\"12745\" src=\"https:\/\/www.huelvaysusfotografos.com\/wp-content\/uploads\/2023\/04\/4-1024x768.jpg\" alt=\"\" class=\"wp-image-12745\" srcset=\"https:\/\/www.huelvaysusfotografos.com\/wp-content\/uploads\/2023\/04\/4-1024x768.jpg 1024w, https:\/\/www.huelvaysusfotografos.com\/wp-content\/uploads\/2023\/04\/4-300x225.jpg 300w, https:\/\/www.huelvaysusfotografos.com\/wp-content\/uploads\/2023\/04\/4-768x576.jpg 768w, https:\/\/www.huelvaysusfotografos.com\/wp-content\/uploads\/2023\/04\/4-1536x1152.jpg 1536w, https:\/\/www.huelvaysusfotografos.com\/wp-content\/uploads\/2023\/04\/4.jpg 1600w\" sizes=\"auto, (max-width: 1024px) 100vw, 1024px\" \/><\/a><\/figure>\n\n\n\n<figure class=\"wp-block-image size-large\"><a href=\"https:\/\/www.huelvaysusfotografos.com\/wp-content\/uploads\/2023\/04\/5.jpg\"><img loading=\"lazy\" decoding=\"async\" width=\"1024\" height=\"768\" data-id=\"12744\" src=\"https:\/\/www.huelvaysusfotografos.com\/wp-content\/uploads\/2023\/04\/5-1024x768.jpg\" alt=\"\" class=\"wp-image-12744\" srcset=\"https:\/\/www.huelvaysusfotografos.com\/wp-content\/uploads\/2023\/04\/5-1024x768.jpg 1024w, https:\/\/www.huelvaysusfotografos.com\/wp-content\/uploads\/2023\/04\/5-300x225.jpg 300w, https:\/\/www.huelvaysusfotografos.com\/wp-content\/uploads\/2023\/04\/5-768x576.jpg 768w, https:\/\/www.huelvaysusfotografos.com\/wp-content\/uploads\/2023\/04\/5-1536x1152.jpg 1536w, https:\/\/www.huelvaysusfotografos.com\/wp-content\/uploads\/2023\/04\/5.jpg 1600w\" sizes=\"auto, (max-width: 1024px) 100vw, 1024px\" \/><\/a><\/figure>\n\n\n\n<figure class=\"wp-block-image size-large\"><a href=\"https:\/\/www.huelvaysusfotografos.com\/wp-content\/uploads\/2023\/04\/6.jpg\"><img loading=\"lazy\" decoding=\"async\" width=\"1024\" height=\"768\" data-id=\"12742\" src=\"https:\/\/www.huelvaysusfotografos.com\/wp-content\/uploads\/2023\/04\/6-1024x768.jpg\" alt=\"\" class=\"wp-image-12742\" srcset=\"https:\/\/www.huelvaysusfotografos.com\/wp-content\/uploads\/2023\/04\/6-1024x768.jpg 1024w, https:\/\/www.huelvaysusfotografos.com\/wp-content\/uploads\/2023\/04\/6-300x225.jpg 300w, https:\/\/www.huelvaysusfotografos.com\/wp-content\/uploads\/2023\/04\/6-768x576.jpg 768w, https:\/\/www.huelvaysusfotografos.com\/wp-content\/uploads\/2023\/04\/6-1536x1152.jpg 1536w, https:\/\/www.huelvaysusfotografos.com\/wp-content\/uploads\/2023\/04\/6.jpg 1600w\" sizes=\"auto, (max-width: 1024px) 100vw, 1024px\" \/><\/a><\/figure>\n\n\n\n<figure class=\"wp-block-image size-large\"><a href=\"https:\/\/www.huelvaysusfotografos.com\/wp-content\/uploads\/2023\/04\/7.jpg\"><img loading=\"lazy\" decoding=\"async\" width=\"1600\" height=\"1199\" data-id=\"12746\" src=\"https:\/\/www.huelvaysusfotografos.com\/wp-content\/uploads\/2023\/04\/7-1024x767.jpg\" alt=\"\" class=\"wp-image-12746\" srcset=\"https:\/\/www.huelvaysusfotografos.com\/wp-content\/uploads\/2023\/04\/7-1024x767.jpg 1024w, https:\/\/www.huelvaysusfotografos.com\/wp-content\/uploads\/2023\/04\/7-300x225.jpg 300w, https:\/\/www.huelvaysusfotografos.com\/wp-content\/uploads\/2023\/04\/7-768x576.jpg 768w, https:\/\/www.huelvaysusfotografos.com\/wp-content\/uploads\/2023\/04\/7-1536x1151.jpg 1536w, https:\/\/www.huelvaysusfotografos.com\/wp-content\/uploads\/2023\/04\/7.jpg 1600w\" sizes=\"auto, (max-width: 1600px) 100vw, 1600px\" \/><\/a><\/figure>\n\n\n\n<figure class=\"wp-block-image size-large\"><a href=\"https:\/\/www.huelvaysusfotografos.com\/wp-content\/uploads\/2023\/04\/8.jpg\"><img loading=\"lazy\" decoding=\"async\" width=\"1600\" height=\"1200\" data-id=\"12747\" src=\"https:\/\/www.huelvaysusfotografos.com\/wp-content\/uploads\/2023\/04\/8-1024x768.jpg\" alt=\"\" class=\"wp-image-12747\" srcset=\"https:\/\/www.huelvaysusfotografos.com\/wp-content\/uploads\/2023\/04\/8-1024x768.jpg 1024w, https:\/\/www.huelvaysusfotografos.com\/wp-content\/uploads\/2023\/04\/8-300x225.jpg 300w, https:\/\/www.huelvaysusfotografos.com\/wp-content\/uploads\/2023\/04\/8-768x576.jpg 768w, https:\/\/www.huelvaysusfotografos.com\/wp-content\/uploads\/2023\/04\/8-1536x1152.jpg 1536w, https:\/\/www.huelvaysusfotografos.com\/wp-content\/uploads\/2023\/04\/8.jpg 1600w\" sizes=\"auto, (max-width: 1600px) 100vw, 1600px\" \/><\/a><\/figure>\n\n\n\n<figure class=\"wp-block-image size-large\"><a href=\"https:\/\/www.huelvaysusfotografos.com\/wp-content\/uploads\/2023\/04\/9.jpg\"><img loading=\"lazy\" decoding=\"async\" width=\"1024\" height=\"712\" data-id=\"12748\" src=\"https:\/\/www.huelvaysusfotografos.com\/wp-content\/uploads\/2023\/04\/9-1024x712.jpg\" alt=\"\" class=\"wp-image-12748\" srcset=\"https:\/\/www.huelvaysusfotografos.com\/wp-content\/uploads\/2023\/04\/9-1024x712.jpg 1024w, https:\/\/www.huelvaysusfotografos.com\/wp-content\/uploads\/2023\/04\/9-300x209.jpg 300w, https:\/\/www.huelvaysusfotografos.com\/wp-content\/uploads\/2023\/04\/9-768x534.jpg 768w, https:\/\/www.huelvaysusfotografos.com\/wp-content\/uploads\/2023\/04\/9-1536x1068.jpg 1536w, https:\/\/www.huelvaysusfotografos.com\/wp-content\/uploads\/2023\/04\/9.jpg 1600w\" sizes=\"auto, (max-width: 1024px) 100vw, 1024px\" \/><\/a><\/figure>\n\n\n\n<figure class=\"wp-block-image size-large\"><a href=\"https:\/\/www.huelvaysusfotografos.com\/wp-content\/uploads\/2023\/04\/10.jpg\"><img loading=\"lazy\" decoding=\"async\" width=\"1024\" height=\"768\" data-id=\"12749\" src=\"https:\/\/www.huelvaysusfotografos.com\/wp-content\/uploads\/2023\/04\/10-1024x768.jpg\" alt=\"\" class=\"wp-image-12749\" srcset=\"https:\/\/www.huelvaysusfotografos.com\/wp-content\/uploads\/2023\/04\/10-1024x768.jpg 1024w, https:\/\/www.huelvaysusfotografos.com\/wp-content\/uploads\/2023\/04\/10-300x225.jpg 300w, https:\/\/www.huelvaysusfotografos.com\/wp-content\/uploads\/2023\/04\/10-768x576.jpg 768w, https:\/\/www.huelvaysusfotografos.com\/wp-content\/uploads\/2023\/04\/10-1536x1152.jpg 1536w, https:\/\/www.huelvaysusfotografos.com\/wp-content\/uploads\/2023\/04\/10.jpg 1600w\" sizes=\"auto, (max-width: 1024px) 100vw, 1024px\" \/><\/a><\/figure>\n\n\n\n<figure class=\"wp-block-image size-large\"><a href=\"https:\/\/www.huelvaysusfotografos.com\/wp-content\/uploads\/2023\/04\/11.jpg\"><img loading=\"lazy\" decoding=\"async\" width=\"1024\" height=\"768\" data-id=\"12750\" src=\"https:\/\/www.huelvaysusfotografos.com\/wp-content\/uploads\/2023\/04\/11-1024x768.jpg\" alt=\"\" class=\"wp-image-12750\" srcset=\"https:\/\/www.huelvaysusfotografos.com\/wp-content\/uploads\/2023\/04\/11-1024x768.jpg 1024w, https:\/\/www.huelvaysusfotografos.com\/wp-content\/uploads\/2023\/04\/11-300x225.jpg 300w, https:\/\/www.huelvaysusfotografos.com\/wp-content\/uploads\/2023\/04\/11-768x576.jpg 768w, https:\/\/www.huelvaysusfotografos.com\/wp-content\/uploads\/2023\/04\/11-1536x1152.jpg 1536w, https:\/\/www.huelvaysusfotografos.com\/wp-content\/uploads\/2023\/04\/11.jpg 1600w\" sizes=\"auto, (max-width: 1024px) 100vw, 1024px\" \/><\/a><\/figure>\n\n\n\n<figure class=\"wp-block-image size-large\"><a href=\"https:\/\/www.huelvaysusfotografos.com\/wp-content\/uploads\/2023\/04\/12.jpg\"><img loading=\"lazy\" decoding=\"async\" width=\"1024\" height=\"768\" data-id=\"12751\" src=\"https:\/\/www.huelvaysusfotografos.com\/wp-content\/uploads\/2023\/04\/12-1024x768.jpg\" alt=\"\" class=\"wp-image-12751\" srcset=\"https:\/\/www.huelvaysusfotografos.com\/wp-content\/uploads\/2023\/04\/12-1024x768.jpg 1024w, https:\/\/www.huelvaysusfotografos.com\/wp-content\/uploads\/2023\/04\/12-300x225.jpg 300w, https:\/\/www.huelvaysusfotografos.com\/wp-content\/uploads\/2023\/04\/12-768x576.jpg 768w, https:\/\/www.huelvaysusfotografos.com\/wp-content\/uploads\/2023\/04\/12-1536x1152.jpg 1536w, https:\/\/www.huelvaysusfotografos.com\/wp-content\/uploads\/2023\/04\/12.jpg 1600w\" sizes=\"auto, (max-width: 1024px) 100vw, 1024px\" \/><\/a><\/figure>\n<\/figure>\n","protected":false},"excerpt":{"rendered":"<p>La Iglesia de la Misericordia, alberga nuestra exposici\u00f3n colectiva de \u201cHuelva en Blanco y Negro\u201d. Esta ma\u00f1ana del 1 de abril de 2023, lleg\u00e1bamos a Tavira para inaugurar nuestra exposici\u00f3n colectiva, \u201cHuelva en Blanco y Negro\u201d. Como anfitri\u00f3n ten\u00edamos a nuestro amigo y presidente de Anafa, Joao Ribeiro, que quien junto a Pepe Ram\u00edrez nos esperaba en una cafeter\u00eda cercana a la sede de Anafa y la Iglesia de la<\/p>\n<div class=\"belowpost\"><a class=\"btnmore\" href=\"https:\/\/www.huelvaysusfotografos.com\/?p=12736\">Seguir leyendo<\/a><\/div>\n","protected":false},"author":8279,"featured_media":12737,"comment_status":"open","ping_status":"open","sticky":false,"template":"","format":"standard","meta":{"footnotes":"","_links_to":"","_links_to_target":""},"categories":[23],"tags":[],"class_list":["post-12736","post","type-post","status-publish","format-standard","has-post-thumbnail","hentry","category-exposiciones"],"_links":{"self":[{"href":"https:\/\/www.huelvaysusfotografos.com\/index.php?rest_route=\/wp\/v2\/posts\/12736","targetHints":{"allow":["GET"]}}],"collection":[{"href":"https:\/\/www.huelvaysusfotografos.com\/index.php?rest_route=\/wp\/v2\/posts"}],"about":[{"href":"https:\/\/www.huelvaysusfotografos.com\/index.php?rest_route=\/wp\/v2\/types\/post"}],"author":[{"embeddable":true,"href":"https:\/\/www.huelvaysusfotografos.com\/index.php?rest_route=\/wp\/v2\/users\/8279"}],"replies":[{"embeddable":true,"href":"https:\/\/www.huelvaysusfotografos.com\/index.php?rest_route=%2Fwp%2Fv2%2Fcomments&post=12736"}],"version-history":[{"count":3,"href":"https:\/\/www.huelvaysusfotografos.com\/index.php?rest_route=\/wp\/v2\/posts\/12736\/revisions"}],"predecessor-version":[{"id":12758,"href":"https:\/\/www.huelvaysusfotografos.com\/index.php?rest_route=\/wp\/v2\/posts\/12736\/revisions\/12758"}],"wp:featuredmedia":[{"embeddable":true,"href":"https:\/\/www.huelvaysusfotografos.com\/index.php?rest_route=\/wp\/v2\/media\/12737"}],"wp:attachment":[{"href":"https:\/\/www.huelvaysusfotografos.com\/index.php?rest_route=%2Fwp%2Fv2%2Fmedia&parent=12736"}],"wp:term":[{"taxonomy":"category","embeddable":true,"href":"https:\/\/www.huelvaysusfotografos.com\/index.php?rest_route=%2Fwp%2Fv2%2Fcategories&post=12736"},{"taxonomy":"post_tag","embeddable":true,"href":"https:\/\/www.huelvaysusfotografos.com\/index.php?rest_route=%2Fwp%2Fv2%2Ftags&post=12736"}],"curies":[{"name":"wp","href":"https:\/\/api.w.org\/{rel}","templated":true}]}}