{"id":12723,"date":"2023-03-24T14:19:00","date_gmt":"2023-03-24T13:19:00","guid":{"rendered":"https:\/\/www.huelvaysusfotografos.com\/?p=12723"},"modified":"2023-03-25T00:24:34","modified_gmt":"2023-03-24T23:24:34","slug":"la-armada-visita-la-exposicion-el-camino-rociero-por-el-puerto-de-huelva-de-la-hermandad-del-rocio-de-huelva-y-entrega-un-broche-para-su-simpecado-en-un-emotivo-acto","status":"publish","type":"post","link":"https:\/\/www.huelvaysusfotografos.com\/?p=12723","title":{"rendered":"<strong>La Armada visita la exposici\u00f3n \u00abEl camino rociero por el Puerto de Huelva\u00bb de la Hermandad del Roc\u00edo de Huelva y entrega un broche para su Simpecado en un emotivo acto.<\/strong>"},"content":{"rendered":"\n<p>En el d\u00eda de ayer, jueves 23 de marzo, recibimos una representaci\u00f3n de la Armada Espa\u00f1ola, presidida por su comandante naval, don Federico Ruiz que estuvieron visitando la exposici\u00f3n \u00abEl camino rociero por el Puerto de Huelva\u00bb que se encuentra abierta en la sala patrimonial de la Hermandad del Roc\u00edo de Huelva.<\/p>\n\n\n\n<p>Tanto el comandante como el resto de acompa\u00f1antes se detuvieron e interesaron, con especial inter\u00e9s, en las fotograf\u00edas que plasmaban el paso de la hermandad por la Comandancia de Marina, fotograf\u00edas de una belleza y colorido especiales, donde se entremezclaban las chaquetillas blancas de los caballistas con los uniformes militares de los marinos.<\/p>\n\n\n\n<p>Adem\u00e1s, en un emotivo acto, hicieron entrega de un precioso distintivo de la Armada, a modo de broche, para el Simpecado de la marinera Hermandad del Roc\u00edo de Huelva.<\/p>\n\n\n\n<p>Debemos destacar que el tradicional recibimiento de la Armada es uno de los puntos m\u00e1s destacados y concurridos del recorrido de la comitiva rociera por la ciudad y es esperado por numerosos onubenses que no desean perderse ese momento cargado de emociones rocieras.<\/p>\n\n\n\n<p>Para la hermandad tambi\u00e9n es un momento especial, ya que desde hace m\u00e1s de cincuenta a\u00f1os, la Armada recibe a la hermandad con el rezo de la salve marinera y la tradicional despedida del comandante, dese\u00e1ndoles una \u00abbuena singladura\u00bb hac\u00eda la aldea almonte\u00f1a.<\/p>\n\n\n\n<p>Debemos recordar que la realizaci\u00f3n de este concurso de fotograf\u00edas ha sido posible gracias al patrocinio de la Autoridad Portuaria de Huelva y a la colaboraci\u00f3n de la Asociaci\u00f3n Huelva y sus fot\u00f3grafos<\/p>\n\n\n\n<p>La exposici\u00f3n continuar\u00e1 abierta en la sala patrimonial de la Hermandad hasta el viernes 31 de marzo y se podr\u00e1 visitar de lunes a jueves, en horario de 10 a 14 horas y de 18:30 a 20:30 horas. Los viernes, en el horario de ma\u00f1ana.<\/p>\n\n\n\n<figure class=\"wp-block-image size-large\"><a href=\"https:\/\/www.huelvaysusfotografos.com\/wp-content\/uploads\/2023\/03\/La-Armada-visita-la-exposicion-El-camino-rociero-por-el-Puerto-de-Huelva-de-la-Hermandad-del-Rocio-de-Huelva.jpg\"><img loading=\"lazy\" decoding=\"async\" width=\"1024\" height=\"1024\" src=\"https:\/\/www.huelvaysusfotografos.com\/wp-content\/uploads\/2023\/03\/La-Armada-visita-la-exposicion-El-camino-rociero-por-el-Puerto-de-Huelva-de-la-Hermandad-del-Rocio-de-Huelva-1024x1024.jpg\" alt=\"\" class=\"wp-image-12725\" srcset=\"https:\/\/www.huelvaysusfotografos.com\/wp-content\/uploads\/2023\/03\/La-Armada-visita-la-exposicion-El-camino-rociero-por-el-Puerto-de-Huelva-de-la-Hermandad-del-Rocio-de-Huelva-1024x1024.jpg 1024w, https:\/\/www.huelvaysusfotografos.com\/wp-content\/uploads\/2023\/03\/La-Armada-visita-la-exposicion-El-camino-rociero-por-el-Puerto-de-Huelva-de-la-Hermandad-del-Rocio-de-Huelva-300x300.jpg 300w, https:\/\/www.huelvaysusfotografos.com\/wp-content\/uploads\/2023\/03\/La-Armada-visita-la-exposicion-El-camino-rociero-por-el-Puerto-de-Huelva-de-la-Hermandad-del-Rocio-de-Huelva-150x150.jpg 150w, https:\/\/www.huelvaysusfotografos.com\/wp-content\/uploads\/2023\/03\/La-Armada-visita-la-exposicion-El-camino-rociero-por-el-Puerto-de-Huelva-de-la-Hermandad-del-Rocio-de-Huelva-768x768.jpg 768w, https:\/\/www.huelvaysusfotografos.com\/wp-content\/uploads\/2023\/03\/La-Armada-visita-la-exposicion-El-camino-rociero-por-el-Puerto-de-Huelva-de-la-Hermandad-del-Rocio-de-Huelva.jpg 1536w, https:\/\/www.huelvaysusfotografos.com\/wp-content\/uploads\/2023\/03\/La-Armada-visita-la-exposicion-El-camino-rociero-por-el-Puerto-de-Huelva-de-la-Hermandad-del-Rocio-de-Huelva-50x50.jpg 50w, https:\/\/www.huelvaysusfotografos.com\/wp-content\/uploads\/2023\/03\/La-Armada-visita-la-exposicion-El-camino-rociero-por-el-Puerto-de-Huelva-de-la-Hermandad-del-Rocio-de-Huelva-186x186.jpg 186w\" sizes=\"auto, (max-width: 1024px) 100vw, 1024px\" \/><\/a><\/figure>\n\n\n\n<figure class=\"wp-block-image size-large\"><a href=\"https:\/\/www.huelvaysusfotografos.com\/wp-content\/uploads\/2023\/03\/La-Armada-entrega-un-broche-para-su-Simpecado-en-un-emotivo-acto..jpg\"><img loading=\"lazy\" decoding=\"async\" width=\"1024\" height=\"917\" src=\"https:\/\/www.huelvaysusfotografos.com\/wp-content\/uploads\/2023\/03\/La-Armada-entrega-un-broche-para-su-Simpecado-en-un-emotivo-acto.-1024x917.jpg\" alt=\"\" class=\"wp-image-12726\" srcset=\"https:\/\/www.huelvaysusfotografos.com\/wp-content\/uploads\/2023\/03\/La-Armada-entrega-un-broche-para-su-Simpecado-en-un-emotivo-acto.-1024x917.jpg 1024w, https:\/\/www.huelvaysusfotografos.com\/wp-content\/uploads\/2023\/03\/La-Armada-entrega-un-broche-para-su-Simpecado-en-un-emotivo-acto.-300x269.jpg 300w, https:\/\/www.huelvaysusfotografos.com\/wp-content\/uploads\/2023\/03\/La-Armada-entrega-un-broche-para-su-Simpecado-en-un-emotivo-acto.-768x688.jpg 768w, https:\/\/www.huelvaysusfotografos.com\/wp-content\/uploads\/2023\/03\/La-Armada-entrega-un-broche-para-su-Simpecado-en-un-emotivo-acto..jpg 1520w\" sizes=\"auto, (max-width: 1024px) 100vw, 1024px\" \/><\/a><\/figure>\n","protected":false},"excerpt":{"rendered":"<p>En el d\u00eda de ayer, jueves 23 de marzo, recibimos una representaci\u00f3n de la Armada Espa\u00f1ola, presidida por su comandante naval, don Federico Ruiz que estuvieron visitando la exposici\u00f3n \u00abEl camino rociero por el Puerto de Huelva\u00bb que se encuentra abierta en la sala patrimonial de la Hermandad del Roc\u00edo de Huelva. Tanto el comandante como el resto de acompa\u00f1antes se detuvieron e interesaron, con especial inter\u00e9s, en las fotograf\u00edas<\/p>\n<div class=\"belowpost\"><a class=\"btnmore\" href=\"https:\/\/www.huelvaysusfotografos.com\/?p=12723\">Seguir leyendo<\/a><\/div>\n","protected":false},"author":8279,"featured_media":12724,"comment_status":"open","ping_status":"open","sticky":false,"template":"","format":"standard","meta":{"footnotes":"","_links_to":"","_links_to_target":""},"categories":[23],"tags":[],"class_list":["post-12723","post","type-post","status-publish","format-standard","has-post-thumbnail","hentry","category-exposiciones"],"_links":{"self":[{"href":"https:\/\/www.huelvaysusfotografos.com\/index.php?rest_route=\/wp\/v2\/posts\/12723","targetHints":{"allow":["GET"]}}],"collection":[{"href":"https:\/\/www.huelvaysusfotografos.com\/index.php?rest_route=\/wp\/v2\/posts"}],"about":[{"href":"https:\/\/www.huelvaysusfotografos.com\/index.php?rest_route=\/wp\/v2\/types\/post"}],"author":[{"embeddable":true,"href":"https:\/\/www.huelvaysusfotografos.com\/index.php?rest_route=\/wp\/v2\/users\/8279"}],"replies":[{"embeddable":true,"href":"https:\/\/www.huelvaysusfotografos.com\/index.php?rest_route=%2Fwp%2Fv2%2Fcomments&post=12723"}],"version-history":[{"count":1,"href":"https:\/\/www.huelvaysusfotografos.com\/index.php?rest_route=\/wp\/v2\/posts\/12723\/revisions"}],"predecessor-version":[{"id":12727,"href":"https:\/\/www.huelvaysusfotografos.com\/index.php?rest_route=\/wp\/v2\/posts\/12723\/revisions\/12727"}],"wp:featuredmedia":[{"embeddable":true,"href":"https:\/\/www.huelvaysusfotografos.com\/index.php?rest_route=\/wp\/v2\/media\/12724"}],"wp:attachment":[{"href":"https:\/\/www.huelvaysusfotografos.com\/index.php?rest_route=%2Fwp%2Fv2%2Fmedia&parent=12723"}],"wp:term":[{"taxonomy":"category","embeddable":true,"href":"https:\/\/www.huelvaysusfotografos.com\/index.php?rest_route=%2Fwp%2Fv2%2Fcategories&post=12723"},{"taxonomy":"post_tag","embeddable":true,"href":"https:\/\/www.huelvaysusfotografos.com\/index.php?rest_route=%2Fwp%2Fv2%2Ftags&post=12723"}],"curies":[{"name":"wp","href":"https:\/\/api.w.org\/{rel}","templated":true}]}}