{"id":12665,"date":"2023-03-15T13:52:57","date_gmt":"2023-03-15T12:52:57","guid":{"rendered":"https:\/\/www.huelvaysusfotografos.com\/?p=12665"},"modified":"2023-03-15T13:52:59","modified_gmt":"2023-03-15T12:52:59","slug":"inaugurada-en-la-hermandad-de-huelva-la-exposicion-el-camino-rociero-por-el-puerto-de-huelva","status":"publish","type":"post","link":"https:\/\/www.huelvaysusfotografos.com\/?p=12665","title":{"rendered":"Inaugurada en la Hermandad de Huelva la Exposici\u00f3n \u00abEl camino rociero por el Puerto de Huelva\u00bb."},"content":{"rendered":"\n<p>La <strong>Hermandad del Roc\u00edo de Huelva<\/strong> inaugur\u00f3 su Exposici\u00f3n Fotogr\u00e1fica: <strong><em>\u00abEl camino rociero por el Puerto de Huelva\u00bb,<\/em><\/strong> en la sala de patrimonio de la Hermandad junto con su patrocinador la <strong>Autoridad Portuaria<\/strong> y como colaborador la <strong>Asociaci\u00f3n Huelva y sus fot\u00f3grafos.<\/strong><\/p>\n\n\n\n<p>Ayer tuvo lugar dicha inauguraci\u00f3n de la exposici\u00f3n <strong><em>\u00abEl camino rociero por el Puerto de Huelva\u00bb,<\/em><\/strong> la cual recoge las 20 obras fotogr\u00e1ficas seleccionadas del concurso que se realiz\u00f3 el pasado mes de diciembre. Las fotos reflejan el paso de las distintas hermandades (<em>Ayamonte, Punta Umbr\u00eda, Cartaya Gibrale\u00f3n, Isla Cristina, Emigrantes y Huelva<\/em>) que atraviesan o han atravesado las instalaciones portuarias en su recorrido hasta El Roc\u00edo.<\/p>\n\n\n\n<p><strong><em>Jos\u00e9 Luis Arizmendi<\/em><\/strong>, presidente de la Asociaci\u00f3n Huelva y sus fot\u00f3grafos, agradece lo que se hizo a\u00f1os atr\u00e1s, tomando como referencia la fotograf\u00eda de los autores onubenses para realizar su presentaci\u00f3n del cartel del Roc\u00edo. <em>Esperemos seguir contando con ello en los a\u00f1os venideros. Agradecer, como no, a la Autoridad Portuaria que apoya todas las iniciativas culturales y solidarias, siendo fundamental su colaboraci\u00f3n en todas las acciones que se hace con asociaciones y hermandades de nuestra ciudad<\/em>.<\/p>\n\n\n\n<p>El presidente de la Hermandad, <strong>Juan Carlos Rubio<\/strong>, considera que <em>\u00abestos apoyos y subvenciones a trav\u00e9s de patrocinios como los del Puerto, son una parte importante en los recursos que emplea la Hermandad en su obra social, que es muy extensa, atendiendo much\u00edsimas necesidades\u00bb.<\/em><br>Este a\u00f1o en el que se celebra el 150 aniversario de la constituci\u00f3n de la junta de Obras del Puerto, germen de la actual Autoridad Portuaria de Huelva, deseamos sumarnos a las efem\u00e9rides que est\u00e1 celebrando dicha instituci\u00f3n, la cual fue nombrada Hermana Honoraria de nuestra Hermandad poniendo en valor los estrechos v\u00ednculos que marcan el devenir hist\u00f3rico de estas dos antiguas y se\u00f1eras instituciones.<\/p>\n\n\n\n<p>Es por ello por lo que <strong>Pilar Miranda<\/strong>, presidenta del Puerto ha destacado que <em>\u201cpara el Puerto de Huelva, es un placer colaborar con la Hermandad del Roc\u00edo de Huelva en esta iniciativa, en la que podemos contemplar grandes fotograf\u00edas de una costumbre muy importante en nuestra tierra como es el camino al Roc\u00edo. Gracias a la colaboraci\u00f3n de la Hermandad y la Asociaci\u00f3n Huelva y sus fot\u00f3grafos, podemos disfrutar de una exposici\u00f3n que ofrece a todos los que vengan a verla una parte fundamental de nuestra cultura. El Puerto acompa\u00f1a a las Hermandades y colectivos sociales en proyectos como \u00e9ste, pues enriquecen nuestra sociedad<\/em>\u201d.<\/p>\n\n\n\n<figure class=\"wp-block-gallery has-nested-images columns-default wp-block-gallery-1 is-layout-flex wp-block-gallery-is-layout-flex\">\n<figure class=\"wp-block-image size-large\"><a href=\"https:\/\/www.huelvaysusfotografos.com\/wp-content\/uploads\/2023\/03\/2023.03.14-Exposicion-El-camino-rociero-por-el-puerto-de-huelva-3.jpg\"><img loading=\"lazy\" decoding=\"async\" width=\"1024\" height=\"683\" data-id=\"12671\" src=\"https:\/\/www.huelvaysusfotografos.com\/wp-content\/uploads\/2023\/03\/2023.03.14-Exposicion-El-camino-rociero-por-el-puerto-de-huelva-3.jpg\" alt=\"\" class=\"wp-image-12671\" srcset=\"https:\/\/www.huelvaysusfotografos.com\/wp-content\/uploads\/2023\/03\/2023.03.14-Exposicion-El-camino-rociero-por-el-puerto-de-huelva-3.jpg 1024w, https:\/\/www.huelvaysusfotografos.com\/wp-content\/uploads\/2023\/03\/2023.03.14-Exposicion-El-camino-rociero-por-el-puerto-de-huelva-3-300x200.jpg 300w, https:\/\/www.huelvaysusfotografos.com\/wp-content\/uploads\/2023\/03\/2023.03.14-Exposicion-El-camino-rociero-por-el-puerto-de-huelva-3-768x512.jpg 768w\" sizes=\"auto, (max-width: 1024px) 100vw, 1024px\" \/><\/a><\/figure>\n\n\n\n<figure class=\"wp-block-image size-large\"><a href=\"https:\/\/www.huelvaysusfotografos.com\/wp-content\/uploads\/2023\/03\/2023.03.14-Exposicion-El-camino-rociero-por-el-puerto-de-huelva-5.jpg\"><img loading=\"lazy\" decoding=\"async\" width=\"1024\" height=\"683\" data-id=\"12668\" src=\"https:\/\/www.huelvaysusfotografos.com\/wp-content\/uploads\/2023\/03\/2023.03.14-Exposicion-El-camino-rociero-por-el-puerto-de-huelva-5.jpg\" alt=\"\" class=\"wp-image-12668\" srcset=\"https:\/\/www.huelvaysusfotografos.com\/wp-content\/uploads\/2023\/03\/2023.03.14-Exposicion-El-camino-rociero-por-el-puerto-de-huelva-5.jpg 1024w, https:\/\/www.huelvaysusfotografos.com\/wp-content\/uploads\/2023\/03\/2023.03.14-Exposicion-El-camino-rociero-por-el-puerto-de-huelva-5-300x200.jpg 300w, https:\/\/www.huelvaysusfotografos.com\/wp-content\/uploads\/2023\/03\/2023.03.14-Exposicion-El-camino-rociero-por-el-puerto-de-huelva-5-768x512.jpg 768w\" sizes=\"auto, (max-width: 1024px) 100vw, 1024px\" \/><\/a><\/figure>\n\n\n\n<figure class=\"wp-block-image size-large\"><a href=\"https:\/\/www.huelvaysusfotografos.com\/wp-content\/uploads\/2023\/03\/2023.03.14-Exposicion-El-camino-rociero-por-el-puerto-de-huelva-7.jpg\"><img loading=\"lazy\" decoding=\"async\" width=\"1024\" height=\"683\" data-id=\"12672\" src=\"https:\/\/www.huelvaysusfotografos.com\/wp-content\/uploads\/2023\/03\/2023.03.14-Exposicion-El-camino-rociero-por-el-puerto-de-huelva-7.jpg\" alt=\"\" class=\"wp-image-12672\" srcset=\"https:\/\/www.huelvaysusfotografos.com\/wp-content\/uploads\/2023\/03\/2023.03.14-Exposicion-El-camino-rociero-por-el-puerto-de-huelva-7.jpg 1024w, https:\/\/www.huelvaysusfotografos.com\/wp-content\/uploads\/2023\/03\/2023.03.14-Exposicion-El-camino-rociero-por-el-puerto-de-huelva-7-300x200.jpg 300w, https:\/\/www.huelvaysusfotografos.com\/wp-content\/uploads\/2023\/03\/2023.03.14-Exposicion-El-camino-rociero-por-el-puerto-de-huelva-7-768x512.jpg 768w\" sizes=\"auto, (max-width: 1024px) 100vw, 1024px\" \/><\/a><\/figure>\n\n\n\n<figure class=\"wp-block-image size-large\"><a href=\"https:\/\/www.huelvaysusfotografos.com\/wp-content\/uploads\/2023\/03\/2023.03.14-Exposicion-El-camino-rociero-por-el-puerto-de-huelva-9.jpg\"><img loading=\"lazy\" decoding=\"async\" width=\"1024\" height=\"683\" data-id=\"12667\" src=\"https:\/\/www.huelvaysusfotografos.com\/wp-content\/uploads\/2023\/03\/2023.03.14-Exposicion-El-camino-rociero-por-el-puerto-de-huelva-9.jpg\" alt=\"\" class=\"wp-image-12667\" srcset=\"https:\/\/www.huelvaysusfotografos.com\/wp-content\/uploads\/2023\/03\/2023.03.14-Exposicion-El-camino-rociero-por-el-puerto-de-huelva-9.jpg 1024w, https:\/\/www.huelvaysusfotografos.com\/wp-content\/uploads\/2023\/03\/2023.03.14-Exposicion-El-camino-rociero-por-el-puerto-de-huelva-9-300x200.jpg 300w, https:\/\/www.huelvaysusfotografos.com\/wp-content\/uploads\/2023\/03\/2023.03.14-Exposicion-El-camino-rociero-por-el-puerto-de-huelva-9-768x512.jpg 768w\" sizes=\"auto, (max-width: 1024px) 100vw, 1024px\" \/><\/a><\/figure>\n\n\n\n<figure class=\"wp-block-image size-large\"><a href=\"https:\/\/www.huelvaysusfotografos.com\/wp-content\/uploads\/2023\/03\/2023.03.14-Exposicion-El-camino-rociero-por-el-puerto-de-huelva-10.jpg\"><img loading=\"lazy\" decoding=\"async\" width=\"1024\" height=\"683\" data-id=\"12669\" src=\"https:\/\/www.huelvaysusfotografos.com\/wp-content\/uploads\/2023\/03\/2023.03.14-Exposicion-El-camino-rociero-por-el-puerto-de-huelva-10.jpg\" alt=\"\" class=\"wp-image-12669\" srcset=\"https:\/\/www.huelvaysusfotografos.com\/wp-content\/uploads\/2023\/03\/2023.03.14-Exposicion-El-camino-rociero-por-el-puerto-de-huelva-10.jpg 1024w, https:\/\/www.huelvaysusfotografos.com\/wp-content\/uploads\/2023\/03\/2023.03.14-Exposicion-El-camino-rociero-por-el-puerto-de-huelva-10-300x200.jpg 300w, https:\/\/www.huelvaysusfotografos.com\/wp-content\/uploads\/2023\/03\/2023.03.14-Exposicion-El-camino-rociero-por-el-puerto-de-huelva-10-768x512.jpg 768w\" sizes=\"auto, (max-width: 1024px) 100vw, 1024px\" \/><\/a><\/figure>\n\n\n\n<figure class=\"wp-block-image size-large\"><a href=\"https:\/\/www.huelvaysusfotografos.com\/wp-content\/uploads\/2023\/03\/2023.03.14-Exposicion-El-camino-rociero-por-el-puerto-de-huelva-11.jpg\"><img loading=\"lazy\" decoding=\"async\" width=\"1024\" height=\"683\" data-id=\"12670\" src=\"https:\/\/www.huelvaysusfotografos.com\/wp-content\/uploads\/2023\/03\/2023.03.14-Exposicion-El-camino-rociero-por-el-puerto-de-huelva-11.jpg\" alt=\"\" class=\"wp-image-12670\" srcset=\"https:\/\/www.huelvaysusfotografos.com\/wp-content\/uploads\/2023\/03\/2023.03.14-Exposicion-El-camino-rociero-por-el-puerto-de-huelva-11.jpg 1024w, https:\/\/www.huelvaysusfotografos.com\/wp-content\/uploads\/2023\/03\/2023.03.14-Exposicion-El-camino-rociero-por-el-puerto-de-huelva-11-300x200.jpg 300w, https:\/\/www.huelvaysusfotografos.com\/wp-content\/uploads\/2023\/03\/2023.03.14-Exposicion-El-camino-rociero-por-el-puerto-de-huelva-11-768x512.jpg 768w\" sizes=\"auto, (max-width: 1024px) 100vw, 1024px\" \/><\/a><\/figure>\n\n\n\n<figure class=\"wp-block-image size-large\"><a href=\"https:\/\/www.huelvaysusfotografos.com\/wp-content\/uploads\/2023\/03\/2023.03.14-Exposicion-El-camino-rociero-por-el-puerto-de-huelva-12.jpg\"><img loading=\"lazy\" decoding=\"async\" width=\"1024\" height=\"683\" data-id=\"12673\" src=\"https:\/\/www.huelvaysusfotografos.com\/wp-content\/uploads\/2023\/03\/2023.03.14-Exposicion-El-camino-rociero-por-el-puerto-de-huelva-12.jpg\" alt=\"\" class=\"wp-image-12673\" srcset=\"https:\/\/www.huelvaysusfotografos.com\/wp-content\/uploads\/2023\/03\/2023.03.14-Exposicion-El-camino-rociero-por-el-puerto-de-huelva-12.jpg 1024w, https:\/\/www.huelvaysusfotografos.com\/wp-content\/uploads\/2023\/03\/2023.03.14-Exposicion-El-camino-rociero-por-el-puerto-de-huelva-12-300x200.jpg 300w, https:\/\/www.huelvaysusfotografos.com\/wp-content\/uploads\/2023\/03\/2023.03.14-Exposicion-El-camino-rociero-por-el-puerto-de-huelva-12-768x512.jpg 768w\" sizes=\"auto, (max-width: 1024px) 100vw, 1024px\" \/><\/a><\/figure>\n\n\n\n<figure class=\"wp-block-image size-large\"><a href=\"https:\/\/www.huelvaysusfotografos.com\/wp-content\/uploads\/2023\/03\/2023.03.14-Exposicion-El-camino-rociero-por-el-puerto-de-huelva-13.jpg\"><img loading=\"lazy\" decoding=\"async\" width=\"1024\" height=\"683\" data-id=\"12674\" src=\"https:\/\/www.huelvaysusfotografos.com\/wp-content\/uploads\/2023\/03\/2023.03.14-Exposicion-El-camino-rociero-por-el-puerto-de-huelva-13.jpg\" alt=\"\" class=\"wp-image-12674\" srcset=\"https:\/\/www.huelvaysusfotografos.com\/wp-content\/uploads\/2023\/03\/2023.03.14-Exposicion-El-camino-rociero-por-el-puerto-de-huelva-13.jpg 1024w, https:\/\/www.huelvaysusfotografos.com\/wp-content\/uploads\/2023\/03\/2023.03.14-Exposicion-El-camino-rociero-por-el-puerto-de-huelva-13-300x200.jpg 300w, https:\/\/www.huelvaysusfotografos.com\/wp-content\/uploads\/2023\/03\/2023.03.14-Exposicion-El-camino-rociero-por-el-puerto-de-huelva-13-768x512.jpg 768w\" sizes=\"auto, (max-width: 1024px) 100vw, 1024px\" \/><\/a><\/figure>\n\n\n\n<figure class=\"wp-block-image size-large\"><a href=\"https:\/\/www.huelvaysusfotografos.com\/wp-content\/uploads\/2023\/03\/2023.03.14-Exposicion-El-camino-rociero-por-el-puerto-de-huelva-14.jpg\"><img loading=\"lazy\" decoding=\"async\" width=\"1024\" height=\"683\" data-id=\"12675\" src=\"https:\/\/www.huelvaysusfotografos.com\/wp-content\/uploads\/2023\/03\/2023.03.14-Exposicion-El-camino-rociero-por-el-puerto-de-huelva-14.jpg\" alt=\"\" class=\"wp-image-12675\" srcset=\"https:\/\/www.huelvaysusfotografos.com\/wp-content\/uploads\/2023\/03\/2023.03.14-Exposicion-El-camino-rociero-por-el-puerto-de-huelva-14.jpg 1024w, https:\/\/www.huelvaysusfotografos.com\/wp-content\/uploads\/2023\/03\/2023.03.14-Exposicion-El-camino-rociero-por-el-puerto-de-huelva-14-300x200.jpg 300w, https:\/\/www.huelvaysusfotografos.com\/wp-content\/uploads\/2023\/03\/2023.03.14-Exposicion-El-camino-rociero-por-el-puerto-de-huelva-14-768x512.jpg 768w\" sizes=\"auto, (max-width: 1024px) 100vw, 1024px\" \/><\/a><\/figure>\n\n\n\n<figure class=\"wp-block-image size-large\"><a href=\"https:\/\/www.huelvaysusfotografos.com\/wp-content\/uploads\/2023\/03\/2023.03.14-Exposicion-El-camino-rociero-por-el-puerto-de-huelva-15.jpg\"><img loading=\"lazy\" decoding=\"async\" width=\"1024\" height=\"683\" data-id=\"12678\" src=\"https:\/\/www.huelvaysusfotografos.com\/wp-content\/uploads\/2023\/03\/2023.03.14-Exposicion-El-camino-rociero-por-el-puerto-de-huelva-15.jpg\" alt=\"\" class=\"wp-image-12678\" srcset=\"https:\/\/www.huelvaysusfotografos.com\/wp-content\/uploads\/2023\/03\/2023.03.14-Exposicion-El-camino-rociero-por-el-puerto-de-huelva-15.jpg 1024w, https:\/\/www.huelvaysusfotografos.com\/wp-content\/uploads\/2023\/03\/2023.03.14-Exposicion-El-camino-rociero-por-el-puerto-de-huelva-15-300x200.jpg 300w, https:\/\/www.huelvaysusfotografos.com\/wp-content\/uploads\/2023\/03\/2023.03.14-Exposicion-El-camino-rociero-por-el-puerto-de-huelva-15-768x512.jpg 768w\" sizes=\"auto, (max-width: 1024px) 100vw, 1024px\" \/><\/a><\/figure>\n\n\n\n<figure class=\"wp-block-image size-large\"><a href=\"https:\/\/www.huelvaysusfotografos.com\/wp-content\/uploads\/2023\/03\/2023.03.14-Exposicion-El-camino-rociero-por-el-puerto-de-huelva-16.jpg\"><img loading=\"lazy\" decoding=\"async\" width=\"1024\" height=\"683\" data-id=\"12676\" src=\"https:\/\/www.huelvaysusfotografos.com\/wp-content\/uploads\/2023\/03\/2023.03.14-Exposicion-El-camino-rociero-por-el-puerto-de-huelva-16.jpg\" alt=\"\" class=\"wp-image-12676\" srcset=\"https:\/\/www.huelvaysusfotografos.com\/wp-content\/uploads\/2023\/03\/2023.03.14-Exposicion-El-camino-rociero-por-el-puerto-de-huelva-16.jpg 1024w, https:\/\/www.huelvaysusfotografos.com\/wp-content\/uploads\/2023\/03\/2023.03.14-Exposicion-El-camino-rociero-por-el-puerto-de-huelva-16-300x200.jpg 300w, https:\/\/www.huelvaysusfotografos.com\/wp-content\/uploads\/2023\/03\/2023.03.14-Exposicion-El-camino-rociero-por-el-puerto-de-huelva-16-768x512.jpg 768w\" sizes=\"auto, (max-width: 1024px) 100vw, 1024px\" \/><\/a><\/figure>\n\n\n\n<figure class=\"wp-block-image size-large\"><a href=\"https:\/\/www.huelvaysusfotografos.com\/wp-content\/uploads\/2023\/03\/2023.03.14-Exposicion-El-camino-rociero-por-el-puerto-de-huelva-17.jpg\"><img loading=\"lazy\" decoding=\"async\" width=\"1024\" height=\"683\" data-id=\"12677\" src=\"https:\/\/www.huelvaysusfotografos.com\/wp-content\/uploads\/2023\/03\/2023.03.14-Exposicion-El-camino-rociero-por-el-puerto-de-huelva-17.jpg\" alt=\"\" class=\"wp-image-12677\" srcset=\"https:\/\/www.huelvaysusfotografos.com\/wp-content\/uploads\/2023\/03\/2023.03.14-Exposicion-El-camino-rociero-por-el-puerto-de-huelva-17.jpg 1024w, https:\/\/www.huelvaysusfotografos.com\/wp-content\/uploads\/2023\/03\/2023.03.14-Exposicion-El-camino-rociero-por-el-puerto-de-huelva-17-300x200.jpg 300w, https:\/\/www.huelvaysusfotografos.com\/wp-content\/uploads\/2023\/03\/2023.03.14-Exposicion-El-camino-rociero-por-el-puerto-de-huelva-17-768x512.jpg 768w\" sizes=\"auto, (max-width: 1024px) 100vw, 1024px\" \/><\/a><\/figure>\n\n\n\n<figure class=\"wp-block-image size-large\"><a href=\"https:\/\/www.huelvaysusfotografos.com\/wp-content\/uploads\/2023\/03\/2023.03.14-Exposicion-El-camino-rociero-por-el-puerto-de-huelva-18.jpg\"><img loading=\"lazy\" decoding=\"async\" width=\"1024\" height=\"683\" data-id=\"12679\" src=\"https:\/\/www.huelvaysusfotografos.com\/wp-content\/uploads\/2023\/03\/2023.03.14-Exposicion-El-camino-rociero-por-el-puerto-de-huelva-18.jpg\" alt=\"\" class=\"wp-image-12679\" srcset=\"https:\/\/www.huelvaysusfotografos.com\/wp-content\/uploads\/2023\/03\/2023.03.14-Exposicion-El-camino-rociero-por-el-puerto-de-huelva-18.jpg 1024w, https:\/\/www.huelvaysusfotografos.com\/wp-content\/uploads\/2023\/03\/2023.03.14-Exposicion-El-camino-rociero-por-el-puerto-de-huelva-18-300x200.jpg 300w, https:\/\/www.huelvaysusfotografos.com\/wp-content\/uploads\/2023\/03\/2023.03.14-Exposicion-El-camino-rociero-por-el-puerto-de-huelva-18-768x512.jpg 768w\" sizes=\"auto, (max-width: 1024px) 100vw, 1024px\" \/><\/a><\/figure>\n\n\n\n<figure class=\"wp-block-image size-large\"><a href=\"https:\/\/www.huelvaysusfotografos.com\/wp-content\/uploads\/2023\/03\/2023.03.14-Exposicion-El-camino-rociero-por-el-puerto-de-huelva-19.jpg\"><img loading=\"lazy\" decoding=\"async\" width=\"1024\" height=\"683\" data-id=\"12680\" src=\"https:\/\/www.huelvaysusfotografos.com\/wp-content\/uploads\/2023\/03\/2023.03.14-Exposicion-El-camino-rociero-por-el-puerto-de-huelva-19.jpg\" alt=\"\" class=\"wp-image-12680\" srcset=\"https:\/\/www.huelvaysusfotografos.com\/wp-content\/uploads\/2023\/03\/2023.03.14-Exposicion-El-camino-rociero-por-el-puerto-de-huelva-19.jpg 1024w, https:\/\/www.huelvaysusfotografos.com\/wp-content\/uploads\/2023\/03\/2023.03.14-Exposicion-El-camino-rociero-por-el-puerto-de-huelva-19-300x200.jpg 300w, https:\/\/www.huelvaysusfotografos.com\/wp-content\/uploads\/2023\/03\/2023.03.14-Exposicion-El-camino-rociero-por-el-puerto-de-huelva-19-768x512.jpg 768w\" sizes=\"auto, (max-width: 1024px) 100vw, 1024px\" \/><\/a><\/figure>\n\n\n\n<figure class=\"wp-block-image size-large\"><a href=\"https:\/\/www.huelvaysusfotografos.com\/wp-content\/uploads\/2023\/03\/2023.03.14-Exposicion-El-camino-rociero-por-el-puerto-de-huelva-20.jpg\"><img loading=\"lazy\" decoding=\"async\" width=\"1024\" height=\"683\" data-id=\"12681\" src=\"https:\/\/www.huelvaysusfotografos.com\/wp-content\/uploads\/2023\/03\/2023.03.14-Exposicion-El-camino-rociero-por-el-puerto-de-huelva-20.jpg\" alt=\"\" class=\"wp-image-12681\" srcset=\"https:\/\/www.huelvaysusfotografos.com\/wp-content\/uploads\/2023\/03\/2023.03.14-Exposicion-El-camino-rociero-por-el-puerto-de-huelva-20.jpg 1024w, https:\/\/www.huelvaysusfotografos.com\/wp-content\/uploads\/2023\/03\/2023.03.14-Exposicion-El-camino-rociero-por-el-puerto-de-huelva-20-300x200.jpg 300w, https:\/\/www.huelvaysusfotografos.com\/wp-content\/uploads\/2023\/03\/2023.03.14-Exposicion-El-camino-rociero-por-el-puerto-de-huelva-20-768x512.jpg 768w\" sizes=\"auto, (max-width: 1024px) 100vw, 1024px\" \/><\/a><\/figure>\n\n\n\n<figure class=\"wp-block-image size-large\"><a href=\"https:\/\/www.huelvaysusfotografos.com\/wp-content\/uploads\/2023\/03\/2023.03.14-Exposicion-El-camino-rociero-por-el-puerto-de-huelva-21.jpg\"><img loading=\"lazy\" decoding=\"async\" width=\"1024\" height=\"683\" data-id=\"12682\" src=\"https:\/\/www.huelvaysusfotografos.com\/wp-content\/uploads\/2023\/03\/2023.03.14-Exposicion-El-camino-rociero-por-el-puerto-de-huelva-21.jpg\" alt=\"\" class=\"wp-image-12682\" srcset=\"https:\/\/www.huelvaysusfotografos.com\/wp-content\/uploads\/2023\/03\/2023.03.14-Exposicion-El-camino-rociero-por-el-puerto-de-huelva-21.jpg 1024w, https:\/\/www.huelvaysusfotografos.com\/wp-content\/uploads\/2023\/03\/2023.03.14-Exposicion-El-camino-rociero-por-el-puerto-de-huelva-21-300x200.jpg 300w, https:\/\/www.huelvaysusfotografos.com\/wp-content\/uploads\/2023\/03\/2023.03.14-Exposicion-El-camino-rociero-por-el-puerto-de-huelva-21-768x512.jpg 768w\" sizes=\"auto, (max-width: 1024px) 100vw, 1024px\" \/><\/a><\/figure>\n\n\n\n<figure class=\"wp-block-image size-large\"><a href=\"https:\/\/www.huelvaysusfotografos.com\/wp-content\/uploads\/2023\/03\/2023.03.14-Exposicion-El-camino-rociero-por-el-puerto-de-huelva-22.jpg\"><img loading=\"lazy\" decoding=\"async\" width=\"1024\" height=\"683\" data-id=\"12683\" src=\"https:\/\/www.huelvaysusfotografos.com\/wp-content\/uploads\/2023\/03\/2023.03.14-Exposicion-El-camino-rociero-por-el-puerto-de-huelva-22.jpg\" alt=\"\" class=\"wp-image-12683\" srcset=\"https:\/\/www.huelvaysusfotografos.com\/wp-content\/uploads\/2023\/03\/2023.03.14-Exposicion-El-camino-rociero-por-el-puerto-de-huelva-22.jpg 1024w, https:\/\/www.huelvaysusfotografos.com\/wp-content\/uploads\/2023\/03\/2023.03.14-Exposicion-El-camino-rociero-por-el-puerto-de-huelva-22-300x200.jpg 300w, https:\/\/www.huelvaysusfotografos.com\/wp-content\/uploads\/2023\/03\/2023.03.14-Exposicion-El-camino-rociero-por-el-puerto-de-huelva-22-768x512.jpg 768w\" sizes=\"auto, (max-width: 1024px) 100vw, 1024px\" \/><\/a><\/figure>\n\n\n\n<figure class=\"wp-block-image size-large\"><a href=\"https:\/\/www.huelvaysusfotografos.com\/wp-content\/uploads\/2023\/03\/2023.03.14-Exposicion-El-camino-rociero-por-el-puerto-de-huelva-23.jpg\"><img loading=\"lazy\" decoding=\"async\" width=\"1024\" height=\"683\" data-id=\"12684\" src=\"https:\/\/www.huelvaysusfotografos.com\/wp-content\/uploads\/2023\/03\/2023.03.14-Exposicion-El-camino-rociero-por-el-puerto-de-huelva-23.jpg\" alt=\"\" class=\"wp-image-12684\" srcset=\"https:\/\/www.huelvaysusfotografos.com\/wp-content\/uploads\/2023\/03\/2023.03.14-Exposicion-El-camino-rociero-por-el-puerto-de-huelva-23.jpg 1024w, https:\/\/www.huelvaysusfotografos.com\/wp-content\/uploads\/2023\/03\/2023.03.14-Exposicion-El-camino-rociero-por-el-puerto-de-huelva-23-300x200.jpg 300w, https:\/\/www.huelvaysusfotografos.com\/wp-content\/uploads\/2023\/03\/2023.03.14-Exposicion-El-camino-rociero-por-el-puerto-de-huelva-23-768x512.jpg 768w\" sizes=\"auto, (max-width: 1024px) 100vw, 1024px\" \/><\/a><\/figure>\n\n\n\n<figure class=\"wp-block-image size-large\"><a href=\"https:\/\/www.huelvaysusfotografos.com\/wp-content\/uploads\/2023\/03\/2023.03.14-Exposicion-El-camino-rociero-por-el-puerto-de-huelva-24.jpg\"><img loading=\"lazy\" decoding=\"async\" width=\"1024\" height=\"683\" data-id=\"12687\" src=\"https:\/\/www.huelvaysusfotografos.com\/wp-content\/uploads\/2023\/03\/2023.03.14-Exposicion-El-camino-rociero-por-el-puerto-de-huelva-24.jpg\" alt=\"\" class=\"wp-image-12687\" srcset=\"https:\/\/www.huelvaysusfotografos.com\/wp-content\/uploads\/2023\/03\/2023.03.14-Exposicion-El-camino-rociero-por-el-puerto-de-huelva-24.jpg 1024w, https:\/\/www.huelvaysusfotografos.com\/wp-content\/uploads\/2023\/03\/2023.03.14-Exposicion-El-camino-rociero-por-el-puerto-de-huelva-24-300x200.jpg 300w, https:\/\/www.huelvaysusfotografos.com\/wp-content\/uploads\/2023\/03\/2023.03.14-Exposicion-El-camino-rociero-por-el-puerto-de-huelva-24-768x512.jpg 768w\" sizes=\"auto, (max-width: 1024px) 100vw, 1024px\" \/><\/a><\/figure>\n\n\n\n<figure class=\"wp-block-image size-large\"><a href=\"https:\/\/www.huelvaysusfotografos.com\/wp-content\/uploads\/2023\/03\/2023.03.14-Exposicion-El-camino-rociero-por-el-puerto-de-huelva-25.jpg\"><img loading=\"lazy\" decoding=\"async\" width=\"1024\" height=\"683\" data-id=\"12686\" src=\"https:\/\/www.huelvaysusfotografos.com\/wp-content\/uploads\/2023\/03\/2023.03.14-Exposicion-El-camino-rociero-por-el-puerto-de-huelva-25.jpg\" alt=\"\" class=\"wp-image-12686\" srcset=\"https:\/\/www.huelvaysusfotografos.com\/wp-content\/uploads\/2023\/03\/2023.03.14-Exposicion-El-camino-rociero-por-el-puerto-de-huelva-25.jpg 1024w, https:\/\/www.huelvaysusfotografos.com\/wp-content\/uploads\/2023\/03\/2023.03.14-Exposicion-El-camino-rociero-por-el-puerto-de-huelva-25-300x200.jpg 300w, https:\/\/www.huelvaysusfotografos.com\/wp-content\/uploads\/2023\/03\/2023.03.14-Exposicion-El-camino-rociero-por-el-puerto-de-huelva-25-768x512.jpg 768w\" sizes=\"auto, (max-width: 1024px) 100vw, 1024px\" \/><\/a><\/figure>\n\n\n\n<figure class=\"wp-block-image size-large\"><a href=\"https:\/\/www.huelvaysusfotografos.com\/wp-content\/uploads\/2023\/03\/2023.03.14-Exposicion-El-camino-rociero-por-el-puerto-de-huelva-26.jpg\"><img loading=\"lazy\" decoding=\"async\" width=\"1024\" height=\"683\" data-id=\"12685\" src=\"https:\/\/www.huelvaysusfotografos.com\/wp-content\/uploads\/2023\/03\/2023.03.14-Exposicion-El-camino-rociero-por-el-puerto-de-huelva-26.jpg\" alt=\"\" class=\"wp-image-12685\" srcset=\"https:\/\/www.huelvaysusfotografos.com\/wp-content\/uploads\/2023\/03\/2023.03.14-Exposicion-El-camino-rociero-por-el-puerto-de-huelva-26.jpg 1024w, https:\/\/www.huelvaysusfotografos.com\/wp-content\/uploads\/2023\/03\/2023.03.14-Exposicion-El-camino-rociero-por-el-puerto-de-huelva-26-300x200.jpg 300w, https:\/\/www.huelvaysusfotografos.com\/wp-content\/uploads\/2023\/03\/2023.03.14-Exposicion-El-camino-rociero-por-el-puerto-de-huelva-26-768x512.jpg 768w\" sizes=\"auto, (max-width: 1024px) 100vw, 1024px\" \/><\/a><\/figure>\n\n\n\n<figure class=\"wp-block-image size-large\"><a href=\"https:\/\/www.huelvaysusfotografos.com\/wp-content\/uploads\/2023\/03\/2023.03.14-Exposicion-El-camino-rociero-por-el-puerto-de-huelva-27.jpg\"><img loading=\"lazy\" decoding=\"async\" width=\"1024\" height=\"683\" data-id=\"12688\" src=\"https:\/\/www.huelvaysusfotografos.com\/wp-content\/uploads\/2023\/03\/2023.03.14-Exposicion-El-camino-rociero-por-el-puerto-de-huelva-27.jpg\" alt=\"\" class=\"wp-image-12688\" srcset=\"https:\/\/www.huelvaysusfotografos.com\/wp-content\/uploads\/2023\/03\/2023.03.14-Exposicion-El-camino-rociero-por-el-puerto-de-huelva-27.jpg 1024w, https:\/\/www.huelvaysusfotografos.com\/wp-content\/uploads\/2023\/03\/2023.03.14-Exposicion-El-camino-rociero-por-el-puerto-de-huelva-27-300x200.jpg 300w, https:\/\/www.huelvaysusfotografos.com\/wp-content\/uploads\/2023\/03\/2023.03.14-Exposicion-El-camino-rociero-por-el-puerto-de-huelva-27-768x512.jpg 768w\" sizes=\"auto, (max-width: 1024px) 100vw, 1024px\" \/><\/a><\/figure>\n\n\n\n<figure class=\"wp-block-image size-large\"><a href=\"https:\/\/www.huelvaysusfotografos.com\/wp-content\/uploads\/2023\/03\/2023.03.14-Exposicion-El-camino-rociero-por-el-puerto-de-huelva-28.jpg\"><img loading=\"lazy\" decoding=\"async\" width=\"1024\" height=\"683\" data-id=\"12689\" src=\"https:\/\/www.huelvaysusfotografos.com\/wp-content\/uploads\/2023\/03\/2023.03.14-Exposicion-El-camino-rociero-por-el-puerto-de-huelva-28.jpg\" alt=\"\" class=\"wp-image-12689\" srcset=\"https:\/\/www.huelvaysusfotografos.com\/wp-content\/uploads\/2023\/03\/2023.03.14-Exposicion-El-camino-rociero-por-el-puerto-de-huelva-28.jpg 1024w, https:\/\/www.huelvaysusfotografos.com\/wp-content\/uploads\/2023\/03\/2023.03.14-Exposicion-El-camino-rociero-por-el-puerto-de-huelva-28-300x200.jpg 300w, https:\/\/www.huelvaysusfotografos.com\/wp-content\/uploads\/2023\/03\/2023.03.14-Exposicion-El-camino-rociero-por-el-puerto-de-huelva-28-768x512.jpg 768w\" sizes=\"auto, (max-width: 1024px) 100vw, 1024px\" \/><\/a><\/figure>\n\n\n\n<figure class=\"wp-block-image size-large\"><a href=\"https:\/\/www.huelvaysusfotografos.com\/wp-content\/uploads\/2023\/03\/2023.03.14-Exposicion-El-camino-rociero-por-el-puerto-de-huelva-29.jpg\"><img loading=\"lazy\" decoding=\"async\" width=\"1024\" height=\"683\" data-id=\"12690\" src=\"https:\/\/www.huelvaysusfotografos.com\/wp-content\/uploads\/2023\/03\/2023.03.14-Exposicion-El-camino-rociero-por-el-puerto-de-huelva-29.jpg\" alt=\"\" class=\"wp-image-12690\" srcset=\"https:\/\/www.huelvaysusfotografos.com\/wp-content\/uploads\/2023\/03\/2023.03.14-Exposicion-El-camino-rociero-por-el-puerto-de-huelva-29.jpg 1024w, https:\/\/www.huelvaysusfotografos.com\/wp-content\/uploads\/2023\/03\/2023.03.14-Exposicion-El-camino-rociero-por-el-puerto-de-huelva-29-300x200.jpg 300w, https:\/\/www.huelvaysusfotografos.com\/wp-content\/uploads\/2023\/03\/2023.03.14-Exposicion-El-camino-rociero-por-el-puerto-de-huelva-29-768x512.jpg 768w\" sizes=\"auto, (max-width: 1024px) 100vw, 1024px\" \/><\/a><\/figure>\n\n\n\n<figure class=\"wp-block-image size-large\"><a href=\"https:\/\/www.huelvaysusfotografos.com\/wp-content\/uploads\/2023\/03\/2023.03.14-Exposicion-El-camino-rociero-por-el-puerto-de-huelva-30.jpg\"><img loading=\"lazy\" decoding=\"async\" width=\"1024\" height=\"683\" data-id=\"12692\" src=\"https:\/\/www.huelvaysusfotografos.com\/wp-content\/uploads\/2023\/03\/2023.03.14-Exposicion-El-camino-rociero-por-el-puerto-de-huelva-30.jpg\" alt=\"\" class=\"wp-image-12692\" srcset=\"https:\/\/www.huelvaysusfotografos.com\/wp-content\/uploads\/2023\/03\/2023.03.14-Exposicion-El-camino-rociero-por-el-puerto-de-huelva-30.jpg 1024w, https:\/\/www.huelvaysusfotografos.com\/wp-content\/uploads\/2023\/03\/2023.03.14-Exposicion-El-camino-rociero-por-el-puerto-de-huelva-30-300x200.jpg 300w, https:\/\/www.huelvaysusfotografos.com\/wp-content\/uploads\/2023\/03\/2023.03.14-Exposicion-El-camino-rociero-por-el-puerto-de-huelva-30-768x512.jpg 768w\" sizes=\"auto, (max-width: 1024px) 100vw, 1024px\" \/><\/a><\/figure>\n\n\n\n<figure class=\"wp-block-image size-large\"><a href=\"https:\/\/www.huelvaysusfotografos.com\/wp-content\/uploads\/2023\/03\/2023.03.14-Exposicion-El-camino-rociero-por-el-puerto-de-huelva-33.jpg\"><img loading=\"lazy\" decoding=\"async\" width=\"1024\" height=\"683\" data-id=\"12691\" src=\"https:\/\/www.huelvaysusfotografos.com\/wp-content\/uploads\/2023\/03\/2023.03.14-Exposicion-El-camino-rociero-por-el-puerto-de-huelva-33.jpg\" alt=\"\" class=\"wp-image-12691\" srcset=\"https:\/\/www.huelvaysusfotografos.com\/wp-content\/uploads\/2023\/03\/2023.03.14-Exposicion-El-camino-rociero-por-el-puerto-de-huelva-33.jpg 1024w, https:\/\/www.huelvaysusfotografos.com\/wp-content\/uploads\/2023\/03\/2023.03.14-Exposicion-El-camino-rociero-por-el-puerto-de-huelva-33-300x200.jpg 300w, https:\/\/www.huelvaysusfotografos.com\/wp-content\/uploads\/2023\/03\/2023.03.14-Exposicion-El-camino-rociero-por-el-puerto-de-huelva-33-768x512.jpg 768w\" sizes=\"auto, (max-width: 1024px) 100vw, 1024px\" \/><\/a><\/figure>\n\n\n\n<figure class=\"wp-block-image size-large\"><a href=\"https:\/\/www.huelvaysusfotografos.com\/wp-content\/uploads\/2023\/03\/2023.03.14-Exposicion-El-camino-rociero-por-el-puerto-de-huelva-34.jpg\"><img loading=\"lazy\" decoding=\"async\" width=\"1024\" height=\"683\" data-id=\"12693\" src=\"https:\/\/www.huelvaysusfotografos.com\/wp-content\/uploads\/2023\/03\/2023.03.14-Exposicion-El-camino-rociero-por-el-puerto-de-huelva-34.jpg\" alt=\"\" class=\"wp-image-12693\" srcset=\"https:\/\/www.huelvaysusfotografos.com\/wp-content\/uploads\/2023\/03\/2023.03.14-Exposicion-El-camino-rociero-por-el-puerto-de-huelva-34.jpg 1024w, https:\/\/www.huelvaysusfotografos.com\/wp-content\/uploads\/2023\/03\/2023.03.14-Exposicion-El-camino-rociero-por-el-puerto-de-huelva-34-300x200.jpg 300w, https:\/\/www.huelvaysusfotografos.com\/wp-content\/uploads\/2023\/03\/2023.03.14-Exposicion-El-camino-rociero-por-el-puerto-de-huelva-34-768x512.jpg 768w\" sizes=\"auto, (max-width: 1024px) 100vw, 1024px\" \/><\/a><\/figure>\n\n\n\n<figure class=\"wp-block-image size-large\"><a href=\"https:\/\/www.huelvaysusfotografos.com\/wp-content\/uploads\/2023\/03\/2023.03.14-Exposicion-El-camino-rociero-por-el-puerto-de-huelva-36.jpg\"><img loading=\"lazy\" decoding=\"async\" width=\"1024\" height=\"683\" data-id=\"12694\" src=\"https:\/\/www.huelvaysusfotografos.com\/wp-content\/uploads\/2023\/03\/2023.03.14-Exposicion-El-camino-rociero-por-el-puerto-de-huelva-36.jpg\" alt=\"\" class=\"wp-image-12694\" srcset=\"https:\/\/www.huelvaysusfotografos.com\/wp-content\/uploads\/2023\/03\/2023.03.14-Exposicion-El-camino-rociero-por-el-puerto-de-huelva-36.jpg 1024w, https:\/\/www.huelvaysusfotografos.com\/wp-content\/uploads\/2023\/03\/2023.03.14-Exposicion-El-camino-rociero-por-el-puerto-de-huelva-36-300x200.jpg 300w, https:\/\/www.huelvaysusfotografos.com\/wp-content\/uploads\/2023\/03\/2023.03.14-Exposicion-El-camino-rociero-por-el-puerto-de-huelva-36-768x512.jpg 768w\" sizes=\"auto, (max-width: 1024px) 100vw, 1024px\" \/><\/a><\/figure>\n<\/figure>\n","protected":false},"excerpt":{"rendered":"<p>La Hermandad del Roc\u00edo de Huelva inaugur\u00f3 su Exposici\u00f3n Fotogr\u00e1fica: \u00abEl camino rociero por el Puerto de Huelva\u00bb, en la sala de patrimonio de la Hermandad junto con su patrocinador la Autoridad Portuaria y como colaborador la Asociaci\u00f3n Huelva y sus fot\u00f3grafos. Ayer tuvo lugar dicha inauguraci\u00f3n de la exposici\u00f3n \u00abEl camino rociero por el Puerto de Huelva\u00bb, la cual recoge las 20 obras fotogr\u00e1ficas seleccionadas del concurso que se<\/p>\n<div class=\"belowpost\"><a class=\"btnmore\" href=\"https:\/\/www.huelvaysusfotografos.com\/?p=12665\">Seguir leyendo<\/a><\/div>\n","protected":false},"author":8279,"featured_media":12666,"comment_status":"open","ping_status":"open","sticky":false,"template":"","format":"standard","meta":{"footnotes":"","_links_to":"","_links_to_target":""},"categories":[23],"tags":[],"class_list":["post-12665","post","type-post","status-publish","format-standard","has-post-thumbnail","hentry","category-exposiciones"],"_links":{"self":[{"href":"https:\/\/www.huelvaysusfotografos.com\/index.php?rest_route=\/wp\/v2\/posts\/12665","targetHints":{"allow":["GET"]}}],"collection":[{"href":"https:\/\/www.huelvaysusfotografos.com\/index.php?rest_route=\/wp\/v2\/posts"}],"about":[{"href":"https:\/\/www.huelvaysusfotografos.com\/index.php?rest_route=\/wp\/v2\/types\/post"}],"author":[{"embeddable":true,"href":"https:\/\/www.huelvaysusfotografos.com\/index.php?rest_route=\/wp\/v2\/users\/8279"}],"replies":[{"embeddable":true,"href":"https:\/\/www.huelvaysusfotografos.com\/index.php?rest_route=%2Fwp%2Fv2%2Fcomments&post=12665"}],"version-history":[{"count":1,"href":"https:\/\/www.huelvaysusfotografos.com\/index.php?rest_route=\/wp\/v2\/posts\/12665\/revisions"}],"predecessor-version":[{"id":12695,"href":"https:\/\/www.huelvaysusfotografos.com\/index.php?rest_route=\/wp\/v2\/posts\/12665\/revisions\/12695"}],"wp:featuredmedia":[{"embeddable":true,"href":"https:\/\/www.huelvaysusfotografos.com\/index.php?rest_route=\/wp\/v2\/media\/12666"}],"wp:attachment":[{"href":"https:\/\/www.huelvaysusfotografos.com\/index.php?rest_route=%2Fwp%2Fv2%2Fmedia&parent=12665"}],"wp:term":[{"taxonomy":"category","embeddable":true,"href":"https:\/\/www.huelvaysusfotografos.com\/index.php?rest_route=%2Fwp%2Fv2%2Fcategories&post=12665"},{"taxonomy":"post_tag","embeddable":true,"href":"https:\/\/www.huelvaysusfotografos.com\/index.php?rest_route=%2Fwp%2Fv2%2Ftags&post=12665"}],"curies":[{"name":"wp","href":"https:\/\/api.w.org\/{rel}","templated":true}]}}