{"id":12653,"date":"2023-03-11T16:34:45","date_gmt":"2023-03-11T15:34:45","guid":{"rendered":"https:\/\/www.huelvaysusfotografos.com\/?p=12653"},"modified":"2023-03-24T11:11:55","modified_gmt":"2023-03-24T10:11:55","slug":"concurso-reto-semanal","status":"publish","type":"post","link":"https:\/\/www.huelvaysusfotografos.com\/?p=12653","title":{"rendered":"<strong><u>Concurso Reto Semanal.<\/u><\/strong>"},"content":{"rendered":"\n<p>Lanzamos el Concurso Reto Semanal para los socios de Huelva y sus Fot\u00f3grafos.<\/p>\n\n\n\n<p>Como tod@s recordar\u00e9is fue durante la pandemia y nuestro encierro obligatorio, cuando plante\u00e1bamos estos retos.<\/p>\n\n\n\n<p>Alcanzando una cifra superior a 7.500 fotograf\u00edas en esos meses de encierro.<\/p>\n\n\n\n<p>Queremos llegar un paso m\u00e1s all\u00e1 y premiaros por vuestra participaci\u00f3n en los retos y ver los magn\u00edficos trabajos que podemos llevar a cabo.<\/p>\n\n\n\n<p>Se tratar\u00e1 de un reto semanal con la tem\u00e1tica que planteemos, donde podr\u00e1n participar tod@s los socios cumpliendo con las especificaciones que os digamos. De entre todas las fotos que se env\u00eden durante la semana se elegir\u00e1 una foto ganadora. As\u00ed se har\u00e1 durante las semanas que comprendan cada mes.<\/p>\n\n\n\n<p>Tendremos al final de cada mes 4 \u00f3 5 fotos ganadores, dependiendo del n\u00famero de semanas que tiene cada mes.<\/p>\n\n\n\n<p>Trimestralmente ser\u00e1n vistas por un Jurado todas las fotos seleccionadas de las semanas precedentes y se elegir\u00e1 una foto ganadora del Trimestre.<\/p>\n\n\n\n<p>El ganador del Reto de la foto trimestral, ser\u00e1 obsequiado con un Pack Experiencia, con estancias en Hotel, donde podr\u00e1 elegir el lugar donde pasar esos d\u00edas de vacaciones. Esto se har\u00e1 durante todo el a\u00f1o 2023 y primer trimestre de 2024. Es decir ser\u00e1n cuatro trimestres. Donde entregaremos 4 premios. Los trimestres ser\u00e1n de abril a junio, de julio a septiembre, de octubre a diciembre de 2023 y de enero a marzo de 2024.<\/p>\n\n\n\n<p>La participaci\u00f3n en este reto semanal, implica la aceptaci\u00f3n de todas las normas del concurso.<\/p>\n\n\n\n<p><strong><u>Bases del Concuro<\/u><\/strong><\/p>\n\n\n\n<p>1.- Se enviar\u00e1 una sola foto por socio a la semana, al correo de la Asociaci\u00f3n <a href=\"mailto:huelvaysf@gmail.com\">huelvaysf@gmail.com<\/a> Indicando el reto en el que participa.<\/p>\n\n\n\n<p>En el Asunto indicar\u00e1.- Reto semanal y el tema elegido<\/p>\n\n\n\n<p>En el cuerpo del mail.- Se indicar\u00e1n los datos personales. Y titulo de la obra presentada, que ser\u00e1 identificada en el archivo enviado.<\/p>\n\n\n\n<p>2.- El tema principal ser\u00e1 \u201cel indicado cada semana\u201d en todas sus facetas: paisajes, pueblos, ciudades, gentes, costumbres, alimentaci\u00f3n, colores, objetos, etc.<\/p>\n\n\n\n<p>La foto deber\u00e1 cumplir con el tema elegido para la semana.<\/p>\n\n\n\n<p>3.- La inscripci\u00f3n ser\u00e1 gratuita y se podr\u00e1 presentar una fotograf\u00eda por autor. El plazo de presentaci\u00f3n ser\u00e1 semanal, dando comienzo desde el 1 abril de 2023. Las fotos se presentar\u00e1n el desde las 9.00 horas del Lunes de cada semana hasta las 22.00 del Domingo de esa misma semana.<\/p>\n\n\n\n<p>4.- Las fotograf\u00edas se presentar\u00e1n en formato digital (JPG) con una resoluci\u00f3n que no exceder\u00e1 de 1 MB, en blanco y negro o color, no siendo premiadas con anterioridad. Las fotos deber\u00e1n ir sin firma, ni marca de agua. La persona que inscriba sus obras se declara autor\/a de la\/las misma\/s.<\/p>\n\n\n\n<p>5.- El fallo se har\u00e1 p\u00fablico durante el mes siguiente a la finalizaci\u00f3n del trimestre y ser\u00e1 comunicado al premiado. El jurado, cuya decisi\u00f3n ser\u00e1 inapelable, podr\u00e1 declarar desierto cualquier premio.<\/p>\n\n\n\n<p>El jurado estar\u00e1 capacitado para resolver cualquier incidencia, siempre de acuerdo a lo establecido en las presentes bases, dejando constancia razonada en el acta correspondiente.<\/p>\n\n\n\n<p>6.- Se establecen los siguientes premios:<\/p>\n\n\n\n<p>El ganador del Reto de la foto trimestral, ser\u00e1 obsequiado con un Pack Experiencia, consistente en estancias de Hotel. Tendremos 4 premios, uno por cada trimestre.<\/p>\n\n\n\n<p>7.- Responsabilidad<\/p>\n\n\n\n<p>Las personas participantes en el Concurso se comprometen a que la informaci\u00f3n que faciliten sea completa, veraz y actualizada. La Organizaci\u00f3n declina cualquier responsabilidad que pudiera derivarse de los posibles errores, omisiones o falsedades derivados de los datos. Facilitados por las personas concursantes y\/o seleccionadas. En el supuesto de que la Organizaci\u00f3n fuese objeto de cualquier reclamaci\u00f3n iniciada por terceras partes en base a posibles infracciones de los derechos de propiedad intelectual o de imagen de los mismos en relaci\u00f3n con la fotograf\u00eda enviada al concurso, las personas participantes responsables de haberla enviado asumir\u00e1n cuantos gastos, costes e indemnizaciones pudieran derivarse de la reclamaci\u00f3n.<\/p>\n\n\n\n<p>8.- La utilizaci\u00f3n y destino de las obras, a las que se hace referencia en las presentes bases, se efectuar\u00e1 conforme a lo establecido en el Real Decreto legislativo 1\/1996 de 12 de abril, por el que se aprueba el texto refundido de la Ley de propiedad Intelectual, respet\u00e1ndose con ello la propiedad intelectual de los autores sobre las obras presentadas.<\/p>\n\n\n\n<p>Una selecci\u00f3n de las mejores fotograf\u00edas podr\u00e1 ser divulgada. Dichas fotograf\u00edas se mostrar\u00e1n a trav\u00e9s de las redes sociales de la Asociaci\u00f3n Huelva y sus Fot\u00f3grafos. Respecto a las fotograf\u00edas premiadas, la AHYSF, como organizador del concurso, tendr\u00e1 derecho de uso con finalidad cultural, educativa o divulgativa, siempre citando al autor, quien no pierde el derecho de propiedad intelectual sobre su obra.<\/p>\n\n\n\n<p>9.- La participaci\u00f3n en este concurso supone la total aceptaci\u00f3n de las presentes bases y su no cumplimiento ser\u00e1 causa de eliminaci\u00f3n.<\/p>\n\n\n\n<figure class=\"wp-block-image size-large\"><a href=\"https:\/\/www.huelvaysusfotografos.com\/wp-content\/uploads\/2023\/03\/CARTEL-RETO-SEMANAL-WEB-FAF-1.jpg\"><img loading=\"lazy\" decoding=\"async\" width=\"1024\" height=\"1024\" src=\"https:\/\/www.huelvaysusfotografos.com\/wp-content\/uploads\/2023\/03\/CARTEL-RETO-SEMANAL-WEB-FAF-1-1024x1024.jpg\" alt=\"\" class=\"wp-image-12655\" srcset=\"https:\/\/www.huelvaysusfotografos.com\/wp-content\/uploads\/2023\/03\/CARTEL-RETO-SEMANAL-WEB-FAF-1-1024x1024.jpg 1024w, https:\/\/www.huelvaysusfotografos.com\/wp-content\/uploads\/2023\/03\/CARTEL-RETO-SEMANAL-WEB-FAF-1-300x300.jpg 300w, https:\/\/www.huelvaysusfotografos.com\/wp-content\/uploads\/2023\/03\/CARTEL-RETO-SEMANAL-WEB-FAF-1-150x150.jpg 150w, https:\/\/www.huelvaysusfotografos.com\/wp-content\/uploads\/2023\/03\/CARTEL-RETO-SEMANAL-WEB-FAF-1-768x768.jpg 768w, https:\/\/www.huelvaysusfotografos.com\/wp-content\/uploads\/2023\/03\/CARTEL-RETO-SEMANAL-WEB-FAF-1-50x50.jpg 50w, https:\/\/www.huelvaysusfotografos.com\/wp-content\/uploads\/2023\/03\/CARTEL-RETO-SEMANAL-WEB-FAF-1-186x186.jpg 186w, https:\/\/www.huelvaysusfotografos.com\/wp-content\/uploads\/2023\/03\/CARTEL-RETO-SEMANAL-WEB-FAF-1.jpg 1080w\" sizes=\"auto, (max-width: 1024px) 100vw, 1024px\" \/><\/a><\/figure>\n","protected":false},"excerpt":{"rendered":"<p>Lanzamos el Concurso Reto Semanal para los socios de Huelva y sus Fot\u00f3grafos. Como tod@s recordar\u00e9is fue durante la pandemia y nuestro encierro obligatorio, cuando plante\u00e1bamos estos retos. Alcanzando una cifra superior a 7.500 fotograf\u00edas en esos meses de encierro. Queremos llegar un paso m\u00e1s all\u00e1 y premiaros por vuestra participaci\u00f3n en los retos y ver los magn\u00edficos trabajos que podemos llevar a cabo. Se tratar\u00e1 de un reto semanal<\/p>\n<div class=\"belowpost\"><a class=\"btnmore\" href=\"https:\/\/www.huelvaysusfotografos.com\/?p=12653\">Seguir leyendo<\/a><\/div>\n","protected":false},"author":8279,"featured_media":12654,"comment_status":"open","ping_status":"open","sticky":false,"template":"","format":"standard","meta":{"footnotes":"","_links_to":"","_links_to_target":""},"categories":[12],"tags":[],"class_list":["post-12653","post","type-post","status-publish","format-standard","has-post-thumbnail","hentry","category-concursos"],"_links":{"self":[{"href":"https:\/\/www.huelvaysusfotografos.com\/index.php?rest_route=\/wp\/v2\/posts\/12653","targetHints":{"allow":["GET"]}}],"collection":[{"href":"https:\/\/www.huelvaysusfotografos.com\/index.php?rest_route=\/wp\/v2\/posts"}],"about":[{"href":"https:\/\/www.huelvaysusfotografos.com\/index.php?rest_route=\/wp\/v2\/types\/post"}],"author":[{"embeddable":true,"href":"https:\/\/www.huelvaysusfotografos.com\/index.php?rest_route=\/wp\/v2\/users\/8279"}],"replies":[{"embeddable":true,"href":"https:\/\/www.huelvaysusfotografos.com\/index.php?rest_route=%2Fwp%2Fv2%2Fcomments&post=12653"}],"version-history":[{"count":4,"href":"https:\/\/www.huelvaysusfotografos.com\/index.php?rest_route=\/wp\/v2\/posts\/12653\/revisions"}],"predecessor-version":[{"id":12722,"href":"https:\/\/www.huelvaysusfotografos.com\/index.php?rest_route=\/wp\/v2\/posts\/12653\/revisions\/12722"}],"wp:featuredmedia":[{"embeddable":true,"href":"https:\/\/www.huelvaysusfotografos.com\/index.php?rest_route=\/wp\/v2\/media\/12654"}],"wp:attachment":[{"href":"https:\/\/www.huelvaysusfotografos.com\/index.php?rest_route=%2Fwp%2Fv2%2Fmedia&parent=12653"}],"wp:term":[{"taxonomy":"category","embeddable":true,"href":"https:\/\/www.huelvaysusfotografos.com\/index.php?rest_route=%2Fwp%2Fv2%2Fcategories&post=12653"},{"taxonomy":"post_tag","embeddable":true,"href":"https:\/\/www.huelvaysusfotografos.com\/index.php?rest_route=%2Fwp%2Fv2%2Ftags&post=12653"}],"curies":[{"name":"wp","href":"https:\/\/api.w.org\/{rel}","templated":true}]}}