{"id":12486,"date":"2023-02-20T23:49:13","date_gmt":"2023-02-20T22:49:13","guid":{"rendered":"https:\/\/www.huelvaysusfotografos.com\/?p=12486"},"modified":"2023-02-20T23:49:15","modified_gmt":"2023-02-20T22:49:15","slug":"fotea-2023-metamorfosis-de-mariaan-cotton","status":"publish","type":"post","link":"https:\/\/www.huelvaysusfotografos.com\/?p=12486","title":{"rendered":"<strong>Fotea 2023, \u201cMetamorfosis\u201d, de Mariaan Cotton.<\/strong>"},"content":{"rendered":"\n<p>Llega nuestra edici\u00f3n de Fotea 2023, que este a\u00f1o viene de la mano de la dise\u00f1adora onubense Mariaan Cott\u00f3n.<\/p>\n\n\n\n<p>Se llevar\u00e1 a cabo el pr\u00f3ximo s\u00e1bado 4 de marzo de 2023 en el entorno de las Cocheras del Puerto en Huelva. En horario de 10.00 a 14.00 horas.<\/p>\n\n\n\n<p>Aquellos que deseen participar, que lo vayan indicando en el correo de la Asociaci\u00f3n para ir programando la actividad.<\/p>\n\n\n\n<p><strong><em>Datos sobre la dise\u00f1adora y la colecci\u00f3n de Fotea 2023<\/em><\/strong>.<\/p>\n\n\n\n<p>Mariaan Cotton es una dise\u00f1adora de moda nacida en Huelva hace 32 a\u00f1os. Mariaan decidi\u00f3 darle un giro a su vida de 180 grados hace tres a\u00f1os, puesto que la onubense es m\u00e9dico.<\/p>\n\n\n\n<p>Tras terminar su especialidad, decidi\u00f3 empezar a estudiar moda, lo que refiere como \u201cel sue\u00f1o de mi vida desde que era peque\u00f1a\u201d.<\/p>\n\n\n\n<p>Ella realmente es conocida en su ciudad natal como Mar\u00eda \u00c1ngeles L\u00f3pez Coto, pero decidi\u00f3 bautizarse como Mariaan Cotton al llegar a Sevilla, elegido por ella como nombre art\u00edstico.<\/p>\n\n\n\n<p>Su sue\u00f1o es abrir una tienda-atelier en el que hacer encargos a medida para novias e invitadas a eventos.<\/p>\n\n\n\n<p>Adem\u00e1s le gustar\u00eda sacar al mercado colecciones pret-\u00e0-porter. Ambos son proyectos que se propone la dise\u00f1adora a corto o medio plazo.<\/p>\n\n\n\n<p>Mariaan apuesta por una moda de calidad, confeccionada en Espa\u00f1a y pretende aportar a las prendas un toque de magia, ser\u00eda lo que define ella como su signo distintivo dentro del mundo de la moda. Las mujeres que eligieran esta marca se sentir\u00edan muy identificadas con una mujer fuerte, valiente, luchadora, dulce y de mentalidad positiva que busca sentirse especial al vestirse cada ma\u00f1ana, para hacer de su d\u00eda todo un \u00e9xito.<\/p>\n\n\n\n<p><strong><u>PREMIOS:<\/u><\/strong><\/p>\n\n\n\n<p>-Menci\u00f3n especial Certamen Novias del Sur 2019 (Premiada con una pasarela en la pr\u00f3xima edici\u00f3n de Sevilla de Boda). Noviembre 2019<\/p>\n\n\n\n<p>-Primer premio Concurso \u201cDise\u00f1os que cambian vidas\u201d fundaci\u00f3n Cosomoda Valencia. Noviembre 2022<\/p>\n\n\n\n<p><strong><u>COLECCIONES:<\/u><\/strong><\/p>\n\n\n\n<p>-Primera colecci\u00f3n: Invitadas a eventos. \u201cSue\u00f1os de Loto\u201d Marzo 2021. en Code 41, Ruinas de It\u00e1lica, Santiponce, Sevilla.<\/p>\n\n\n\n<p>-Segunda Colecci\u00f3n: Pret-a-porter \u201cWelcome to \u00c1frica\u201d Diciembre 2021. Huelva.<\/p>\n\n\n\n<p>-Tercera Colecci\u00f3n: Alfombra Roja \u201cMetamorfosis\u201d Febrero 2022. Code 41, Convento de Santa Clara. Sevilla.<\/p>\n\n\n\n<p>-Cuarta Colecci\u00f3n: Pret-a-porter: \u201cMar\u00eda Margarita\u201d Junio 2022. Huelva.<\/p>\n\n\n\n<p><strong><u>PASARELAS:<\/u><\/strong><\/p>\n\n\n\n<p>-Pasarela Novias del Sur Noviembre 2019 (Sevilla de Boda). Fibes. Sevilla.<\/p>\n\n\n\n<p>-Pasarela flamenca Wappisima Abril 2019.Palacio Marqueses de la Algaba. Sevilla.<\/p>\n\n\n\n<p>-Code41 Marzo 2021. Ruinas de It\u00e1lica. Santiponce. Sevilla.<\/p>\n\n\n\n<p>-Pasarela Premier Lunar Abril 2021. Convento Santa Mar\u00eda de los Reyes. Sevilla.<\/p>\n\n\n\n<p>-Desfile Dise\u00f1os que cambian vidas Noviembre 2022. Fundaci\u00f3n Cosomoda.<\/p>\n\n\n\n<p>Palacio de Congresos. Valencia.<\/p>\n\n\n\n<p>-Desfile propio Welcome to \u00c1frica Diciembre 2022. Terraza BlueOx, Huelva.<\/p>\n\n\n\n<p>-Code41 Marzo 2022. Convento de Santa Clara. Sevilla.<\/p>\n\n\n\n<p>-Desfile propio Mar\u00eda Margarita Julio 2022. Terraza BlueOx, Huelva.<\/p>\n\n\n\n<p>-Desfile propio Mar\u00eda Margarita Agosto 2022. Pura Vida Punta Umbr\u00eda. Huelva.<\/p>\n\n\n\n<p><strong>Actividad<\/strong>: Fotea 2023<\/p>\n\n\n\n<p><strong><u>Lugar:<\/u><\/strong>\u00a0Entorno de las Cocheras del Puerto<\/p>\n\n\n\n<p><strong><u>Fecha:<\/u><\/strong>\u00a0S\u00e1bado 4 de marzo de 2023<\/p>\n\n\n\n<p><strong><u>Hora:<\/u><\/strong>&nbsp;10:00 h a 14.00 h.<\/p>\n\n\n<div class=\"wp-block-image\">\n<figure class=\"aligncenter size-large\"><a href=\"https:\/\/www.huelvaysusfotografos.com\/wp-content\/uploads\/2023\/02\/cartel-DEFINITIVO-Fotea-2023-1.jpg\"><img loading=\"lazy\" decoding=\"async\" width=\"576\" height=\"1024\" src=\"https:\/\/www.huelvaysusfotografos.com\/wp-content\/uploads\/2023\/02\/cartel-DEFINITIVO-Fotea-2023-1-576x1024.jpg\" alt=\"\" class=\"wp-image-12488\" srcset=\"https:\/\/www.huelvaysusfotografos.com\/wp-content\/uploads\/2023\/02\/cartel-DEFINITIVO-Fotea-2023-1-576x1024.jpg 576w, https:\/\/www.huelvaysusfotografos.com\/wp-content\/uploads\/2023\/02\/cartel-DEFINITIVO-Fotea-2023-1-169x300.jpg 169w, https:\/\/www.huelvaysusfotografos.com\/wp-content\/uploads\/2023\/02\/cartel-DEFINITIVO-Fotea-2023-1-768x1365.jpg 768w, https:\/\/www.huelvaysusfotografos.com\/wp-content\/uploads\/2023\/02\/cartel-DEFINITIVO-Fotea-2023-1-864x1536.jpg 864w, https:\/\/www.huelvaysusfotografos.com\/wp-content\/uploads\/2023\/02\/cartel-DEFINITIVO-Fotea-2023-1.jpg 900w\" sizes=\"auto, (max-width: 576px) 100vw, 576px\" \/><\/a><\/figure>\n<\/div>","protected":false},"excerpt":{"rendered":"<p>Llega nuestra edici\u00f3n de Fotea 2023, que este a\u00f1o viene de la mano de la dise\u00f1adora onubense Mariaan Cott\u00f3n. Se llevar\u00e1 a cabo el pr\u00f3ximo s\u00e1bado 4 de marzo de 2023 en el entorno de las Cocheras del Puerto en Huelva. En horario de 10.00 a 14.00 horas. Aquellos que deseen participar, que lo vayan indicando en el correo de la Asociaci\u00f3n para ir programando la actividad. Datos sobre la<\/p>\n<div class=\"belowpost\"><a class=\"btnmore\" href=\"https:\/\/www.huelvaysusfotografos.com\/?p=12486\">Seguir leyendo<\/a><\/div>\n","protected":false},"author":8279,"featured_media":12487,"comment_status":"open","ping_status":"open","sticky":false,"template":"","format":"standard","meta":{"footnotes":"","_links_to":"","_links_to_target":""},"categories":[4],"tags":[],"class_list":["post-12486","post","type-post","status-publish","format-standard","has-post-thumbnail","hentry","category-actividades"],"_links":{"self":[{"href":"https:\/\/www.huelvaysusfotografos.com\/index.php?rest_route=\/wp\/v2\/posts\/12486","targetHints":{"allow":["GET"]}}],"collection":[{"href":"https:\/\/www.huelvaysusfotografos.com\/index.php?rest_route=\/wp\/v2\/posts"}],"about":[{"href":"https:\/\/www.huelvaysusfotografos.com\/index.php?rest_route=\/wp\/v2\/types\/post"}],"author":[{"embeddable":true,"href":"https:\/\/www.huelvaysusfotografos.com\/index.php?rest_route=\/wp\/v2\/users\/8279"}],"replies":[{"embeddable":true,"href":"https:\/\/www.huelvaysusfotografos.com\/index.php?rest_route=%2Fwp%2Fv2%2Fcomments&post=12486"}],"version-history":[{"count":1,"href":"https:\/\/www.huelvaysusfotografos.com\/index.php?rest_route=\/wp\/v2\/posts\/12486\/revisions"}],"predecessor-version":[{"id":12489,"href":"https:\/\/www.huelvaysusfotografos.com\/index.php?rest_route=\/wp\/v2\/posts\/12486\/revisions\/12489"}],"wp:featuredmedia":[{"embeddable":true,"href":"https:\/\/www.huelvaysusfotografos.com\/index.php?rest_route=\/wp\/v2\/media\/12487"}],"wp:attachment":[{"href":"https:\/\/www.huelvaysusfotografos.com\/index.php?rest_route=%2Fwp%2Fv2%2Fmedia&parent=12486"}],"wp:term":[{"taxonomy":"category","embeddable":true,"href":"https:\/\/www.huelvaysusfotografos.com\/index.php?rest_route=%2Fwp%2Fv2%2Fcategories&post=12486"},{"taxonomy":"post_tag","embeddable":true,"href":"https:\/\/www.huelvaysusfotografos.com\/index.php?rest_route=%2Fwp%2Fv2%2Ftags&post=12486"}],"curies":[{"name":"wp","href":"https:\/\/api.w.org\/{rel}","templated":true}]}}