{"id":12484,"date":"2023-02-23T09:51:31","date_gmt":"2023-02-23T08:51:31","guid":{"rendered":"https:\/\/www.huelvaysusfotografos.com\/?p=12484"},"modified":"2023-02-23T15:54:55","modified_gmt":"2023-02-23T14:54:55","slug":"v-concurso-fotografia-semana-santa-huelva-y-provincia-2023","status":"publish","type":"post","link":"https:\/\/www.huelvaysusfotografos.com\/?p=12484","title":{"rendered":"<strong>V Concurso Fotograf\u00eda \u201cSEMANA SANTA HUELVA Y PROVINCIA 2023\u201d.<\/strong>"},"content":{"rendered":"\n<p><strong>Tema Libre \u201cSemana Santa de Huelva y Provincia\u201d<\/strong><\/p>\n\n\n\n<p>Se convoca este V concurso fotogr\u00e1fico, s\u00f3lo y exclusivamente para&nbsp;<strong>Socios de la Asociaci\u00f3n Huelva y sus Fot\u00f3grafos<\/strong>, con fotograf\u00edas realizadas durante la Semana Santa de 2023, tanto de Huelva Capital, as\u00ed como de la Provincia, que sean in\u00e9ditas y no hayan sido publicadas en ning\u00fan sitio.<\/p>\n\n\n\n<p>Se admitir\u00e1n todas las fotograf\u00edas desde los previos a Semana Santa, recorrido y estaciones de penitencia, as\u00ed como la entrada a los templos de las im\u00e1genes, en definitiva todo lo que est\u00e9 relacionado con el mundo cofrade de la Semana Santa en Huelva y su provincia.<\/p>\n\n\n\n<p><strong><u>Bases y requisitos:<\/u><\/strong><\/p>\n\n\n\n<p>Se admitir\u00e1 hasta un m\u00e1ximo de tres fotograf\u00edas por Soci@.<\/p>\n\n\n\n<p>Las fotos podr\u00e1n enviarse tanto en color, como en BB\/NN<\/p>\n\n\n\n<p>El tama\u00f1o m\u00e1ximo de la imagen ser\u00e1 de 3 Mb<\/p>\n\n\n\n<p>Las fotos deber\u00e1n ir sin firma, ni marca de agua.<\/p>\n\n\n\n<p>Las fotograf\u00edas se enviar\u00e1n por correo a&nbsp;<a href=\"mailto:huelvaysf@gmail.com\"><strong>huelvaysf@gmail.com<\/strong><\/a>&nbsp;, en el Asunto de indicar\u00e1: <strong>V Concurso Fotograf\u00eda \u201cSEMANA SANTA HUELVA Y PROVINCIA 2023\u201d.<\/strong><\/p>\n\n\n\n<p>Con el env\u00edo de las fotograf\u00edas se pondr\u00e1 en el cuerpo del correo, los siguientes datos,&nbsp;<strong>nombre completo del Autor \u00f3 Autora, Titulo de la obra y Hermandad donde se ha realizado la imagen<\/strong>, de cada una de las fotos presentadas con un m\u00e1ximo de tres fotos por autor.<\/p>\n\n\n\n<p>El archivo de la imagen deber\u00e1 indicar, la hermandad y el autor, como el ejemplo que se indica:&nbsp;<strong><em>ej.- 22calvariomgarcia.jpg<\/em><\/strong><\/p>\n\n\n\n<p>El plazo m\u00e1ximo de env\u00edo de fotograf\u00edas finaliza el 24 de Abril a las 24,00 horas.<\/p>\n\n\n\n<p>Cualquier fotograf\u00eda que no ajuste a las bases y normas establecidas ser\u00e1 eliminada.<\/p>\n\n\n\n<p>Los premios no ser\u00e1n acumulables. Un autor no podr\u00e1 obtener m\u00e1s de un premio.<\/p>\n\n\n\n<p>Una vez finalizado el concurso, las fotograf\u00edas recibidas ser\u00e1n destruidas, salvo que se decida hacer una exposici\u00f3n con las fotos presentadas.<\/p>\n\n\n\n<p>El Jurado estar\u00e1 compuesto por Profesionales de la Fotograf\u00eda y otros miembros designados por la Asociaci\u00f3n.<\/p>\n\n\n\n<p><strong><u>Premios.<\/u><\/strong><\/p>\n\n\n\n<p>1.- Premio\u2026 125 euros, m\u00e1s su foto impresa<\/p>\n\n\n\n<p>2.- Premio\u2026 &nbsp;&nbsp;75 euros, m\u00e1s su foto impresa<\/p>\n\n\n\n<p>3.- Premio\u2026&nbsp; &nbsp;50 euros, m\u00e1s su foto impresa<\/p>\n\n\n\n<p>Una vez producido el fallo del Jurado, la entrega de premios a los ganadores se har\u00e1 en la Gala de los Premios Carrete, al tiempo que se enviar\u00e1 nota de prensa a los medios de comunicaci\u00f3n para su difusi\u00f3n.<\/p>\n\n\n\n<p>Suerte a tod@s, esperamos vuestra participaci\u00f3n.<\/p>\n\n\n\n<figure class=\"wp-block-image size-large\"><a href=\"https:\/\/www.huelvaysusfotografos.com\/wp-content\/uploads\/2023\/02\/DEFINITIVO-CARTEL-CONCURSO-SEMANA-SANTA-2023-1.jpg\"><img loading=\"lazy\" decoding=\"async\" width=\"841\" height=\"1024\" src=\"https:\/\/www.huelvaysusfotografos.com\/wp-content\/uploads\/2023\/02\/DEFINITIVO-CARTEL-CONCURSO-SEMANA-SANTA-2023-1-841x1024.jpg\" alt=\"\" class=\"wp-image-12499\" srcset=\"https:\/\/www.huelvaysusfotografos.com\/wp-content\/uploads\/2023\/02\/DEFINITIVO-CARTEL-CONCURSO-SEMANA-SANTA-2023-1-841x1024.jpg 841w, https:\/\/www.huelvaysusfotografos.com\/wp-content\/uploads\/2023\/02\/DEFINITIVO-CARTEL-CONCURSO-SEMANA-SANTA-2023-1-247x300.jpg 247w, https:\/\/www.huelvaysusfotografos.com\/wp-content\/uploads\/2023\/02\/DEFINITIVO-CARTEL-CONCURSO-SEMANA-SANTA-2023-1-768x935.jpg 768w, https:\/\/www.huelvaysusfotografos.com\/wp-content\/uploads\/2023\/02\/DEFINITIVO-CARTEL-CONCURSO-SEMANA-SANTA-2023-1.jpg 1097w\" sizes=\"auto, (max-width: 841px) 100vw, 841px\" \/><\/a><\/figure>\n","protected":false},"excerpt":{"rendered":"<p>Tema Libre \u201cSemana Santa de Huelva y Provincia\u201d Se convoca este V concurso fotogr\u00e1fico, s\u00f3lo y exclusivamente para&nbsp;Socios de la Asociaci\u00f3n Huelva y sus Fot\u00f3grafos, con fotograf\u00edas realizadas durante la Semana Santa de 2023, tanto de Huelva Capital, as\u00ed como de la Provincia, que sean in\u00e9ditas y no hayan sido publicadas en ning\u00fan sitio. Se admitir\u00e1n todas las fotograf\u00edas desde los previos a Semana Santa, recorrido y estaciones de penitencia,<\/p>\n<div class=\"belowpost\"><a class=\"btnmore\" href=\"https:\/\/www.huelvaysusfotografos.com\/?p=12484\">Seguir leyendo<\/a><\/div>\n","protected":false},"author":8279,"featured_media":12498,"comment_status":"open","ping_status":"open","sticky":false,"template":"","format":"standard","meta":{"footnotes":"","_links_to":"","_links_to_target":""},"categories":[12],"tags":[],"class_list":["post-12484","post","type-post","status-publish","format-standard","has-post-thumbnail","hentry","category-concursos"],"_links":{"self":[{"href":"https:\/\/www.huelvaysusfotografos.com\/index.php?rest_route=\/wp\/v2\/posts\/12484","targetHints":{"allow":["GET"]}}],"collection":[{"href":"https:\/\/www.huelvaysusfotografos.com\/index.php?rest_route=\/wp\/v2\/posts"}],"about":[{"href":"https:\/\/www.huelvaysusfotografos.com\/index.php?rest_route=\/wp\/v2\/types\/post"}],"author":[{"embeddable":true,"href":"https:\/\/www.huelvaysusfotografos.com\/index.php?rest_route=\/wp\/v2\/users\/8279"}],"replies":[{"embeddable":true,"href":"https:\/\/www.huelvaysusfotografos.com\/index.php?rest_route=%2Fwp%2Fv2%2Fcomments&post=12484"}],"version-history":[{"count":2,"href":"https:\/\/www.huelvaysusfotografos.com\/index.php?rest_route=\/wp\/v2\/posts\/12484\/revisions"}],"predecessor-version":[{"id":12501,"href":"https:\/\/www.huelvaysusfotografos.com\/index.php?rest_route=\/wp\/v2\/posts\/12484\/revisions\/12501"}],"wp:featuredmedia":[{"embeddable":true,"href":"https:\/\/www.huelvaysusfotografos.com\/index.php?rest_route=\/wp\/v2\/media\/12498"}],"wp:attachment":[{"href":"https:\/\/www.huelvaysusfotografos.com\/index.php?rest_route=%2Fwp%2Fv2%2Fmedia&parent=12484"}],"wp:term":[{"taxonomy":"category","embeddable":true,"href":"https:\/\/www.huelvaysusfotografos.com\/index.php?rest_route=%2Fwp%2Fv2%2Fcategories&post=12484"},{"taxonomy":"post_tag","embeddable":true,"href":"https:\/\/www.huelvaysusfotografos.com\/index.php?rest_route=%2Fwp%2Fv2%2Ftags&post=12484"}],"curies":[{"name":"wp","href":"https:\/\/api.w.org\/{rel}","templated":true}]}}