{"id":12479,"date":"2023-02-18T21:04:35","date_gmt":"2023-02-18T20:04:35","guid":{"rendered":"https:\/\/www.huelvaysusfotografos.com\/?p=12479"},"modified":"2023-02-18T21:04:37","modified_gmt":"2023-02-18T20:04:37","slug":"quedada-en-moguer-en-su-feria-de-epoca-1900","status":"publish","type":"post","link":"https:\/\/www.huelvaysusfotografos.com\/?p=12479","title":{"rendered":"Quedada en Moguer en su Feria de \u00c9poca 1900."},"content":{"rendered":"\n<p>En torno al D\u00eda de Andaluc\u00eda Moguer celebra su Feria de \u00c9poca 1900 un evento l\u00fadico-cultural que tiene como objetivo recrear aquel Moguer pr\u00f3spero y culto que vio nacer al genio po\u00e9tico Juan Ram\u00f3n Jim\u00e9nez, un Moguer ligado estrechamente al cultivo y la comercializaci\u00f3n de vinos y licores, que contaba por aquel entonces con un pujante puerto comercial sobre el rio Tinto, teatro, varios peri\u00f3dicos locales y una intensa actividad cultural y literaria.<\/p>\n\n\n\n<p>Cientos de moguere\u00f1os y moguere\u00f1as se visten con trajes de la \u00e9poca y participan activamente en las numerosas propuestas l\u00fadicas y culturales que se desarrollan en un casco hist\u00f3rico que recrea aquellos a\u00f1os de finales del XIX y principios del XX . La ciudad se convierte durante esos d\u00edas en destino preferente con decenas de propuestas de animaci\u00f3n, espect\u00e1culos musicales, exhibiciones, feria del libro, puestos de artesan\u00eda, juegos infantiles, concursos de trajes de \u00e9poca, circo, pasacalles y otras muchas iniciativas, entre las que destacan la Ruta Gastron\u00f3mica de tapas y la Ruta la Ley Seca de C\u00f3ckteles, que permiten al p\u00fablico degustar los mejores sabores de la tierra a precios muy econ\u00f3micos en m\u00e1s de una veintena de establecimientos hosteleros.<\/p>\n\n\n\n<p>El alcalde de Moguer viajar\u00e1 tambi\u00e9n en el tiempo para inaugurar el <strong>viernes 24, a las 17,30 horas<\/strong>, esta Feria de \u00c9poca, que estar\u00e1 ambientada con puestos de artesan\u00eda, con un gran tiovivo, con exposiciones de coches cl\u00e1sicos, bicicletas y artilugios del siglo XX, entre otras muchas propuestas que se podr\u00e1n ver al pasear por las calles de esta ciudad.<\/p>\n\n\n\n<p>Uno de los platos fuertes de la programaci\u00f3n llegar\u00e1 el <strong>s\u00e1bado con el homenaje a las bordadoras moguere\u00f1as<\/strong>, en un llamativo espect\u00e1culo con las casi 10.000 tarrinas de frutos rojos que va a regalar Cuna de Platero. Tambi\u00e9n el s\u00e1bado tendr\u00e1 lugar el certamen de pintura r\u00e1pida, del concurso de caracterizaci\u00f3n, de un gran pasacalle de \u00e9poca y de la actuaci\u00f3n de Jos\u00e9 Luis P\u00e9rez Vera.<\/p>\n\n\n\n<p>El <strong>domingo, Moguer se vestir\u00e1 de Carnaval<\/strong> en una tarde m\u00e1gica que llenar\u00e1 de embrujo la comparsa gaditana de Mart\u00ednez Ares &#8216;La Ciudad Invisible&#8217;, junto a un llamativo pasacalles de gigantes y cabezudos y un divertido recorrido por las pi\u00f1atas. Con la esperada &#8216;quema de Judas&#8217; se pondr\u00e1 colof\u00f3n a la Feria de \u00c9poca Moguer 1900.<\/p>\n","protected":false},"excerpt":{"rendered":"<p>En torno al D\u00eda de Andaluc\u00eda Moguer celebra su Feria de \u00c9poca 1900 un evento l\u00fadico-cultural que tiene como objetivo recrear aquel Moguer pr\u00f3spero y culto que vio nacer al genio po\u00e9tico Juan Ram\u00f3n Jim\u00e9nez, un Moguer ligado estrechamente al cultivo y la comercializaci\u00f3n de vinos y licores, que contaba por aquel entonces con un pujante puerto comercial sobre el rio Tinto, teatro, varios peri\u00f3dicos locales y una intensa actividad<\/p>\n<div class=\"belowpost\"><a class=\"btnmore\" href=\"https:\/\/www.huelvaysusfotografos.com\/?p=12479\">Seguir leyendo<\/a><\/div>\n","protected":false},"author":8279,"featured_media":12480,"comment_status":"open","ping_status":"open","sticky":false,"template":"","format":"standard","meta":{"footnotes":"","_links_to":"","_links_to_target":""},"categories":[4,6],"tags":[],"class_list":["post-12479","post","type-post","status-publish","format-standard","has-post-thumbnail","hentry","category-actividades","category-quedadas"],"_links":{"self":[{"href":"https:\/\/www.huelvaysusfotografos.com\/index.php?rest_route=\/wp\/v2\/posts\/12479","targetHints":{"allow":["GET"]}}],"collection":[{"href":"https:\/\/www.huelvaysusfotografos.com\/index.php?rest_route=\/wp\/v2\/posts"}],"about":[{"href":"https:\/\/www.huelvaysusfotografos.com\/index.php?rest_route=\/wp\/v2\/types\/post"}],"author":[{"embeddable":true,"href":"https:\/\/www.huelvaysusfotografos.com\/index.php?rest_route=\/wp\/v2\/users\/8279"}],"replies":[{"embeddable":true,"href":"https:\/\/www.huelvaysusfotografos.com\/index.php?rest_route=%2Fwp%2Fv2%2Fcomments&post=12479"}],"version-history":[{"count":1,"href":"https:\/\/www.huelvaysusfotografos.com\/index.php?rest_route=\/wp\/v2\/posts\/12479\/revisions"}],"predecessor-version":[{"id":12481,"href":"https:\/\/www.huelvaysusfotografos.com\/index.php?rest_route=\/wp\/v2\/posts\/12479\/revisions\/12481"}],"wp:featuredmedia":[{"embeddable":true,"href":"https:\/\/www.huelvaysusfotografos.com\/index.php?rest_route=\/wp\/v2\/media\/12480"}],"wp:attachment":[{"href":"https:\/\/www.huelvaysusfotografos.com\/index.php?rest_route=%2Fwp%2Fv2%2Fmedia&parent=12479"}],"wp:term":[{"taxonomy":"category","embeddable":true,"href":"https:\/\/www.huelvaysusfotografos.com\/index.php?rest_route=%2Fwp%2Fv2%2Fcategories&post=12479"},{"taxonomy":"post_tag","embeddable":true,"href":"https:\/\/www.huelvaysusfotografos.com\/index.php?rest_route=%2Fwp%2Fv2%2Ftags&post=12479"}],"curies":[{"name":"wp","href":"https:\/\/api.w.org\/{rel}","templated":true}]}}