{"id":12475,"date":"2023-02-20T10:34:00","date_gmt":"2023-02-20T09:34:00","guid":{"rendered":"https:\/\/www.huelvaysusfotografos.com\/?p=12475"},"modified":"2023-02-18T19:41:34","modified_gmt":"2023-02-18T18:41:34","slug":"charla-adolfo-morales-la-fotografia-en-el-proceso-de-creacion-plastica","status":"publish","type":"post","link":"https:\/\/www.huelvaysusfotografos.com\/?p=12475","title":{"rendered":"Charla Adolfo Morales; La fotograf\u00eda en el Proceso de Creaci\u00f3n Pl\u00e1stica."},"content":{"rendered":"\n<p>El pr\u00f3ximo <strong>9 de marzo<\/strong> nuestras charlas pasan por la visi\u00f3n del fot\u00f3grafo autodidacta Adolfo Morales, quien nos sumergir\u00e1 en el Fotomontaje, t\u00e9cnica fotogr\u00e1fica, similar al collage, que compone un escenario nuevo reuniendo dos o m\u00e1s fotograf\u00edas. Crear una ilusi\u00f3n de realidad, escenas ficticias a partir de pedazos de realidad. Fotograf\u00eda y fotomontaje son alteradores o desorganizadores de la realidad.<\/p>\n\n\n\n<p>La Charla tendr\u00e1 lugar en el <strong>centro municipal de los Rosales a las 19.30 horas.<\/strong><\/p>\n\n\n\n<p>Curr\u00edculo de Adolfo Morales<\/p>\n\n\n\n<p>PROX. Comisario de la Exposici\u00f3n de JUAN CARLOS CASTRO CRESPO por el CENTENARIO DEL GRAN TEATRO de Huelva.<\/p>\n\n\n\n<p>PROX. Exposici\u00f3n STASIS II en BERDIGON14<\/p>\n\n\n\n<p>16 Febrero &#8211; 21 Marzo 2023. IMAGINART en la Casa Grande Ayamonte.<\/p>\n\n\n\n<p>17 Enero -15 Febrero 2023. Nueva sala de exposiciones de la Fundaci\u00f3n Caja Rural del Sur, Centro Cultural Jos\u00e9 Lu\u00eds Garc\u00eda Palacios de C\u00f3rdoba.<\/p>\n\n\n\n<p>Comisario de&nbsp;<strong><u>IMAGINART<\/u><\/strong>. Colectivo ef\u00edmero itinerante:&nbsp;JUAN CARLOS CASTRO CRESPO,&nbsp;RAFAEL CHAC\u00d3N,&nbsp;MANUEL AN TONI0 DOM\u00cdNGUEZ G\u00d3MEZ,&nbsp;ADRIANA ESPINOZA,&nbsp;CHARO FERIA,&nbsp;PATRICIA LARREA,&nbsp;CARMEN L\u00d3PEZ,&nbsp;JOSEMA L\u00d3PEZ VIDAL,&nbsp;AURELIEN LORTET,&nbsp;ADOLFO MORALES,&nbsp;RAFA PINTO,&nbsp;RA\u00daL ROMANILLOS,&nbsp;ENRIQUE SANTANA.<\/p>\n\n\n\n<p>24 Nov-16 Dic.&nbsp;<strong><u>St\u00e1sis<\/u><\/strong>.&nbsp;<strong>Escuela de Arte Le\u00f3n Ortega<\/strong>. Retrospectiva del fotomontaje a la foto fusi\u00f3n.<\/p>\n\n\n\n<p>12-Noviembre 2022. 10 a\u00f1os del&nbsp;<strong>Mercado de Arte. Bodegas SAUCI<\/strong>. Bollullos del Condado. En compa\u00f1\u00eda de:&nbsp;Alejandro Alc\u00e1ntara, Francisca Alfonso, Manolo Cordero, Mar\u00eda Luisa Dom\u00ednguez Borrallo, Jos\u00e9 Antonio Faraco, Violeta Gill, Mar\u00eda Dolores Luque, Juana Mart\u00edn, Javier Montes, Victor Pulido, y muchos m\u00e1s estupendos artistas.<\/p>\n\n\n\n<p>Septiembre 2022.&nbsp;ARS NATURA. Colectiva:&nbsp;RAFAEL CHAC\u00d3N \/ TERESA&nbsp;FANGO&nbsp;\/ YUKIKO&nbsp;KITARHA \/ JUAN JOS\u00c9&nbsp;FUENTES&nbsp;\/ ALINE PART \/LUCIA&nbsp;BEIJLSMIT&nbsp;\/&nbsp;CHIQUI&nbsp;D\u00cdAZ \/ LU\u00cdS CRUZ SUERO \/ JAVIER&nbsp;FLORES CASTILLERO&nbsp;\/ RUB\u00c9N&nbsp;POLANCO&nbsp;\/ DIEGO RUIZ ACOSTA \/&nbsp;TROPO-TROPO&nbsp;\/ MARTA VIGUERA \/&nbsp;OLAFUR ELIASSON \/ PETER GOIN \/&nbsp;M. ANTONIA BLANCO\/ CLEMENTE DELGADO \/ JORGE GARRIDO \/ IMANOL MARRODAN \/ ADOLFO MORALES \/ OLGA OLIVERA-TABENI&nbsp;&nbsp;&nbsp;&nbsp;RUTH PECHE&nbsp;\/&nbsp;FRANCISCA ALFONSO&nbsp;\/&nbsp;SANDRA CARVAHLO&nbsp;\/ ARDEA CINEREA \/ MARTA G.&nbsp;RANGEL&nbsp;\/ J. ISMAEL GONZALEZ \/&nbsp;VIRGINIA P. OGALLA&nbsp;\/ CESAR REGLERO \/ JAVIER SECO&nbsp;\/ CRISTINA ATAIDE&nbsp;\/ JAVIER AYARZA HARO \/&nbsp;NATALIA AUFFRAY&nbsp;\/&nbsp;CHARO CARRERA&nbsp;\/ ROSA DE TRIAS \/&nbsp;PACO LARA&nbsp;BARRANCO \/ VEREDAS L\u00d3PEZ \/ CARMEN L\u00d3PEZ \/LUC\u00cdA LOREN \/&nbsp;AURELIEN LORTET \/&nbsp;MANUEL P\u00c9REZ BA\u00d1EZ \/ SERGI QUI\u00d1ONERO \/ LAURA SEGURA \/&nbsp;&nbsp;CESAR MANRIQUE&nbsp;\/ MAGDALENA BACHILLER&nbsp;\/ ANTONIO CEMBRANO&nbsp;\/ NIEVES CORCOLES \/ LALO DE LA PAZ \/ JUAN FDEZ.&nbsp;LACOMBA&nbsp;\/ LUIS M. FERNANDEZ \/&nbsp;J. JOS\u00c9 G\u00d3MEZ DE LA TORRE&nbsp;\/ J. SEBASTI\u00c1N GONZALEZ \/ FEDERICO GRANELL \/&nbsp;FICO GUZMAN \/ IGNACIO&nbsp;KLINDWORTH&nbsp;\/ PACO MORAZA \/ DAVID L\u00d3PEZ PANEA \/ J. MANUEL P\u00c9REZ&nbsp;TAPIAS ROSAE&nbsp;ROMAN \/&nbsp;ANONIMO DE LA PIEDRA&nbsp;\/ PEPE YA\u00d1EZ \/&nbsp;MING YI CHOU&nbsp;\/ NACHO&nbsp;ZUBELZU&nbsp;\/CHARO CORRALES \/&nbsp;CHARO FERIA&nbsp;\/ MARIA REYES FERN\u00c1DEZ \/&nbsp;SILVIA JAPKIN&nbsp;\/&nbsp;RAMONA ORTEGA&nbsp;\/ ANA RUESGA \/&nbsp;MARIA VARONA&nbsp;\/&nbsp;KARLA&nbsp;BRUNET \/ CARLOS DE GREDOS \/ MAR GARRIDO \/ LALHE GOMEZ \/ ANA MATEY \/ JOANNA&nbsp;SPEIDEL&nbsp;\/Real Alc\u00e1zar de Sevilla. 15.09-23.10. Organizaci\u00f3n: VALDELARTE.<\/p>\n\n\n\n<p>Noviembre 2021.&nbsp;Centro Olontense de Arte Contempor\u00e1neo. Gibrale\u00f3n (CODAC). OCIb. Escultura Liberada\/Interpretes de la materia. Itinerante.<\/p>\n\n\n\n<p>Octubre 2021.&nbsp;Museo Daniel V\u00e1zquez D\u00edaz de Nerva (Huelva).&nbsp;OCIb. Escultura Liberada\/Interpretes de la materia. Itinerante<\/p>\n\n\n\n<p>Septiembre 2021.&nbsp;Sal\u00f3n Iberoamericano de la Casa Col\u00f3n de Huelva.&nbsp;OCIb. Escultura Liberada\/Interpretes de la materia. Itinerante.<\/p>\n\n\n\n<p>Junio 2021.&nbsp;CASA AZUL&nbsp;de C\u00f3rdoba.OCIb. Escultura Liberada\/Interpretes de la materia. Itinerante<\/p>\n\n\n\n<p>Febrero 2021.Real Alc\u00e1zar de Sevilla. Sal\u00f3n Alto del Apeadero.Escultura liberada. Int\u00e9rpretes de la materia. Venus Petr\u00f3leo,&nbsp;Junto a los escultores:&nbsp;Luis Cruz Suero,&nbsp;Zvonimir Kremeni\u0107,&nbsp;Jos\u00e9 Luis Romero,&nbsp;Ra\u00fal Romanillos,&nbsp;Marga Garc\u00eda Pinto,Lourdes Hern\u00e1ndez,&nbsp;Manolo Calvarro,&nbsp;Fernando Bono,&nbsp;Alejandro Verdugo,&nbsp;Jos\u00e9 Seguiri,&nbsp;\u00c1lvaro La Rosa Talleri,&nbsp;M\u00f3nika Rasco,&nbsp;Marco Montiel Soto, Rafael Melida,&nbsp;Aurelien Lortet,&nbsp;Veredas L\u00f3pez,&nbsp;Patricia Larrea,&nbsp;Jos\u00e9 Manuel Albarr\u00e1n Pino,&nbsp;Jorge Gonz\u00e1lez de la Parra,&nbsp;Lourdes Moreno L\u00f3pez.&nbsp;Presentaci\u00f3n Cat\u00e1logo Juan Jos\u00e9 D\u00edaz Trillo.<\/p>\n\n\n\n<p>OCIb 2020.&nbsp;Comisaria: Noelia Melara.<\/p>\n\n\n\n<p>Octubre 2020.&nbsp;VENUS PETR\u00d3LEO&nbsp;en la&nbsp;Sala Siglo XXI del&nbsp;Museo Provincial de Huelva.&nbsp;Presentaci\u00f3n Juan Carlos Castro Crespo.OCIb20020.<\/p>\n\n\n\n<p>Julio 2020. Coordina el corto&nbsp;TRES ARTISTAS PL\u00c1STICOS ONUBENSES&nbsp;con la participaci\u00f3n&nbsp;de Juan Manuel Seisdedos, Lourdes Hern\u00e1ndez, entre otros, con destino el ECIB con Villa Carlos Paz\/C\u00f3rdoba\/Argentina y Huelva. Producci\u00f3n de la Asociaci\u00f3n Cultural Iberoamericana.&nbsp;Foto fija.&nbsp;<\/p>\n\n\n\n<p>2018. Participa en el proyecto colectivo&nbsp;CON MUCHO BUSTO&nbsp;organizado por el&nbsp;Centro de Arte Harina de otro Costal de Trigueros.<\/p>\n\n\n\n<p>Agosto 2017.&nbsp;Premio mejor pieza de videoarte,&nbsp;dentro de la secci\u00f3n \u201cBoom Krash Bang\u201d de videocreaci\u00f3n experimental, gestionado por el Colectivo Atl\u00e1ntica Visual Art.&nbsp;Festival Internacional de Cine Bajo la Luna de Islantilla. Pieza&nbsp;EL JARDIN.<\/p>\n\n\n\n<p>Taller con Joan Fontcuberta en Minas de RioTinto.<\/p>\n\n\n\n<p>Participa en el magazine&nbsp;LENSCULTURE.<\/p>\n\n\n\n<p>Exposici\u00f3n fotogr\u00e1fica Sala Gaudia.&nbsp;USTEDES TRANSPONEN&nbsp;Colectiva&nbsp;de Autores de Huelva junto a Manuel Carvajal, Mar\u00eda Claus, Rafael S\u00e1nchez, Juanma Vidal y Cecilia Gilabert. 5 de octubre2017 al 15 de enero 2018.<\/p>\n\n\n\n<p>Exposici\u00f3n&nbsp;VIAJE A LA ISLA DE LOS DIABLOS. Le Petit Caf\u00e9. Huelva. 2016.<\/p>\n\n\n\n<p>Texto&nbsp;introductor a la exposici\u00f3n del&nbsp;artista Juan&nbsp;Sande \u00abAl volante del Chevrolet\u00bb en APERTURA centro de Fotograf\u00eda y Artes Visuales.<\/p>\n\n\n\n<p>2017 * 3er Premio en la 6a edici\u00f3n&nbsp;CREATIVE,&nbsp;Concurso de Creaci\u00f3n Digital amb Photoshop. Punt Multimedia Barcelona, con el patronazgo de: Adobe Espa\u00f1a, Fujifilm X Word, Escola Grisart Internacional de Fotograf\u00eda de Barcelona, Institut d\u2019estudis Fotogr\u00e0fics de Catalauya, F. Catal\u00e0-Roca, y Espai de fotograf\u00eda.<\/p>\n\n\n\n<p>Fot\u00f3grafo invitado al n\u00famero Zero del Fanzine Feroz,&nbsp;PAREJAS DE HECHO&nbsp;de la Editorial El Libro Feroz &amp; Juan Sande, junto a los fot\u00f3grafos: Rod, Cecilia Gilabert y Roc\u00edo Mart\u00edn 2017.<\/p>\n\n\n\n<p>Exposici\u00f3n retrospectiva en el&nbsp;Teatro del Mar. Punta Umbr\u00eda.<\/p>\n\n\n\n<p>Exposici\u00f3n de&nbsp;Fotomontajes&nbsp;en el&nbsp;Centro Cultural Harina de Otro Costal. Trigueros.&nbsp;<\/p>\n\n\n\n<p>Exposici\u00f3n de Fotomontajes en el&nbsp;Ilustre Colegio de Abogados de Huelva.&nbsp;<\/p>\n\n\n\n<p>Exposici\u00f3n Colectiva en \u201cEn esta bendita tierra\u201d en&nbsp;La Abacer\u00eda. Gibrale\u00f3n.&nbsp;<\/p>\n\n\n\n<p>Varias Colectivas con las&nbsp;Asociaci\u00f3n Huelva y sus Fot\u00f3grafos. Huelva.<\/p>\n\n\n\n<p>Exposici\u00f3n colectiva&nbsp;EL RETRATO DE UNA CIUDAD.<\/p>\n\n\n\n<p>\u201cEsclavos del desarrollo\u201d fue portada del portal&nbsp;FOTOCOMUNITY.&nbsp;<\/p>\n\n\n\n<p>Abril 2008. \u201cLa M\u00fasica a trav\u00e9s del Objetivo\u201d. 2o Premio Conservatorio<\/p>\n\n\n\n<p>Profesional de M\u00fasica de Huelva. 2009.&nbsp;<\/p>\n\n\n\n<p>Primer Premio del I Concurso de&nbsp;Fotograf\u00eda Cofrade. 2009.&nbsp;<\/p>\n\n\n\n<p>Participa en la&nbsp;FOTOPROTESTA&nbsp;en defensa de la ciudad de Huelva, organizado por Mesa de la R\u00eda.<\/p>\n\n\n\n<p>Finalista XII Concurso de&nbsp;Fotograf\u00eda de Arquitectura Contempor\u00e1nea&nbsp;del Colegio oficial de Arquitectos de Huelva. 2012.&nbsp;<\/p>\n\n\n\n<p>Fotograf\u00eda m\u00e1s votada en la Convocatoria Reto \u201cMujer\u201d. Asoc. Huelva y sus fot\u00f3grafos. 2015.<\/p>\n\n\n\n<p>Ha colaborado en la edici\u00f3n de varias portadas de los libros de&nbsp;Ediciones Narrativa Hontanar&nbsp;* Le\u00f3n.<\/p>\n\n\n\n<p>Portadas:&nbsp;<\/p>\n\n\n\n<p>EQUINOCIO DE OTO\u00d1O&nbsp;de Eric Roca;&nbsp;<\/p>\n\n\n\n<p>DESESPERACION&nbsp;de \u00c1ngel Ram\u00f3n Pastor;&nbsp;<\/p>\n\n\n\n<p>CARTAS A LAS DOS EN PUNTO&nbsp;de Francisco Mart\u00edn Moreno;&nbsp;<\/p>\n\n\n\n<p>DETR\u00c1S DE UN RETRATO&nbsp;de Miguel A. Otero Furelos;&nbsp;<\/p>\n\n\n\n<p>HAY QUE RESTAURAR LA SONRISA&nbsp;de Bernardo Camba Franco,<\/p>\n\n\n\n<p>PERSIGUIENDO SUE\u00d1OS&nbsp;de Eva Castro Outeiri\u00f1o.<\/p>\n\n\n\n<p>Dise\u00f1o cubierta y vi\u00f1etas &nbsp;de&nbsp;Ediciones Corona del Sur:<\/p>\n\n\n\n<p>DE&nbsp;AGUA Y TIEMPO&nbsp;de Lupe Garc\u00eda Araya. &nbsp;<\/p>\n\n\n\n<p>EN LA BAJAMAR&nbsp;de Pedro Javier Mart\u00edn Pedr\u00f3s.&nbsp;<\/p>\n\n\n\n<p>Prologa la edici\u00f3n&nbsp;VIAJE INESPERADO&nbsp;de la Colecci\u00f3n POESIA EN LA DISTANCIA.<\/p>\n\n\n\n<p>Colaborador con art\u00edculos sobre la historia y ciudadanos de Huelva, en el digital&nbsp;Huelva Buenas Noticias.<\/p>\n\n\n\n<p>Huelva en el coraz\u00f3n. Proyecto de&nbsp;entrevistas a diferentes personalidades locales para el digital huelvabuenasnoticias.<\/p>\n\n\n\n<p>Piezas Videoarte&nbsp;*&nbsp;Z(art)&nbsp;es la fusi\u00f3n experimental de Juan Jos\u00e9 Espinosa Guerra (Partitura y ejecuci\u00f3n musical) y Adolfo Morales Cordero (Fotograf\u00eda, edici\u00f3n y montaje). Desarrolla la parte visual del&nbsp;proyecto&nbsp;ARRABALES&nbsp;en forma de micro videos en los que se fusionan la partitura de m\u00fasica electr\u00f3nica con la fotograf\u00eda editada. Un proyecto de 7 PIEZAS compuestas y editadas a lo largo de 2016, piezas de m\u00fasica electr\u00f3nica.<\/p>\n\n\n\n<p>Han participado en el Festival Internacional de Cine Bajo La Luna y Las Estrellas, Festival de Islantilla Cine f\u00f3rum en la SECCION Atl\u00e1ntica Visual Art: Video Gifs. Tambi\u00e9n acudimos a la convocatoria de la&nbsp;FUNDACION DESTELLOS&nbsp;y fueron seleccionados para la Segunda Sesi\u00f3n del IV Imagen y Resonancia. Cicle of Electroacoustic Visual Music 2016, que se llev\u00f3 a cabo el 20 de julio de 2016, en el&nbsp;Centro Cultural de Rivadavia&nbsp;3050 en&nbsp;Mar del Plata (Argentina).<\/p>\n\n\n\n<p>A lo largo de los \u00faltimos 40 a\u00f1os, he compaginado mi labor profesional en Repsol dentro la Unidad de negocio de GLP Espa\u00f1a<\/p>\n\n\n\n<p><\/p>\n\n\n\n<figure class=\"wp-block-image size-large\"><a href=\"https:\/\/www.huelvaysusfotografos.com\/wp-content\/uploads\/2023\/02\/La-Fotografia-en-el-proceso-de-creacion-plastica.-1.jpg\"><img loading=\"lazy\" decoding=\"async\" width=\"767\" height=\"1024\" src=\"https:\/\/www.huelvaysusfotografos.com\/wp-content\/uploads\/2023\/02\/La-Fotografia-en-el-proceso-de-creacion-plastica.-1-767x1024.jpg\" alt=\"\" class=\"wp-image-12477\" srcset=\"https:\/\/www.huelvaysusfotografos.com\/wp-content\/uploads\/2023\/02\/La-Fotografia-en-el-proceso-de-creacion-plastica.-1-767x1024.jpg 767w, https:\/\/www.huelvaysusfotografos.com\/wp-content\/uploads\/2023\/02\/La-Fotografia-en-el-proceso-de-creacion-plastica.-1-225x300.jpg 225w, https:\/\/www.huelvaysusfotografos.com\/wp-content\/uploads\/2023\/02\/La-Fotografia-en-el-proceso-de-creacion-plastica.-1-768x1025.jpg 768w, https:\/\/www.huelvaysusfotografos.com\/wp-content\/uploads\/2023\/02\/La-Fotografia-en-el-proceso-de-creacion-plastica.-1-1151x1536.jpg 1151w, https:\/\/www.huelvaysusfotografos.com\/wp-content\/uploads\/2023\/02\/La-Fotografia-en-el-proceso-de-creacion-plastica.-1.jpg 1199w\" sizes=\"auto, (max-width: 767px) 100vw, 767px\" \/><\/a><\/figure>\n","protected":false},"excerpt":{"rendered":"<p>El pr\u00f3ximo 9 de marzo nuestras charlas pasan por la visi\u00f3n del fot\u00f3grafo autodidacta Adolfo Morales, quien nos sumergir\u00e1 en el Fotomontaje, t\u00e9cnica fotogr\u00e1fica, similar al collage, que compone un escenario nuevo reuniendo dos o m\u00e1s fotograf\u00edas. Crear una ilusi\u00f3n de realidad, escenas ficticias a partir de pedazos de realidad. Fotograf\u00eda y fotomontaje son alteradores o desorganizadores de la realidad. La Charla tendr\u00e1 lugar en el centro municipal de los<\/p>\n<div class=\"belowpost\"><a class=\"btnmore\" href=\"https:\/\/www.huelvaysusfotografos.com\/?p=12475\">Seguir leyendo<\/a><\/div>\n","protected":false},"author":8279,"featured_media":12476,"comment_status":"open","ping_status":"open","sticky":false,"template":"","format":"standard","meta":{"footnotes":"","_links_to":"","_links_to_target":""},"categories":[4,206],"tags":[],"class_list":["post-12475","post","type-post","status-publish","format-standard","has-post-thumbnail","hentry","category-actividades","category-charlas-coloquio"],"_links":{"self":[{"href":"https:\/\/www.huelvaysusfotografos.com\/index.php?rest_route=\/wp\/v2\/posts\/12475","targetHints":{"allow":["GET"]}}],"collection":[{"href":"https:\/\/www.huelvaysusfotografos.com\/index.php?rest_route=\/wp\/v2\/posts"}],"about":[{"href":"https:\/\/www.huelvaysusfotografos.com\/index.php?rest_route=\/wp\/v2\/types\/post"}],"author":[{"embeddable":true,"href":"https:\/\/www.huelvaysusfotografos.com\/index.php?rest_route=\/wp\/v2\/users\/8279"}],"replies":[{"embeddable":true,"href":"https:\/\/www.huelvaysusfotografos.com\/index.php?rest_route=%2Fwp%2Fv2%2Fcomments&post=12475"}],"version-history":[{"count":1,"href":"https:\/\/www.huelvaysusfotografos.com\/index.php?rest_route=\/wp\/v2\/posts\/12475\/revisions"}],"predecessor-version":[{"id":12478,"href":"https:\/\/www.huelvaysusfotografos.com\/index.php?rest_route=\/wp\/v2\/posts\/12475\/revisions\/12478"}],"wp:featuredmedia":[{"embeddable":true,"href":"https:\/\/www.huelvaysusfotografos.com\/index.php?rest_route=\/wp\/v2\/media\/12476"}],"wp:attachment":[{"href":"https:\/\/www.huelvaysusfotografos.com\/index.php?rest_route=%2Fwp%2Fv2%2Fmedia&parent=12475"}],"wp:term":[{"taxonomy":"category","embeddable":true,"href":"https:\/\/www.huelvaysusfotografos.com\/index.php?rest_route=%2Fwp%2Fv2%2Fcategories&post=12475"},{"taxonomy":"post_tag","embeddable":true,"href":"https:\/\/www.huelvaysusfotografos.com\/index.php?rest_route=%2Fwp%2Fv2%2Ftags&post=12475"}],"curies":[{"name":"wp","href":"https:\/\/api.w.org\/{rel}","templated":true}]}}