{"id":12461,"date":"2023-02-06T10:59:00","date_gmt":"2023-02-06T09:59:00","guid":{"rendered":"https:\/\/www.huelvaysusfotografos.com\/?p=12461"},"modified":"2023-02-12T20:55:41","modified_gmt":"2023-02-12T19:55:41","slug":"concurso-el-camino-rociero-por-el-puerto-de-huelva","status":"publish","type":"post","link":"https:\/\/www.huelvaysusfotografos.com\/?p=12461","title":{"rendered":"Concurso ^El Camino Rociero por el Puerto de Huelva^"},"content":{"rendered":"\n<p>Una vez finalizado el plazo de presentaci\u00f3n de las fotograf\u00edas del concurso que La Hermanad del Roc\u00edo de Huelva y Huelva sus fot\u00f3grafos han programado el pasado mes de diciembre, se ha procedido a la selecci\u00f3n de las obras que ir\u00e1n a la exposici\u00f3n.<\/p>\n\n\n\n<p>Queremos dar las gracias a los participantes que han aportado un total de 55 obras de las cuales el jurado ha seleccionado un total de 20 obras, que ser\u00e1n impresas y expuestas.<\/p>\n\n\n\n<p>El lugar indicado para sus exposici\u00f3n sufre un cambio y pasar\u00e1 del inicialmente programado en el Centro de Recepci\u00f3n y Documentaci\u00f3n del Puerto de Huelva a la Casa Hermandad del Roc\u00edo en Huelva y m\u00e1s concretamente se podr\u00e1n ver en la Sala de patrimonio de la Hermandad del Roc\u00edo de Huelva.<\/p>\n\n\n\n<p><strong>As\u00ed queda todo el proceso para de este concurso. <\/strong><\/p>\n\n\n\n<p>25 enero. Fin presentaci\u00f3n obras.<\/p>\n\n\n\n<p>27 enero. Reuni\u00f3n jurado<\/p>\n\n\n\n<p><strong>14 marzo. Inauguraci\u00f3n exposici\u00f3n fotos<\/strong>. Sala de patrimonio de la Hermandad del Roc\u00edo de Huelva.<\/p>\n\n\n\n<p>28 marzo. Entrega Premios concurso fotogr\u00e1fico.<\/p>\n\n\n\n<p>31 de marzo. Fin de la exposici\u00f3n fotogr\u00e1fica.<\/p>\n\n\n\n<p>El jurado estaba compuesto por <\/p>\n\n\n\n<p>-Juan Carlos Rubio (Presidente).<br>-Pilar Miranda<br>-Juan Canterla<br>-Pedro Rodr\u00edguez<br>-Francis Fern\u00e1ndez<br>-Pedro Cintado<br>-Mar\u00eda Jos\u00e9 Mira, como secretaria.<\/p>\n","protected":false},"excerpt":{"rendered":"<p>Una vez finalizado el plazo de presentaci\u00f3n de las fotograf\u00edas del concurso que La Hermanad del Roc\u00edo de Huelva y Huelva sus fot\u00f3grafos han programado el pasado mes de diciembre, se ha procedido a la selecci\u00f3n de las obras que ir\u00e1n a la exposici\u00f3n. Queremos dar las gracias a los participantes que han aportado un total de 55 obras de las cuales el jurado ha seleccionado un total de 20<\/p>\n<div class=\"belowpost\"><a class=\"btnmore\" href=\"https:\/\/www.huelvaysusfotografos.com\/?p=12461\">Seguir leyendo<\/a><\/div>\n","protected":false},"author":8279,"featured_media":12294,"comment_status":"open","ping_status":"open","sticky":false,"template":"","format":"standard","meta":{"footnotes":"","_links_to":"","_links_to_target":""},"categories":[12],"tags":[],"class_list":["post-12461","post","type-post","status-publish","format-standard","has-post-thumbnail","hentry","category-concursos"],"_links":{"self":[{"href":"https:\/\/www.huelvaysusfotografos.com\/index.php?rest_route=\/wp\/v2\/posts\/12461","targetHints":{"allow":["GET"]}}],"collection":[{"href":"https:\/\/www.huelvaysusfotografos.com\/index.php?rest_route=\/wp\/v2\/posts"}],"about":[{"href":"https:\/\/www.huelvaysusfotografos.com\/index.php?rest_route=\/wp\/v2\/types\/post"}],"author":[{"embeddable":true,"href":"https:\/\/www.huelvaysusfotografos.com\/index.php?rest_route=\/wp\/v2\/users\/8279"}],"replies":[{"embeddable":true,"href":"https:\/\/www.huelvaysusfotografos.com\/index.php?rest_route=%2Fwp%2Fv2%2Fcomments&post=12461"}],"version-history":[{"count":2,"href":"https:\/\/www.huelvaysusfotografos.com\/index.php?rest_route=\/wp\/v2\/posts\/12461\/revisions"}],"predecessor-version":[{"id":12468,"href":"https:\/\/www.huelvaysusfotografos.com\/index.php?rest_route=\/wp\/v2\/posts\/12461\/revisions\/12468"}],"wp:featuredmedia":[{"embeddable":true,"href":"https:\/\/www.huelvaysusfotografos.com\/index.php?rest_route=\/wp\/v2\/media\/12294"}],"wp:attachment":[{"href":"https:\/\/www.huelvaysusfotografos.com\/index.php?rest_route=%2Fwp%2Fv2%2Fmedia&parent=12461"}],"wp:term":[{"taxonomy":"category","embeddable":true,"href":"https:\/\/www.huelvaysusfotografos.com\/index.php?rest_route=%2Fwp%2Fv2%2Fcategories&post=12461"},{"taxonomy":"post_tag","embeddable":true,"href":"https:\/\/www.huelvaysusfotografos.com\/index.php?rest_route=%2Fwp%2Fv2%2Ftags&post=12461"}],"curies":[{"name":"wp","href":"https:\/\/api.w.org\/{rel}","templated":true}]}}