{"id":12456,"date":"2023-02-06T19:07:00","date_gmt":"2023-02-06T18:07:00","guid":{"rendered":"https:\/\/www.huelvaysusfotografos.com\/?p=12456"},"modified":"2023-02-06T23:12:22","modified_gmt":"2023-02-06T22:12:22","slug":"charla-fotografia-de-calle","status":"publish","type":"post","link":"https:\/\/www.huelvaysusfotografos.com\/?p=12456","title":{"rendered":"Charla, Fotograf\u00eda de Calle"},"content":{"rendered":"\n<p>Os traemos nuestra pr\u00f3xima actividad: Una charla con el fot\u00f3grafo de calle, Pablo Noja.<\/p>\n\n\n\n<p>La charla tendr\u00e1 lugar en el sal\u00f3n del centro de Los Rosales el pr\u00f3ximo martes 21 de Febrero a las 19.30 horas.<\/p>\n\n\n\n<p>Ponente: Pablo Noja&nbsp;<\/p>\n\n\n\n<p>Esta es una charla sobre fotograf\u00eda de calle. Fotograf\u00eda tradicional que perdura inalterable en el tiempo desde sus comienzos.<\/p>\n\n\n\n<p>El esqueleto del tema a tratar es la fotograf\u00eda como modo de arte, como algo filos\u00f3fico m\u00e1s que mec\u00e1nico. Como medio de comunicaci\u00f3n y paralizador del tiempo. Se trabajar\u00e1n aspectos t\u00e9cnicos de composici\u00f3n y subjetivos emocionales, desde el color de revelado hasta los sujetos que componen nuestras instant\u00e1neas.<\/p>\n\n\n\n<p>Se realizar\u00e1 un recorrido a lo largo de todos los temas que pertenecen a la fotograf\u00eda de calle, como la documental, period\u00edstica e incluso etnogr\u00e1fica desde un punto de vista de \u201cfotograf\u00eda de calle\u201d.<\/p>\n\n\n\n<p>Como base de apoyo, la ponencia estar\u00e1 respaldada por fotograf\u00edas del fot\u00f3grafo Pablo Noja de diferentes \u00e1reas para poder comprender los contenidos presentados.<\/p>\n\n\n\n<p>La charla tendr\u00e1 una duraci\u00f3n aproximada de una hora.<\/p>\n\n\n\n<p><strong><u>Breve curr\u00edculum del ponente:<\/u><\/strong><\/p>\n\n\n\n<p>&#8211; Reportero de la Caba\u00f1a Real de Carreteros de Burgos.<\/p>\n\n\n\n<p>&#8211; Fot\u00f3grafo etnogr\u00e1fico.<\/p>\n\n\n\n<p>&#8211; Operador de c\u00e1mara.<\/p>\n\n\n\n<p>&#8211; Ayudante de producci\u00f3n, encargado de making of, auxiliar de c\u00e1mara y localizador en Sony Music Entertainment.<\/p>\n\n\n\n<p>&#8211; Editor y montador.<\/p>\n\n\n\n<p>&#8211; Fot\u00f3grafo y vide\u00f3grafo freelance<\/p>\n\n\n\n<figure class=\"wp-block-image size-large\"><a href=\"https:\/\/www.huelvaysusfotografos.com\/wp-content\/uploads\/2023\/02\/WEB-CHARLA-FOTOGRAFIA-DE-CALLE-CENTRO-MUNICIPAL-LOS-ROSALES-1.jpg\"><img loading=\"lazy\" decoding=\"async\" width=\"819\" height=\"1024\" src=\"https:\/\/www.huelvaysusfotografos.com\/wp-content\/uploads\/2023\/02\/WEB-CHARLA-FOTOGRAFIA-DE-CALLE-CENTRO-MUNICIPAL-LOS-ROSALES-1-819x1024.jpg\" alt=\"\" class=\"wp-image-12459\" srcset=\"https:\/\/www.huelvaysusfotografos.com\/wp-content\/uploads\/2023\/02\/WEB-CHARLA-FOTOGRAFIA-DE-CALLE-CENTRO-MUNICIPAL-LOS-ROSALES-1-819x1024.jpg 819w, https:\/\/www.huelvaysusfotografos.com\/wp-content\/uploads\/2023\/02\/WEB-CHARLA-FOTOGRAFIA-DE-CALLE-CENTRO-MUNICIPAL-LOS-ROSALES-1-240x300.jpg 240w, https:\/\/www.huelvaysusfotografos.com\/wp-content\/uploads\/2023\/02\/WEB-CHARLA-FOTOGRAFIA-DE-CALLE-CENTRO-MUNICIPAL-LOS-ROSALES-1-768x960.jpg 768w, https:\/\/www.huelvaysusfotografos.com\/wp-content\/uploads\/2023\/02\/WEB-CHARLA-FOTOGRAFIA-DE-CALLE-CENTRO-MUNICIPAL-LOS-ROSALES-1.jpg 1024w\" sizes=\"auto, (max-width: 819px) 100vw, 819px\" \/><\/a><\/figure>\n","protected":false},"excerpt":{"rendered":"<p>Os traemos nuestra pr\u00f3xima actividad: Una charla con el fot\u00f3grafo de calle, Pablo Noja. La charla tendr\u00e1 lugar en el sal\u00f3n del centro de Los Rosales el pr\u00f3ximo martes 21 de Febrero a las 19.30 horas. Ponente: Pablo Noja&nbsp; Esta es una charla sobre fotograf\u00eda de calle. Fotograf\u00eda tradicional que perdura inalterable en el tiempo desde sus comienzos. El esqueleto del tema a tratar es la fotograf\u00eda como modo de<\/p>\n<div class=\"belowpost\"><a class=\"btnmore\" href=\"https:\/\/www.huelvaysusfotografos.com\/?p=12456\">Seguir leyendo<\/a><\/div>\n","protected":false},"author":8279,"featured_media":12458,"comment_status":"open","ping_status":"open","sticky":false,"template":"","format":"standard","meta":{"footnotes":"","_links_to":"","_links_to_target":""},"categories":[4,206],"tags":[],"class_list":["post-12456","post","type-post","status-publish","format-standard","has-post-thumbnail","hentry","category-actividades","category-charlas-coloquio"],"_links":{"self":[{"href":"https:\/\/www.huelvaysusfotografos.com\/index.php?rest_route=\/wp\/v2\/posts\/12456","targetHints":{"allow":["GET"]}}],"collection":[{"href":"https:\/\/www.huelvaysusfotografos.com\/index.php?rest_route=\/wp\/v2\/posts"}],"about":[{"href":"https:\/\/www.huelvaysusfotografos.com\/index.php?rest_route=\/wp\/v2\/types\/post"}],"author":[{"embeddable":true,"href":"https:\/\/www.huelvaysusfotografos.com\/index.php?rest_route=\/wp\/v2\/users\/8279"}],"replies":[{"embeddable":true,"href":"https:\/\/www.huelvaysusfotografos.com\/index.php?rest_route=%2Fwp%2Fv2%2Fcomments&post=12456"}],"version-history":[{"count":1,"href":"https:\/\/www.huelvaysusfotografos.com\/index.php?rest_route=\/wp\/v2\/posts\/12456\/revisions"}],"predecessor-version":[{"id":12460,"href":"https:\/\/www.huelvaysusfotografos.com\/index.php?rest_route=\/wp\/v2\/posts\/12456\/revisions\/12460"}],"wp:featuredmedia":[{"embeddable":true,"href":"https:\/\/www.huelvaysusfotografos.com\/index.php?rest_route=\/wp\/v2\/media\/12458"}],"wp:attachment":[{"href":"https:\/\/www.huelvaysusfotografos.com\/index.php?rest_route=%2Fwp%2Fv2%2Fmedia&parent=12456"}],"wp:term":[{"taxonomy":"category","embeddable":true,"href":"https:\/\/www.huelvaysusfotografos.com\/index.php?rest_route=%2Fwp%2Fv2%2Fcategories&post=12456"},{"taxonomy":"post_tag","embeddable":true,"href":"https:\/\/www.huelvaysusfotografos.com\/index.php?rest_route=%2Fwp%2Fv2%2Ftags&post=12456"}],"curies":[{"name":"wp","href":"https:\/\/api.w.org\/{rel}","templated":true}]}}