{"id":12447,"date":"2023-01-22T23:21:00","date_gmt":"2023-01-22T22:21:00","guid":{"rendered":"https:\/\/www.huelvaysusfotografos.com\/?p=12447"},"modified":"2023-01-22T23:21:02","modified_gmt":"2023-01-22T22:21:02","slug":"exitosa-exposicion-de-huelva-en-blanco-y-negro","status":"publish","type":"post","link":"https:\/\/www.huelvaysusfotografos.com\/?p=12447","title":{"rendered":"Exitosa exposici\u00f3n de Huelva en Blanco y Negro."},"content":{"rendered":"\n<p>La exposici\u00f3n colectiva de 2023, llegaba a su primera parada el s\u00e1bado 21 de enero.<\/p>\n\n\n\n<p>Han sido dos semanas a tope en la Sala Rio Tinto de la Casa Col\u00f3n, por donde han pasado m\u00e1s de 1500 visitas, deleit\u00e1ndose con las instant\u00e1neas de nuestros compa\u00f1eros.<\/p>\n\n\n\n<p>D\u00edas de alegr\u00edas para nuestra Asociaci\u00f3n donde ha participado en entrevistas con Radio Nacional de Espa\u00f1a, Onda Cero Huelva, Cadena Cope Huelva, Canal Sur Radio Huelva y Canal Sur Radio Andaluc\u00eda. Al tiempo que hemos sido protagonistas de programas de Televisi\u00f3n en Canal Sur Huelva, Teleonuba y Huelva TV.<\/p>\n\n\n\n<p>En nuestro libro de visitas se recogen las m\u00faltiples muestras de cari\u00f1o de los visitantes que han llegado de todas las partes de Huelva y su provincia, as\u00ed como de la vecina Portugal. &nbsp;<\/p>\n\n\n\n<p>Desde estas l\u00edneas queremos dar las gracias a tod@s los compa\u00f1eros que han participado en esta exposici\u00f3n.<\/p>\n\n\n\n<p>Nuestra pr\u00f3xima parada nos llevar\u00e1 por tierras lusas y m\u00e1s concretamente a la vecina Tavira, de la mano de nuestros compa\u00f1eros hermanados de Anafa.<\/p>\n\n\n\n<p>Mil gracias a tod@s.<\/p>\n","protected":false},"excerpt":{"rendered":"<p>La exposici\u00f3n colectiva de 2023, llegaba a su primera parada el s\u00e1bado 21 de enero. Han sido dos semanas a tope en la Sala Rio Tinto de la Casa Col\u00f3n, por donde han pasado m\u00e1s de 1500 visitas, deleit\u00e1ndose con las instant\u00e1neas de nuestros compa\u00f1eros. D\u00edas de alegr\u00edas para nuestra Asociaci\u00f3n donde ha participado en entrevistas con Radio Nacional de Espa\u00f1a, Onda Cero Huelva, Cadena Cope Huelva, Canal Sur Radio<\/p>\n<div class=\"belowpost\"><a class=\"btnmore\" href=\"https:\/\/www.huelvaysusfotografos.com\/?p=12447\">Seguir leyendo<\/a><\/div>\n","protected":false},"author":8279,"featured_media":12448,"comment_status":"open","ping_status":"open","sticky":false,"template":"","format":"standard","meta":{"footnotes":"","_links_to":"","_links_to_target":""},"categories":[23],"tags":[],"class_list":["post-12447","post","type-post","status-publish","format-standard","has-post-thumbnail","hentry","category-exposiciones"],"_links":{"self":[{"href":"https:\/\/www.huelvaysusfotografos.com\/index.php?rest_route=\/wp\/v2\/posts\/12447","targetHints":{"allow":["GET"]}}],"collection":[{"href":"https:\/\/www.huelvaysusfotografos.com\/index.php?rest_route=\/wp\/v2\/posts"}],"about":[{"href":"https:\/\/www.huelvaysusfotografos.com\/index.php?rest_route=\/wp\/v2\/types\/post"}],"author":[{"embeddable":true,"href":"https:\/\/www.huelvaysusfotografos.com\/index.php?rest_route=\/wp\/v2\/users\/8279"}],"replies":[{"embeddable":true,"href":"https:\/\/www.huelvaysusfotografos.com\/index.php?rest_route=%2Fwp%2Fv2%2Fcomments&post=12447"}],"version-history":[{"count":1,"href":"https:\/\/www.huelvaysusfotografos.com\/index.php?rest_route=\/wp\/v2\/posts\/12447\/revisions"}],"predecessor-version":[{"id":12449,"href":"https:\/\/www.huelvaysusfotografos.com\/index.php?rest_route=\/wp\/v2\/posts\/12447\/revisions\/12449"}],"wp:featuredmedia":[{"embeddable":true,"href":"https:\/\/www.huelvaysusfotografos.com\/index.php?rest_route=\/wp\/v2\/media\/12448"}],"wp:attachment":[{"href":"https:\/\/www.huelvaysusfotografos.com\/index.php?rest_route=%2Fwp%2Fv2%2Fmedia&parent=12447"}],"wp:term":[{"taxonomy":"category","embeddable":true,"href":"https:\/\/www.huelvaysusfotografos.com\/index.php?rest_route=%2Fwp%2Fv2%2Fcategories&post=12447"},{"taxonomy":"post_tag","embeddable":true,"href":"https:\/\/www.huelvaysusfotografos.com\/index.php?rest_route=%2Fwp%2Fv2%2Ftags&post=12447"}],"curies":[{"name":"wp","href":"https:\/\/api.w.org\/{rel}","templated":true}]}}