{"id":12434,"date":"2023-01-17T23:22:41","date_gmt":"2023-01-17T22:22:41","guid":{"rendered":"https:\/\/www.huelvaysusfotografos.com\/?p=12434"},"modified":"2023-01-17T23:22:43","modified_gmt":"2023-01-17T22:22:43","slug":"juanma-brioso-nos-hace-un-recorrido-a-vista-de-pajaro","status":"publish","type":"post","link":"https:\/\/www.huelvaysusfotografos.com\/?p=12434","title":{"rendered":"Juanma Brioso nos hace un recorrido a vista de p\u00e1jaro."},"content":{"rendered":"\n<p>El onubense Juanma Brioso, ha sido el primero de los ponentes que ha tomado partida en las actividades que la Asociaci\u00f3n Huelva y sus Fot\u00f3grafos va a desarrollar en este 2023.<\/p>\n\n\n\n<p>Una lecci\u00f3n magistral de uno de nuestros premiados en la pasada edici\u00f3n de los premios carrete, llev\u00e1ndonos en un recorrido por las alturas, donde nos ha desvelado las singularidades de la fotograf\u00eda con drones.<\/p>\n\n\n\n<p>Sus explicaciones nos han llevado por conocer in situ los equipos con los que desarrolla su trabajo, al tiempo que nos ha ido desgranando la normativa que se debe tener en cuenta a hora de volar un dron y las restricciones con las que te pueden encontrar, dependiendo del lugar donde desees realizar tus trabajos.<\/p>\n\n\n\n<p>Todo ello con una interesante charla con los asistentes que llenaban el aula del Centro Municipal de Los Rosales, atentos a las explicaciones y las im\u00e1genes que iban fluyendo en su presentaci\u00f3n. <\/p>\n\n\n\n<p>Gracias a todos los asistentes por dar forma a este primer encuentro en el espacio del que disponemos para charlas, talleres, encuentros y cursos.<\/p>\n\n\n\n<p>Nos vemos en la pr\u00f3xima actividad. <\/p>\n\n\n\n<figure class=\"wp-block-gallery has-nested-images columns-default wp-block-gallery-1 is-layout-flex wp-block-gallery-is-layout-flex\">\n<figure class=\"wp-block-image size-large\"><a href=\"https:\/\/www.huelvaysusfotografos.com\/wp-content\/uploads\/2023\/01\/1-1.jpg\"><img loading=\"lazy\" decoding=\"async\" width=\"1024\" height=\"771\" data-id=\"12436\" src=\"https:\/\/www.huelvaysusfotografos.com\/wp-content\/uploads\/2023\/01\/1-1-1024x771.jpg\" alt=\"\" class=\"wp-image-12436\" srcset=\"https:\/\/www.huelvaysusfotografos.com\/wp-content\/uploads\/2023\/01\/1-1-1024x771.jpg 1024w, https:\/\/www.huelvaysusfotografos.com\/wp-content\/uploads\/2023\/01\/1-1-300x226.jpg 300w, https:\/\/www.huelvaysusfotografos.com\/wp-content\/uploads\/2023\/01\/1-1-768x578.jpg 768w, https:\/\/www.huelvaysusfotografos.com\/wp-content\/uploads\/2023\/01\/1-1-1536x1157.jpg 1536w, https:\/\/www.huelvaysusfotografos.com\/wp-content\/uploads\/2023\/01\/1-1.jpg 2040w\" sizes=\"auto, (max-width: 1024px) 100vw, 1024px\" \/><\/a><\/figure>\n\n\n\n<figure class=\"wp-block-image size-large\"><a href=\"https:\/\/www.huelvaysusfotografos.com\/wp-content\/uploads\/2023\/01\/2-1.jpg\"><img loading=\"lazy\" decoding=\"async\" width=\"1024\" height=\"771\" data-id=\"12441\" src=\"https:\/\/www.huelvaysusfotografos.com\/wp-content\/uploads\/2023\/01\/2-1-1024x771.jpg\" alt=\"\" class=\"wp-image-12441\" srcset=\"https:\/\/www.huelvaysusfotografos.com\/wp-content\/uploads\/2023\/01\/2-1-1024x771.jpg 1024w, https:\/\/www.huelvaysusfotografos.com\/wp-content\/uploads\/2023\/01\/2-1-300x226.jpg 300w, https:\/\/www.huelvaysusfotografos.com\/wp-content\/uploads\/2023\/01\/2-1-768x578.jpg 768w, https:\/\/www.huelvaysusfotografos.com\/wp-content\/uploads\/2023\/01\/2-1-1536x1157.jpg 1536w, https:\/\/www.huelvaysusfotografos.com\/wp-content\/uploads\/2023\/01\/2-1.jpg 2040w\" sizes=\"auto, (max-width: 1024px) 100vw, 1024px\" \/><\/a><\/figure>\n\n\n\n<figure class=\"wp-block-image size-large\"><a href=\"https:\/\/www.huelvaysusfotografos.com\/wp-content\/uploads\/2023\/01\/3-1.jpg\"><img loading=\"lazy\" decoding=\"async\" width=\"1024\" height=\"771\" data-id=\"12440\" src=\"https:\/\/www.huelvaysusfotografos.com\/wp-content\/uploads\/2023\/01\/3-1-1024x771.jpg\" alt=\"\" class=\"wp-image-12440\" srcset=\"https:\/\/www.huelvaysusfotografos.com\/wp-content\/uploads\/2023\/01\/3-1-1024x771.jpg 1024w, https:\/\/www.huelvaysusfotografos.com\/wp-content\/uploads\/2023\/01\/3-1-300x226.jpg 300w, https:\/\/www.huelvaysusfotografos.com\/wp-content\/uploads\/2023\/01\/3-1-768x578.jpg 768w, https:\/\/www.huelvaysusfotografos.com\/wp-content\/uploads\/2023\/01\/3-1-1536x1157.jpg 1536w, https:\/\/www.huelvaysusfotografos.com\/wp-content\/uploads\/2023\/01\/3-1.jpg 2040w\" sizes=\"auto, (max-width: 1024px) 100vw, 1024px\" \/><\/a><\/figure>\n\n\n\n<figure class=\"wp-block-image size-large\"><a href=\"https:\/\/www.huelvaysusfotografos.com\/wp-content\/uploads\/2023\/01\/4-1.jpg\"><img loading=\"lazy\" decoding=\"async\" width=\"1024\" height=\"771\" data-id=\"12437\" src=\"https:\/\/www.huelvaysusfotografos.com\/wp-content\/uploads\/2023\/01\/4-1-1024x771.jpg\" alt=\"\" class=\"wp-image-12437\" srcset=\"https:\/\/www.huelvaysusfotografos.com\/wp-content\/uploads\/2023\/01\/4-1-1024x771.jpg 1024w, https:\/\/www.huelvaysusfotografos.com\/wp-content\/uploads\/2023\/01\/4-1-300x226.jpg 300w, https:\/\/www.huelvaysusfotografos.com\/wp-content\/uploads\/2023\/01\/4-1-768x578.jpg 768w, https:\/\/www.huelvaysusfotografos.com\/wp-content\/uploads\/2023\/01\/4-1-1536x1157.jpg 1536w, https:\/\/www.huelvaysusfotografos.com\/wp-content\/uploads\/2023\/01\/4-1.jpg 2040w\" sizes=\"auto, (max-width: 1024px) 100vw, 1024px\" \/><\/a><\/figure>\n\n\n\n<figure class=\"wp-block-image size-large\"><a href=\"https:\/\/www.huelvaysusfotografos.com\/wp-content\/uploads\/2023\/01\/5-1.jpg\"><img loading=\"lazy\" decoding=\"async\" width=\"1024\" height=\"771\" data-id=\"12438\" src=\"https:\/\/www.huelvaysusfotografos.com\/wp-content\/uploads\/2023\/01\/5-1-1024x771.jpg\" alt=\"\" class=\"wp-image-12438\" srcset=\"https:\/\/www.huelvaysusfotografos.com\/wp-content\/uploads\/2023\/01\/5-1-1024x771.jpg 1024w, https:\/\/www.huelvaysusfotografos.com\/wp-content\/uploads\/2023\/01\/5-1-300x226.jpg 300w, https:\/\/www.huelvaysusfotografos.com\/wp-content\/uploads\/2023\/01\/5-1-768x578.jpg 768w, https:\/\/www.huelvaysusfotografos.com\/wp-content\/uploads\/2023\/01\/5-1-1536x1157.jpg 1536w, https:\/\/www.huelvaysusfotografos.com\/wp-content\/uploads\/2023\/01\/5-1.jpg 2040w\" sizes=\"auto, (max-width: 1024px) 100vw, 1024px\" \/><\/a><\/figure>\n\n\n\n<figure class=\"wp-block-image size-large\"><a href=\"https:\/\/www.huelvaysusfotografos.com\/wp-content\/uploads\/2023\/01\/6-1.jpg\"><img loading=\"lazy\" decoding=\"async\" width=\"1024\" height=\"771\" data-id=\"12439\" src=\"https:\/\/www.huelvaysusfotografos.com\/wp-content\/uploads\/2023\/01\/6-1-1024x771.jpg\" alt=\"\" class=\"wp-image-12439\" srcset=\"https:\/\/www.huelvaysusfotografos.com\/wp-content\/uploads\/2023\/01\/6-1-1024x771.jpg 1024w, https:\/\/www.huelvaysusfotografos.com\/wp-content\/uploads\/2023\/01\/6-1-300x226.jpg 300w, https:\/\/www.huelvaysusfotografos.com\/wp-content\/uploads\/2023\/01\/6-1-768x578.jpg 768w, https:\/\/www.huelvaysusfotografos.com\/wp-content\/uploads\/2023\/01\/6-1-1536x1157.jpg 1536w, https:\/\/www.huelvaysusfotografos.com\/wp-content\/uploads\/2023\/01\/6-1.jpg 2040w\" sizes=\"auto, (max-width: 1024px) 100vw, 1024px\" \/><\/a><\/figure>\n\n\n\n<figure class=\"wp-block-image size-large\"><a href=\"https:\/\/www.huelvaysusfotografos.com\/wp-content\/uploads\/2023\/01\/7-1.jpg\"><img loading=\"lazy\" decoding=\"async\" width=\"1024\" height=\"576\" data-id=\"12442\" src=\"https:\/\/www.huelvaysusfotografos.com\/wp-content\/uploads\/2023\/01\/7-1-1024x576.jpg\" alt=\"\" class=\"wp-image-12442\" srcset=\"https:\/\/www.huelvaysusfotografos.com\/wp-content\/uploads\/2023\/01\/7-1-1024x576.jpg 1024w, https:\/\/www.huelvaysusfotografos.com\/wp-content\/uploads\/2023\/01\/7-1-300x169.jpg 300w, https:\/\/www.huelvaysusfotografos.com\/wp-content\/uploads\/2023\/01\/7-1-768x432.jpg 768w, https:\/\/www.huelvaysusfotografos.com\/wp-content\/uploads\/2023\/01\/7-1-1536x864.jpg 1536w, https:\/\/www.huelvaysusfotografos.com\/wp-content\/uploads\/2023\/01\/7-1-620x350.jpg 620w, https:\/\/www.huelvaysusfotografos.com\/wp-content\/uploads\/2023\/01\/7-1.jpg 1920w\" sizes=\"auto, (max-width: 1024px) 100vw, 1024px\" \/><\/a><\/figure>\n<\/figure>\n","protected":false},"excerpt":{"rendered":"<p>El onubense Juanma Brioso, ha sido el primero de los ponentes que ha tomado partida en las actividades que la Asociaci\u00f3n Huelva y sus Fot\u00f3grafos va a desarrollar en este 2023. Una lecci\u00f3n magistral de uno de nuestros premiados en la pasada edici\u00f3n de los premios carrete, llev\u00e1ndonos en un recorrido por las alturas, donde nos ha desvelado las singularidades de la fotograf\u00eda con drones. Sus explicaciones nos han llevado<\/p>\n<div class=\"belowpost\"><a class=\"btnmore\" href=\"https:\/\/www.huelvaysusfotografos.com\/?p=12434\">Seguir leyendo<\/a><\/div>\n","protected":false},"author":8279,"featured_media":12435,"comment_status":"open","ping_status":"open","sticky":false,"template":"","format":"standard","meta":{"footnotes":"","_links_to":"","_links_to_target":""},"categories":[4],"tags":[],"class_list":["post-12434","post","type-post","status-publish","format-standard","has-post-thumbnail","hentry","category-actividades"],"_links":{"self":[{"href":"https:\/\/www.huelvaysusfotografos.com\/index.php?rest_route=\/wp\/v2\/posts\/12434","targetHints":{"allow":["GET"]}}],"collection":[{"href":"https:\/\/www.huelvaysusfotografos.com\/index.php?rest_route=\/wp\/v2\/posts"}],"about":[{"href":"https:\/\/www.huelvaysusfotografos.com\/index.php?rest_route=\/wp\/v2\/types\/post"}],"author":[{"embeddable":true,"href":"https:\/\/www.huelvaysusfotografos.com\/index.php?rest_route=\/wp\/v2\/users\/8279"}],"replies":[{"embeddable":true,"href":"https:\/\/www.huelvaysusfotografos.com\/index.php?rest_route=%2Fwp%2Fv2%2Fcomments&post=12434"}],"version-history":[{"count":1,"href":"https:\/\/www.huelvaysusfotografos.com\/index.php?rest_route=\/wp\/v2\/posts\/12434\/revisions"}],"predecessor-version":[{"id":12443,"href":"https:\/\/www.huelvaysusfotografos.com\/index.php?rest_route=\/wp\/v2\/posts\/12434\/revisions\/12443"}],"wp:featuredmedia":[{"embeddable":true,"href":"https:\/\/www.huelvaysusfotografos.com\/index.php?rest_route=\/wp\/v2\/media\/12435"}],"wp:attachment":[{"href":"https:\/\/www.huelvaysusfotografos.com\/index.php?rest_route=%2Fwp%2Fv2%2Fmedia&parent=12434"}],"wp:term":[{"taxonomy":"category","embeddable":true,"href":"https:\/\/www.huelvaysusfotografos.com\/index.php?rest_route=%2Fwp%2Fv2%2Fcategories&post=12434"},{"taxonomy":"post_tag","embeddable":true,"href":"https:\/\/www.huelvaysusfotografos.com\/index.php?rest_route=%2Fwp%2Fv2%2Ftags&post=12434"}],"curies":[{"name":"wp","href":"https:\/\/api.w.org\/{rel}","templated":true}]}}