{"id":12432,"date":"2023-01-17T16:04:00","date_gmt":"2023-01-17T15:04:00","guid":{"rendered":"https:\/\/www.huelvaysusfotografos.com\/?p=12432"},"modified":"2023-01-17T23:06:10","modified_gmt":"2023-01-17T22:06:10","slug":"asamblea-ordinaria-socios-2023","status":"publish","type":"post","link":"https:\/\/www.huelvaysusfotografos.com\/?p=12432","title":{"rendered":"Asamblea Ordinaria Socios 2023"},"content":{"rendered":"\n<p><strong><u>ASAMBLEA ORDINARIA DE SOCIOS DE LA ASOCIACI\u00d3N<\/u><\/strong><\/p>\n\n\n\n<p><strong><u>HUELVA Y SUS FOT\u00d3GRAFOS.<\/u><\/strong><\/p>\n\n\n\n<p>Estimados socios, por la presente os convocamos a la asamblea ordinaria de la Asociaci\u00f3n Huelva y sus Fot\u00f3grafos, que tendr\u00e1 lugar el pr\u00f3ximo <strong>mi\u00e9rcoles 15 de febrero a las 19.00<\/strong> horas en el sal\u00f3n de actos de la Gota de Leche, sita en Paseo de la Independencia, 47 de Huelva.<\/p>\n\n\n\n<p>Asamblea que tendr\u00e1 el siguiente orden del d\u00eda.<\/p>\n\n\n\n<p>1.- Lectura de actividades realizadas en 2020, 2021 y 2022<\/p>\n\n\n\n<p>2.- Estado de cuentas de la Asociaci\u00f3n<\/p>\n\n\n\n<p>3.- Presentaci\u00f3n de actividades para 2023<\/p>\n\n\n\n<p>4.- Renovaci\u00f3n de la Junta Directiva<\/p>\n\n\n\n<p>5.- Ruegos y preguntas<\/p>\n\n\n\n<p><strong>Actividad<\/strong>.- Asamblea Ordinaria Huelva y sus Fot\u00f3grafos<\/p>\n\n\n\n<p><strong>Lugar<\/strong>.- Sal\u00f3n actos La Gota de Leche<\/p>\n\n\n\n<p>&nbsp;&nbsp;&nbsp;&nbsp;&nbsp;&nbsp;&nbsp;&nbsp;&nbsp;&nbsp;&nbsp;&nbsp;&nbsp;&nbsp;&nbsp; Paseo de la Independencia, 47.&nbsp;&nbsp; 21002 Huelva.<\/p>\n\n\n\n<p><strong>D\u00eda<\/strong>.- &nbsp;&nbsp;&nbsp;&nbsp;&nbsp;mi\u00e9rcoles 15 de febrero de 2023<\/p>\n\n\n\n<p><strong>Hora<\/strong>.- &nbsp;&nbsp;a las 19.00 horas.<\/p>\n\n\n\n<p>En la Ciudad de Huelva a 16 de enero de 2023.<\/p>\n\n\n\n<p>Jos\u00e9 Prieto Ramblado (Secretario)<\/p>\n","protected":false},"excerpt":{"rendered":"<p>ASAMBLEA ORDINARIA DE SOCIOS DE LA ASOCIACI\u00d3N HUELVA Y SUS FOT\u00d3GRAFOS. Estimados socios, por la presente os convocamos a la asamblea ordinaria de la Asociaci\u00f3n Huelva y sus Fot\u00f3grafos, que tendr\u00e1 lugar el pr\u00f3ximo mi\u00e9rcoles 15 de febrero a las 19.00 horas en el sal\u00f3n de actos de la Gota de Leche, sita en Paseo de la Independencia, 47 de Huelva. Asamblea que tendr\u00e1 el siguiente orden del d\u00eda. 1.-<\/p>\n<div class=\"belowpost\"><a class=\"btnmore\" href=\"https:\/\/www.huelvaysusfotografos.com\/?p=12432\">Seguir leyendo<\/a><\/div>\n","protected":false},"author":8279,"featured_media":12416,"comment_status":"open","ping_status":"open","sticky":false,"template":"","format":"standard","meta":{"footnotes":"","_links_to":"","_links_to_target":""},"categories":[163],"tags":[],"class_list":["post-12432","post","type-post","status-publish","format-standard","has-post-thumbnail","hentry","category-asambleas"],"_links":{"self":[{"href":"https:\/\/www.huelvaysusfotografos.com\/index.php?rest_route=\/wp\/v2\/posts\/12432","targetHints":{"allow":["GET"]}}],"collection":[{"href":"https:\/\/www.huelvaysusfotografos.com\/index.php?rest_route=\/wp\/v2\/posts"}],"about":[{"href":"https:\/\/www.huelvaysusfotografos.com\/index.php?rest_route=\/wp\/v2\/types\/post"}],"author":[{"embeddable":true,"href":"https:\/\/www.huelvaysusfotografos.com\/index.php?rest_route=\/wp\/v2\/users\/8279"}],"replies":[{"embeddable":true,"href":"https:\/\/www.huelvaysusfotografos.com\/index.php?rest_route=%2Fwp%2Fv2%2Fcomments&post=12432"}],"version-history":[{"count":1,"href":"https:\/\/www.huelvaysusfotografos.com\/index.php?rest_route=\/wp\/v2\/posts\/12432\/revisions"}],"predecessor-version":[{"id":12433,"href":"https:\/\/www.huelvaysusfotografos.com\/index.php?rest_route=\/wp\/v2\/posts\/12432\/revisions\/12433"}],"wp:featuredmedia":[{"embeddable":true,"href":"https:\/\/www.huelvaysusfotografos.com\/index.php?rest_route=\/wp\/v2\/media\/12416"}],"wp:attachment":[{"href":"https:\/\/www.huelvaysusfotografos.com\/index.php?rest_route=%2Fwp%2Fv2%2Fmedia&parent=12432"}],"wp:term":[{"taxonomy":"category","embeddable":true,"href":"https:\/\/www.huelvaysusfotografos.com\/index.php?rest_route=%2Fwp%2Fv2%2Fcategories&post=12432"},{"taxonomy":"post_tag","embeddable":true,"href":"https:\/\/www.huelvaysusfotografos.com\/index.php?rest_route=%2Fwp%2Fv2%2Ftags&post=12432"}],"curies":[{"name":"wp","href":"https:\/\/api.w.org\/{rel}","templated":true}]}}