{"id":12427,"date":"2023-01-16T16:59:42","date_gmt":"2023-01-16T15:59:42","guid":{"rendered":"https:\/\/www.huelvaysusfotografos.com\/?p=12427"},"modified":"2023-01-16T16:59:43","modified_gmt":"2023-01-16T15:59:43","slug":"paseo-fotografico-en-tavira","status":"publish","type":"post","link":"https:\/\/www.huelvaysusfotografos.com\/?p=12427","title":{"rendered":"Paseo Fotogr\u00e1fico en Tavira"},"content":{"rendered":"\n<p>Lanzamos otra actividad para el mes de Enero en la vecina Portugal, concretamente en la localidad de <strong>Tavira,<\/strong> donde se va a llevar a cabo un paseo fotogr\u00e1fico por la localidad el pr\u00f3ximo s\u00e1bado <strong>28 de enero.<\/strong><\/p>\n\n\n\n<p>En el siguiente cartel se indica el horario e itinerario que llevaremos a cabo de la mano de nuestros compa\u00f1eros de ANAFA. <\/p>\n\n\n\n<p>Los interesados en acudir al paseo fotogr\u00e1fico indicarlo enviando un mail al correo de la Asociaci\u00f3n <strong>huelvaysf@gmail.com<\/strong> <\/p>\n\n\n<div class=\"wp-block-image\">\n<figure class=\"aligncenter size-full\"><a href=\"https:\/\/www.huelvaysusfotografos.com\/wp-content\/uploads\/2023\/01\/PASEO-FOTOGRAFICO-EN-TAVIRA.jpg\"><img loading=\"lazy\" decoding=\"async\" width=\"900\" height=\"1600\" src=\"https:\/\/www.huelvaysusfotografos.com\/wp-content\/uploads\/2023\/01\/PASEO-FOTOGRAFICO-EN-TAVIRA.jpg\" alt=\"\" class=\"wp-image-12428\" srcset=\"https:\/\/www.huelvaysusfotografos.com\/wp-content\/uploads\/2023\/01\/PASEO-FOTOGRAFICO-EN-TAVIRA.jpg 900w, https:\/\/www.huelvaysusfotografos.com\/wp-content\/uploads\/2023\/01\/PASEO-FOTOGRAFICO-EN-TAVIRA-169x300.jpg 169w, https:\/\/www.huelvaysusfotografos.com\/wp-content\/uploads\/2023\/01\/PASEO-FOTOGRAFICO-EN-TAVIRA-576x1024.jpg 576w, https:\/\/www.huelvaysusfotografos.com\/wp-content\/uploads\/2023\/01\/PASEO-FOTOGRAFICO-EN-TAVIRA-768x1365.jpg 768w, https:\/\/www.huelvaysusfotografos.com\/wp-content\/uploads\/2023\/01\/PASEO-FOTOGRAFICO-EN-TAVIRA-864x1536.jpg 864w\" sizes=\"auto, (max-width: 900px) 100vw, 900px\" \/><\/a><\/figure>\n<\/div>","protected":false},"excerpt":{"rendered":"<p>Lanzamos otra actividad para el mes de Enero en la vecina Portugal, concretamente en la localidad de Tavira, donde se va a llevar a cabo un paseo fotogr\u00e1fico por la localidad el pr\u00f3ximo s\u00e1bado 28 de enero. En el siguiente cartel se indica el horario e itinerario que llevaremos a cabo de la mano de nuestros compa\u00f1eros de ANAFA. Los interesados en acudir al paseo fotogr\u00e1fico indicarlo enviando un mail<\/p>\n<div class=\"belowpost\"><a class=\"btnmore\" href=\"https:\/\/www.huelvaysusfotografos.com\/?p=12427\">Seguir leyendo<\/a><\/div>\n","protected":false},"author":8279,"featured_media":12428,"comment_status":"open","ping_status":"open","sticky":false,"template":"","format":"standard","meta":{"footnotes":"","_links_to":"","_links_to_target":""},"categories":[4],"tags":[],"class_list":["post-12427","post","type-post","status-publish","format-standard","has-post-thumbnail","hentry","category-actividades"],"_links":{"self":[{"href":"https:\/\/www.huelvaysusfotografos.com\/index.php?rest_route=\/wp\/v2\/posts\/12427","targetHints":{"allow":["GET"]}}],"collection":[{"href":"https:\/\/www.huelvaysusfotografos.com\/index.php?rest_route=\/wp\/v2\/posts"}],"about":[{"href":"https:\/\/www.huelvaysusfotografos.com\/index.php?rest_route=\/wp\/v2\/types\/post"}],"author":[{"embeddable":true,"href":"https:\/\/www.huelvaysusfotografos.com\/index.php?rest_route=\/wp\/v2\/users\/8279"}],"replies":[{"embeddable":true,"href":"https:\/\/www.huelvaysusfotografos.com\/index.php?rest_route=%2Fwp%2Fv2%2Fcomments&post=12427"}],"version-history":[{"count":1,"href":"https:\/\/www.huelvaysusfotografos.com\/index.php?rest_route=\/wp\/v2\/posts\/12427\/revisions"}],"predecessor-version":[{"id":12429,"href":"https:\/\/www.huelvaysusfotografos.com\/index.php?rest_route=\/wp\/v2\/posts\/12427\/revisions\/12429"}],"wp:featuredmedia":[{"embeddable":true,"href":"https:\/\/www.huelvaysusfotografos.com\/index.php?rest_route=\/wp\/v2\/media\/12428"}],"wp:attachment":[{"href":"https:\/\/www.huelvaysusfotografos.com\/index.php?rest_route=%2Fwp%2Fv2%2Fmedia&parent=12427"}],"wp:term":[{"taxonomy":"category","embeddable":true,"href":"https:\/\/www.huelvaysusfotografos.com\/index.php?rest_route=%2Fwp%2Fv2%2Fcategories&post=12427"},{"taxonomy":"post_tag","embeddable":true,"href":"https:\/\/www.huelvaysusfotografos.com\/index.php?rest_route=%2Fwp%2Fv2%2Ftags&post=12427"}],"curies":[{"name":"wp","href":"https:\/\/api.w.org\/{rel}","templated":true}]}}