{"id":12421,"date":"2023-01-16T16:45:00","date_gmt":"2023-01-16T15:45:00","guid":{"rendered":"https:\/\/www.huelvaysusfotografos.com\/?p=12421"},"modified":"2023-01-16T16:45:01","modified_gmt":"2023-01-16T15:45:01","slug":"ponemos-en-marcha-4-workshop","status":"publish","type":"post","link":"https:\/\/www.huelvaysusfotografos.com\/?p=12421","title":{"rendered":"Ponemos en marcha 4 WorkShop"},"content":{"rendered":"\n<p>De la mano de nuestro compa\u00f1ero y amigo Jaoa Ribeiro, profesor de fotograf\u00eda, y presidente de nuestra asociaci\u00f3n hermanada de ANAFA, ponemos en marchas 4 Workshop, con las siguientes tem\u00e1ticas:<\/p>\n\n\n\n<p class=\"has-text-align-center\"><strong>Fotograf\u00eda de Naturaleza Muerta.<\/strong><\/p>\n\n\n\n<figure class=\"wp-block-image size-full\"><a href=\"https:\/\/www.huelvaysusfotografos.com\/wp-content\/uploads\/2023\/01\/FOTOGRAFIA-NATURALEZA-MUERTA.jpg\"><img loading=\"lazy\" decoding=\"async\" width=\"1024\" height=\"676\" src=\"https:\/\/www.huelvaysusfotografos.com\/wp-content\/uploads\/2023\/01\/FOTOGRAFIA-NATURALEZA-MUERTA.jpg\" alt=\"\" class=\"wp-image-12422\" srcset=\"https:\/\/www.huelvaysusfotografos.com\/wp-content\/uploads\/2023\/01\/FOTOGRAFIA-NATURALEZA-MUERTA.jpg 1024w, https:\/\/www.huelvaysusfotografos.com\/wp-content\/uploads\/2023\/01\/FOTOGRAFIA-NATURALEZA-MUERTA-300x198.jpg 300w, https:\/\/www.huelvaysusfotografos.com\/wp-content\/uploads\/2023\/01\/FOTOGRAFIA-NATURALEZA-MUERTA-768x507.jpg 768w\" sizes=\"auto, (max-width: 1024px) 100vw, 1024px\" \/><\/a><\/figure>\n\n\n\n<p class=\"has-text-align-center\"><strong>Fotograf\u00eda Anal\u00f3gica en Blanco y Negro<\/strong><\/p>\n\n\n\n<figure class=\"wp-block-image size-full\"><a href=\"https:\/\/www.huelvaysusfotografos.com\/wp-content\/uploads\/2023\/01\/FOTOGRAFIA-ANALOGICA-EN-BLANCO-Y-NEGRO.jpg\"><img loading=\"lazy\" decoding=\"async\" width=\"1024\" height=\"676\" src=\"https:\/\/www.huelvaysusfotografos.com\/wp-content\/uploads\/2023\/01\/FOTOGRAFIA-ANALOGICA-EN-BLANCO-Y-NEGRO.jpg\" alt=\"\" class=\"wp-image-12423\"\/><\/a><\/figure>\n\n\n\n<p class=\"has-text-align-center\"><strong>Post producci\u00f3n Fotogr\u00e1fica<\/strong><\/p>\n\n\n\n<figure class=\"wp-block-image size-full\"><a href=\"https:\/\/www.huelvaysusfotografos.com\/wp-content\/uploads\/2023\/01\/POST-PRODUCCION-FOTOGRAFICA.jpg\"><img loading=\"lazy\" decoding=\"async\" width=\"1024\" height=\"676\" src=\"https:\/\/www.huelvaysusfotografos.com\/wp-content\/uploads\/2023\/01\/POST-PRODUCCION-FOTOGRAFICA.jpg\" alt=\"\" class=\"wp-image-12424\"\/><\/a><\/figure>\n\n\n\n<p class=\"has-text-align-center\"><strong>Fotograf\u00eda de Boda<\/strong><\/p>\n\n\n\n<figure class=\"wp-block-image size-full\"><a href=\"https:\/\/www.huelvaysusfotografos.com\/wp-content\/uploads\/2023\/01\/FOTOGRAFIA-DE-BODA.jpg\"><img loading=\"lazy\" decoding=\"async\" width=\"1024\" height=\"676\" src=\"https:\/\/www.huelvaysusfotografos.com\/wp-content\/uploads\/2023\/01\/FOTOGRAFIA-DE-BODA.jpg\" alt=\"\" class=\"wp-image-12425\"\/><\/a><\/figure>\n\n\n\n<p>Todos los cursos tendr\u00e1n una duraci\u00f3n de <strong>7 u 8 horas.<\/strong><\/p>\n\n\n\n<p>El importe por persona y curso es de<strong> 50 euros.<\/strong><\/p>\n\n\n\n<p>El n\u00famero m\u00e1ximo de asistentes por curso es de 10 alumnos.<\/p>\n\n\n\n<p>Aquellos que est\u00e9n interesados enviar un correo a <strong>huelvaysf@gmail.com<\/strong> indicando en que curso estar\u00eda interesado en acudir.  Una vez cumplimentado los 10 alumnos por curso se indicar\u00e1 el d\u00eda que llevar\u00e1 a cabo. <\/p>\n","protected":false},"excerpt":{"rendered":"<p>De la mano de nuestro compa\u00f1ero y amigo Jaoa Ribeiro, profesor de fotograf\u00eda, y presidente de nuestra asociaci\u00f3n hermanada de ANAFA, ponemos en marchas 4 Workshop, con las siguientes tem\u00e1ticas: Fotograf\u00eda de Naturaleza Muerta. Fotograf\u00eda Anal\u00f3gica en Blanco y Negro Post producci\u00f3n Fotogr\u00e1fica Fotograf\u00eda de Boda Todos los cursos tendr\u00e1n una duraci\u00f3n de 7 u 8 horas. El importe por persona y curso es de 50 euros. El n\u00famero m\u00e1ximo<\/p>\n<div class=\"belowpost\"><a class=\"btnmore\" href=\"https:\/\/www.huelvaysusfotografos.com\/?p=12421\">Seguir leyendo<\/a><\/div>\n","protected":false},"author":8279,"featured_media":12422,"comment_status":"open","ping_status":"open","sticky":false,"template":"","format":"standard","meta":{"footnotes":"","_links_to":"","_links_to_target":""},"categories":[4,14],"tags":[],"class_list":["post-12421","post","type-post","status-publish","format-standard","has-post-thumbnail","hentry","category-actividades","category-cursos"],"_links":{"self":[{"href":"https:\/\/www.huelvaysusfotografos.com\/index.php?rest_route=\/wp\/v2\/posts\/12421","targetHints":{"allow":["GET"]}}],"collection":[{"href":"https:\/\/www.huelvaysusfotografos.com\/index.php?rest_route=\/wp\/v2\/posts"}],"about":[{"href":"https:\/\/www.huelvaysusfotografos.com\/index.php?rest_route=\/wp\/v2\/types\/post"}],"author":[{"embeddable":true,"href":"https:\/\/www.huelvaysusfotografos.com\/index.php?rest_route=\/wp\/v2\/users\/8279"}],"replies":[{"embeddable":true,"href":"https:\/\/www.huelvaysusfotografos.com\/index.php?rest_route=%2Fwp%2Fv2%2Fcomments&post=12421"}],"version-history":[{"count":1,"href":"https:\/\/www.huelvaysusfotografos.com\/index.php?rest_route=\/wp\/v2\/posts\/12421\/revisions"}],"predecessor-version":[{"id":12426,"href":"https:\/\/www.huelvaysusfotografos.com\/index.php?rest_route=\/wp\/v2\/posts\/12421\/revisions\/12426"}],"wp:featuredmedia":[{"embeddable":true,"href":"https:\/\/www.huelvaysusfotografos.com\/index.php?rest_route=\/wp\/v2\/media\/12422"}],"wp:attachment":[{"href":"https:\/\/www.huelvaysusfotografos.com\/index.php?rest_route=%2Fwp%2Fv2%2Fmedia&parent=12421"}],"wp:term":[{"taxonomy":"category","embeddable":true,"href":"https:\/\/www.huelvaysusfotografos.com\/index.php?rest_route=%2Fwp%2Fv2%2Fcategories&post=12421"},{"taxonomy":"post_tag","embeddable":true,"href":"https:\/\/www.huelvaysusfotografos.com\/index.php?rest_route=%2Fwp%2Fv2%2Ftags&post=12421"}],"curies":[{"name":"wp","href":"https:\/\/api.w.org\/{rel}","templated":true}]}}