{"id":12418,"date":"2023-01-16T16:08:51","date_gmt":"2023-01-16T15:08:51","guid":{"rendered":"https:\/\/www.huelvaysusfotografos.com\/?p=12418"},"modified":"2023-01-16T16:08:52","modified_gmt":"2023-01-16T15:08:52","slug":"tavira-iv-feria-transfronteriza-de-arte-contemporaneo","status":"publish","type":"post","link":"https:\/\/www.huelvaysusfotografos.com\/?p=12418","title":{"rendered":"Tavira, IV Feria Transfronteriza de Arte Contempor\u00e1neo."},"content":{"rendered":"\n<p>Les informamos que la ciudad de Tavira acoger\u00e1 del 26 al 29 de enero la IV Feria Transfronteriza de Arte Contempor\u00e1neo, organizada por la Fundaci\u00f3n de Arte Contempor\u00e1neo de Olontia y A-NAFA (Asociaci\u00f3n y N\u00facleo de Amigos de Fot\u00f3grafos del Algarve) .<\/p>\n\n\n\n<p>Tras el \u00e9xito de participaci\u00f3n en las tres primeras ediciones, dos de ellas celebradas en Gibrale\u00f3n, la organizaci\u00f3n afronta este nuevo reto con el deseo de una buena acogida en Tavira, situando a la ciudad portuguesa en el centro de atenci\u00f3n del Arte Contempor\u00e1neo peninsular.<\/p>\n\n\n\n<p>Para el inicio de la feria, la organizaci\u00f3n cuenta con la colaboraci\u00f3n de la Junta de Andaluc\u00eda a trav\u00e9s de la Consejer\u00eda de Presidencia, Interior, Di\u00e1logo Social y Simplificaci\u00f3n Administrativa, Diputaci\u00f3n Provincial de Huelva, Agencia Espa\u00f1ola de Cooperaci\u00f3n Internacional para el Desarrollo, Ayuntamiento de Tavira, Pa\u00e7os del Municipio de Gibrale\u00f3n, Casa \u00c1lvaro de Campos, Clube Tavira e Iglesia de la Misericordia.<\/p>\n\n\n\n<p>Cada uno de los 14 creadores invitados tendr\u00e1 un espacio para mostrar su producci\u00f3n m\u00e1s reciente, ofreci\u00e9ndola a la venta en espacios de exhibici\u00f3n como Igreja da Miseric\u00f3rdia, sede de A-NAFA y Casa de \u00c1lvaro de Campos.<\/p>\n\n\n\n<p>Por otro lado, dispondremos de un COMPLETO PROGRAMA DE ACTIVIDADES complementarias que adjuntamos junto con el CARTEL.<\/p>\n\n\n\n<p>Puedes seguir la actualidad de la feria en nuestras redes sociales:<\/p>\n\n\n\n<p><a href=\"https:\/\/www.facebook.com\/Feriatransfronterizadearte\">https:\/\/www.facebook.com\/Feriatransfronterizadearte<\/a><\/p>\n\n\n\n<p><a href=\"https:\/\/www.instagram.com\/feriatransfronterizadearte\/\">https:\/\/www.instagram.com\/feriatransfronterizadearte\/<\/a><\/p>\n\n\n\n<p>@FERIATRANSFRON2<\/p>\n","protected":false},"excerpt":{"rendered":"<p>Les informamos que la ciudad de Tavira acoger\u00e1 del 26 al 29 de enero la IV Feria Transfronteriza de Arte Contempor\u00e1neo, organizada por la Fundaci\u00f3n de Arte Contempor\u00e1neo de Olontia y A-NAFA (Asociaci\u00f3n y N\u00facleo de Amigos de Fot\u00f3grafos del Algarve) . Tras el \u00e9xito de participaci\u00f3n en las tres primeras ediciones, dos de ellas celebradas en Gibrale\u00f3n, la organizaci\u00f3n afronta este nuevo reto con el deseo de una buena<\/p>\n<div class=\"belowpost\"><a class=\"btnmore\" href=\"https:\/\/www.huelvaysusfotografos.com\/?p=12418\">Seguir leyendo<\/a><\/div>\n","protected":false},"author":8279,"featured_media":12419,"comment_status":"open","ping_status":"open","sticky":false,"template":"","format":"standard","meta":{"footnotes":"","_links_to":"","_links_to_target":""},"categories":[4],"tags":[],"class_list":["post-12418","post","type-post","status-publish","format-standard","has-post-thumbnail","hentry","category-actividades"],"_links":{"self":[{"href":"https:\/\/www.huelvaysusfotografos.com\/index.php?rest_route=\/wp\/v2\/posts\/12418","targetHints":{"allow":["GET"]}}],"collection":[{"href":"https:\/\/www.huelvaysusfotografos.com\/index.php?rest_route=\/wp\/v2\/posts"}],"about":[{"href":"https:\/\/www.huelvaysusfotografos.com\/index.php?rest_route=\/wp\/v2\/types\/post"}],"author":[{"embeddable":true,"href":"https:\/\/www.huelvaysusfotografos.com\/index.php?rest_route=\/wp\/v2\/users\/8279"}],"replies":[{"embeddable":true,"href":"https:\/\/www.huelvaysusfotografos.com\/index.php?rest_route=%2Fwp%2Fv2%2Fcomments&post=12418"}],"version-history":[{"count":1,"href":"https:\/\/www.huelvaysusfotografos.com\/index.php?rest_route=\/wp\/v2\/posts\/12418\/revisions"}],"predecessor-version":[{"id":12420,"href":"https:\/\/www.huelvaysusfotografos.com\/index.php?rest_route=\/wp\/v2\/posts\/12418\/revisions\/12420"}],"wp:featuredmedia":[{"embeddable":true,"href":"https:\/\/www.huelvaysusfotografos.com\/index.php?rest_route=\/wp\/v2\/media\/12419"}],"wp:attachment":[{"href":"https:\/\/www.huelvaysusfotografos.com\/index.php?rest_route=%2Fwp%2Fv2%2Fmedia&parent=12418"}],"wp:term":[{"taxonomy":"category","embeddable":true,"href":"https:\/\/www.huelvaysusfotografos.com\/index.php?rest_route=%2Fwp%2Fv2%2Fcategories&post=12418"},{"taxonomy":"post_tag","embeddable":true,"href":"https:\/\/www.huelvaysusfotografos.com\/index.php?rest_route=%2Fwp%2Fv2%2Ftags&post=12418"}],"curies":[{"name":"wp","href":"https:\/\/api.w.org\/{rel}","templated":true}]}}