{"id":12409,"date":"2023-01-12T00:17:04","date_gmt":"2023-01-11T23:17:04","guid":{"rendered":"https:\/\/www.huelvaysusfotografos.com\/?p=12409"},"modified":"2023-01-12T00:17:06","modified_gmt":"2023-01-11T23:17:06","slug":"charla-iniciacion-a-la-fotografia-aerea-por-juanma-brioso","status":"publish","type":"post","link":"https:\/\/www.huelvaysusfotografos.com\/?p=12409","title":{"rendered":"Charla Iniciaci\u00f3n a la Fotograf\u00eda A\u00e9rea por Juanma Brioso."},"content":{"rendered":"\n<p>Iniciamos las charlas y coloquios de este 2023 con Juan Manuel Brioso, uno de nuestros premiados en la II Gala de los Premios Carrete, el pasado 11 de noviembre de 2022.<\/p>\n\n\n\n<p>La cita ser\u00e1 el pr\u00f3ximo martes 17 de enero a las 19.00 horas en el centro municipal de Los Rosales en Huelva.<\/p>\n\n\n\n<p>El mismo nos cuenta en primera persona sus inquietudes y experiencias.<\/p>\n\n\n\n<p>La pasi\u00f3n por la fotograf\u00eda, la aventura y la tecnolog\u00eda hizo que me aficionara al mundo de los drones. Mis fotos tienen una gran acogida por los vecinos de Huelva en redes sociales, donde subo contenido fotogr\u00e1fico a\u00e9reo de los rincones m\u00e1s ocultos y caracter\u00edsticos de toda la provincia.<\/p>\n\n\n\n<p>Algunas de mis im\u00e1genes han sido portada en medios de comunicaci\u00f3n como el peri\u00f3dico Huelva informaci\u00f3n, el programa Andaluc\u00eda Directo de Canal sur y el diario nacional El Pa\u00eds.<\/p>\n\n\n\n<p>Actualmente realizo trabajos de filmograf\u00eda a\u00e9rea para empresas, medios de comunicaci\u00f3n y bodas, vendo copias en formato f\u00edsico de mis im\u00e1genes m\u00e1s populares de Huelva para su exposici\u00f3n y venta.<\/p>\n\n\n\n<p>En esta charla hablaremos sobre los aspectos m\u00e1s importantes al iniciarse en el mundo de la fotograf\u00eda a\u00e9rea.<\/p>\n\n\n\n<p>Algunos de estos ser\u00e1n la normativa legal o pautas o pr\u00e1cticas para los primeros vuelos. Se comentar\u00e1n algunos consejos y mis experiencias volando. As\u00ed como se mostraran algunos de los trabajos realizados.<\/p>\n\n\n\n<p><strong>Actividad<\/strong>: &nbsp;Charla Iniciaci\u00f3n a la Fotograf\u00eda A\u00e9rea<\/p>\n\n\n\n<p><strong>D\u00eda<\/strong>: martes 17 de enero de 2023<\/p>\n\n\n\n<p><strong>Hora<\/strong>: 19.00 horas<\/p>\n\n\n\n<p><strong>Lugar<\/strong>: Centro Municipal Los Rosales<\/p>\n\n\n\n<figure class=\"wp-block-image size-full\"><a href=\"https:\/\/www.huelvaysusfotografos.com\/wp-content\/uploads\/2023\/01\/CHARLA-INICIACION-A-LA-FOTOGRAFIA-AEREA-1.jpg\"><img loading=\"lazy\" decoding=\"async\" width=\"819\" height=\"1024\" src=\"https:\/\/www.huelvaysusfotografos.com\/wp-content\/uploads\/2023\/01\/CHARLA-INICIACION-A-LA-FOTOGRAFIA-AEREA-1.jpg\" alt=\"\" class=\"wp-image-12411\" srcset=\"https:\/\/www.huelvaysusfotografos.com\/wp-content\/uploads\/2023\/01\/CHARLA-INICIACION-A-LA-FOTOGRAFIA-AEREA-1.jpg 819w, https:\/\/www.huelvaysusfotografos.com\/wp-content\/uploads\/2023\/01\/CHARLA-INICIACION-A-LA-FOTOGRAFIA-AEREA-1-240x300.jpg 240w, https:\/\/www.huelvaysusfotografos.com\/wp-content\/uploads\/2023\/01\/CHARLA-INICIACION-A-LA-FOTOGRAFIA-AEREA-1-768x960.jpg 768w\" sizes=\"auto, (max-width: 819px) 100vw, 819px\" \/><\/a><\/figure>\n","protected":false},"excerpt":{"rendered":"<p>Iniciamos las charlas y coloquios de este 2023 con Juan Manuel Brioso, uno de nuestros premiados en la II Gala de los Premios Carrete, el pasado 11 de noviembre de 2022. La cita ser\u00e1 el pr\u00f3ximo martes 17 de enero a las 19.00 horas en el centro municipal de Los Rosales en Huelva. El mismo nos cuenta en primera persona sus inquietudes y experiencias. La pasi\u00f3n por la fotograf\u00eda, la<\/p>\n<div class=\"belowpost\"><a class=\"btnmore\" href=\"https:\/\/www.huelvaysusfotografos.com\/?p=12409\">Seguir leyendo<\/a><\/div>\n","protected":false},"author":8279,"featured_media":12410,"comment_status":"open","ping_status":"open","sticky":false,"template":"","format":"standard","meta":{"footnotes":"","_links_to":"","_links_to_target":""},"categories":[4],"tags":[],"class_list":["post-12409","post","type-post","status-publish","format-standard","has-post-thumbnail","hentry","category-actividades"],"_links":{"self":[{"href":"https:\/\/www.huelvaysusfotografos.com\/index.php?rest_route=\/wp\/v2\/posts\/12409","targetHints":{"allow":["GET"]}}],"collection":[{"href":"https:\/\/www.huelvaysusfotografos.com\/index.php?rest_route=\/wp\/v2\/posts"}],"about":[{"href":"https:\/\/www.huelvaysusfotografos.com\/index.php?rest_route=\/wp\/v2\/types\/post"}],"author":[{"embeddable":true,"href":"https:\/\/www.huelvaysusfotografos.com\/index.php?rest_route=\/wp\/v2\/users\/8279"}],"replies":[{"embeddable":true,"href":"https:\/\/www.huelvaysusfotografos.com\/index.php?rest_route=%2Fwp%2Fv2%2Fcomments&post=12409"}],"version-history":[{"count":1,"href":"https:\/\/www.huelvaysusfotografos.com\/index.php?rest_route=\/wp\/v2\/posts\/12409\/revisions"}],"predecessor-version":[{"id":12412,"href":"https:\/\/www.huelvaysusfotografos.com\/index.php?rest_route=\/wp\/v2\/posts\/12409\/revisions\/12412"}],"wp:featuredmedia":[{"embeddable":true,"href":"https:\/\/www.huelvaysusfotografos.com\/index.php?rest_route=\/wp\/v2\/media\/12410"}],"wp:attachment":[{"href":"https:\/\/www.huelvaysusfotografos.com\/index.php?rest_route=%2Fwp%2Fv2%2Fmedia&parent=12409"}],"wp:term":[{"taxonomy":"category","embeddable":true,"href":"https:\/\/www.huelvaysusfotografos.com\/index.php?rest_route=%2Fwp%2Fv2%2Fcategories&post=12409"},{"taxonomy":"post_tag","embeddable":true,"href":"https:\/\/www.huelvaysusfotografos.com\/index.php?rest_route=%2Fwp%2Fv2%2Ftags&post=12409"}],"curies":[{"name":"wp","href":"https:\/\/api.w.org\/{rel}","templated":true}]}}