{"id":12285,"date":"2022-12-20T20:14:06","date_gmt":"2022-12-20T19:14:06","guid":{"rendered":"https:\/\/www.huelvaysusfotografos.com\/?p=12285"},"modified":"2022-12-23T20:19:04","modified_gmt":"2022-12-23T19:19:04","slug":"quedada-navidena-luces-y-belenes","status":"publish","type":"post","link":"https:\/\/www.huelvaysusfotografos.com\/?p=12285","title":{"rendered":"Quedada Navide\u00f1a. Luces y Belenes"},"content":{"rendered":"\n<p>Actividad Diciembre, despidamos el a\u00f1o 2022 con una quedada Navide\u00f1a el pr\u00f3ximo martes 27 de diciembre.<\/p>\n\n\n\n<p>Nos vemos en la Plaza de Las Monjas a las 18.30 horas. Junto al Templete de M\u00fasica para no perdernos, desde all\u00ed haremos un recorrido por las calles y plazas de nuestra ciudad para inmortalizar las luces y los Belenes que este a\u00f1o inundan nuestras calles. Y al finalizar si se tercia nos tomaremos un coctel para despedir el a\u00f1o.<\/p>\n\n\n\n<p>Abierto a todo el mundo. Os esperamos.<\/p>\n\n\n\n<p>Actividad: Quedada Navide\u00f1a, Luces y Belenes<\/p>\n\n\n\n<p>Fecha: 27 de Diciembre de 2023<\/p>\n\n\n\n<p>Lugar: Templete Plaza de las Monjas<\/p>\n\n\n\n<p>Hora: 18.30 horas.<\/p>\n\n\n\n<figure class=\"wp-block-image size-large\"><a href=\"https:\/\/www.huelvaysusfotografos.com\/wp-content\/uploads\/2022\/12\/CARTEL-quedada-navidena-27-DEL-12-1.jpg\"><img loading=\"lazy\" decoding=\"async\" width=\"1024\" height=\"682\" src=\"https:\/\/www.huelvaysusfotografos.com\/wp-content\/uploads\/2022\/12\/CARTEL-quedada-navidena-27-DEL-12-1-1024x682.jpg\" alt=\"\" class=\"wp-image-12287\" srcset=\"https:\/\/www.huelvaysusfotografos.com\/wp-content\/uploads\/2022\/12\/CARTEL-quedada-navidena-27-DEL-12-1-1024x682.jpg 1024w, https:\/\/www.huelvaysusfotografos.com\/wp-content\/uploads\/2022\/12\/CARTEL-quedada-navidena-27-DEL-12-1-300x200.jpg 300w, https:\/\/www.huelvaysusfotografos.com\/wp-content\/uploads\/2022\/12\/CARTEL-quedada-navidena-27-DEL-12-1-768x512.jpg 768w, https:\/\/www.huelvaysusfotografos.com\/wp-content\/uploads\/2022\/12\/CARTEL-quedada-navidena-27-DEL-12-1-1536x1023.jpg 1536w, https:\/\/www.huelvaysusfotografos.com\/wp-content\/uploads\/2022\/12\/CARTEL-quedada-navidena-27-DEL-12-1.jpg 1600w\" sizes=\"auto, (max-width: 1024px) 100vw, 1024px\" \/><\/a><\/figure>\n","protected":false},"excerpt":{"rendered":"<p>Actividad Diciembre, despidamos el a\u00f1o 2022 con una quedada Navide\u00f1a el pr\u00f3ximo martes 27 de diciembre. Nos vemos en la Plaza de Las Monjas a las 18.30 horas. Junto al Templete de M\u00fasica para no perdernos, desde all\u00ed haremos un recorrido por las calles y plazas de nuestra ciudad para inmortalizar las luces y los Belenes que este a\u00f1o inundan nuestras calles. Y al finalizar si se tercia nos tomaremos<\/p>\n<div class=\"belowpost\"><a class=\"btnmore\" href=\"https:\/\/www.huelvaysusfotografos.com\/?p=12285\">Seguir leyendo<\/a><\/div>\n","protected":false},"author":8279,"featured_media":12286,"comment_status":"open","ping_status":"open","sticky":false,"template":"","format":"standard","meta":{"footnotes":"","_links_to":"","_links_to_target":""},"categories":[4],"tags":[],"class_list":["post-12285","post","type-post","status-publish","format-standard","has-post-thumbnail","hentry","category-actividades"],"_links":{"self":[{"href":"https:\/\/www.huelvaysusfotografos.com\/index.php?rest_route=\/wp\/v2\/posts\/12285","targetHints":{"allow":["GET"]}}],"collection":[{"href":"https:\/\/www.huelvaysusfotografos.com\/index.php?rest_route=\/wp\/v2\/posts"}],"about":[{"href":"https:\/\/www.huelvaysusfotografos.com\/index.php?rest_route=\/wp\/v2\/types\/post"}],"author":[{"embeddable":true,"href":"https:\/\/www.huelvaysusfotografos.com\/index.php?rest_route=\/wp\/v2\/users\/8279"}],"replies":[{"embeddable":true,"href":"https:\/\/www.huelvaysusfotografos.com\/index.php?rest_route=%2Fwp%2Fv2%2Fcomments&post=12285"}],"version-history":[{"count":1,"href":"https:\/\/www.huelvaysusfotografos.com\/index.php?rest_route=\/wp\/v2\/posts\/12285\/revisions"}],"predecessor-version":[{"id":12288,"href":"https:\/\/www.huelvaysusfotografos.com\/index.php?rest_route=\/wp\/v2\/posts\/12285\/revisions\/12288"}],"wp:featuredmedia":[{"embeddable":true,"href":"https:\/\/www.huelvaysusfotografos.com\/index.php?rest_route=\/wp\/v2\/media\/12286"}],"wp:attachment":[{"href":"https:\/\/www.huelvaysusfotografos.com\/index.php?rest_route=%2Fwp%2Fv2%2Fmedia&parent=12285"}],"wp:term":[{"taxonomy":"category","embeddable":true,"href":"https:\/\/www.huelvaysusfotografos.com\/index.php?rest_route=%2Fwp%2Fv2%2Fcategories&post=12285"},{"taxonomy":"post_tag","embeddable":true,"href":"https:\/\/www.huelvaysusfotografos.com\/index.php?rest_route=%2Fwp%2Fv2%2Ftags&post=12285"}],"curies":[{"name":"wp","href":"https:\/\/api.w.org\/{rel}","templated":true}]}}