{"id":12275,"date":"2022-12-12T15:22:13","date_gmt":"2022-12-12T14:22:13","guid":{"rendered":"https:\/\/www.huelvaysusfotografos.com\/?p=12275"},"modified":"2022-12-17T00:11:39","modified_gmt":"2022-12-16T23:11:39","slug":"huelva-en-blanco-y-negro-nueva-exposicion","status":"publish","type":"post","link":"https:\/\/www.huelvaysusfotografos.com\/?p=12275","title":{"rendered":"Huelva en Blanco y Negro, nueva exposici\u00f3n"},"content":{"rendered":"\n<p><strong><em>Llega en enero la nueva Exposici\u00f3n Colectiva 2023 de la Asociaci\u00f3n Huelva y sus Fot\u00f3grafos<\/em><\/strong><\/p>\n\n\n\n<p>Como cada a\u00f1o los miembros de la Asociaci\u00f3n quieren mostrar su particular visi\u00f3n de Huelva.<\/p>\n\n\n\n<p>Una Huelva en Blanco y Negro que nos sumerge en la ciudad de la Luz, en sus calles, sus lugares de inter\u00e9s, su singularidad, su personalidad, sus monumentos, sus sentimientos, sus comercios, su vida\u2026<\/p>\n\n\n\n<p>Una ciudad que debemos mostrar y ense\u00f1ar a todos, ven a disfrutarla con nosotros en la Casa Col\u00f3n.<\/p>\n\n\n\n<p>Lugar.- Sala Rio Tinto (Casa Col\u00f3n, Huelva)<\/p>\n\n\n\n<p>Se podr\u00e1 visitar del 9 al 21 de Enero de 2023, en horario de Lunes a S\u00e1bado de 10:00 a 13:30 y de 17:00 a 20:30. Los domingos y festivos permanecemos cerrados.<\/p>\n\n\n\n<p>El cartel es obra de Juan Bueno tomando una fotograf\u00eda que podr\u00e9is ver en la exposici\u00f3n de Mar\u00eda Izquierdo V\u00e1zquez.<\/p>\n\n\n\n<p>Los compa\u00f1eros que mostrar\u00e1n sus obras son Jos\u00e9 Luis Arizmendi Llanes, Sonia Herencia Anillo, Alicia Clerencia Adanero, Clara Verdier P\u00e9rez, Jer\u00f3nimo Carrasco Brejano, Cayetano Burgos Mazo, Amparo Vicente Pic\u00f3n, Antonio Le\u00f1a Guillen, Francisco Gil Salguero, Juan Mariano Garc\u00eda Beltr\u00e1n, Cayetana Cumbreras Santana, Manolo Pascual Bonaque, Joaqu\u00edn Llagas Moyo, Flor N\u00fa\u00f1ez Nieto, Carmelo V\u00e1zquez Garc\u00eda, Mar\u00eda Izquierdo V\u00e1zquez, Eva Herencia Anillo, Antonio Haldon Garc\u00eda, Pedro J. Ruiz-Constantino, Carmen Pascual Barea, Juli\u00e1n L\u00f3pez Maestre, Ricardo Villegas Ferro, Juan Mart\u00edn Hern\u00e1ndez, Dolo Vidosa Rodr\u00edguez, Antonio Miguel Martin Riego, Ana Mar\u00eda C\u00e1liz Serrano, Mar\u00eda Villanueva Izquierdo, Dulfi Doulfikar, Elena S\u00e1nchez Balonga, Pilar Rodr\u00edguez Barranco y Jes\u00fas Carrasco Dom\u00ednguez.<\/p>\n\n\n<div class=\"wp-block-image\">\n<figure class=\"aligncenter size-large\"><a href=\"https:\/\/www.huelvaysusfotografos.com\/wp-content\/uploads\/2022\/12\/CARTEL-HUELVA-EN-BLANCO-Y-NEGRO.jpg\"><img loading=\"lazy\" decoding=\"async\" width=\"731\" height=\"1024\" src=\"https:\/\/www.huelvaysusfotografos.com\/wp-content\/uploads\/2022\/12\/CARTEL-HUELVA-EN-BLANCO-Y-NEGRO-731x1024.jpg\" alt=\"\" class=\"wp-image-12277\" srcset=\"https:\/\/www.huelvaysusfotografos.com\/wp-content\/uploads\/2022\/12\/CARTEL-HUELVA-EN-BLANCO-Y-NEGRO-731x1024.jpg 731w, https:\/\/www.huelvaysusfotografos.com\/wp-content\/uploads\/2022\/12\/CARTEL-HUELVA-EN-BLANCO-Y-NEGRO-214x300.jpg 214w, https:\/\/www.huelvaysusfotografos.com\/wp-content\/uploads\/2022\/12\/CARTEL-HUELVA-EN-BLANCO-Y-NEGRO-768x1076.jpg 768w, https:\/\/www.huelvaysusfotografos.com\/wp-content\/uploads\/2022\/12\/CARTEL-HUELVA-EN-BLANCO-Y-NEGRO-1096x1536.jpg 1096w, https:\/\/www.huelvaysusfotografos.com\/wp-content\/uploads\/2022\/12\/CARTEL-HUELVA-EN-BLANCO-Y-NEGRO.jpg 1142w\" sizes=\"auto, (max-width: 731px) 100vw, 731px\" \/><\/a><\/figure>\n<\/div>","protected":false},"excerpt":{"rendered":"<p>Llega en enero la nueva Exposici\u00f3n Colectiva 2023 de la Asociaci\u00f3n Huelva y sus Fot\u00f3grafos Como cada a\u00f1o los miembros de la Asociaci\u00f3n quieren mostrar su particular visi\u00f3n de Huelva. Una Huelva en Blanco y Negro que nos sumerge en la ciudad de la Luz, en sus calles, sus lugares de inter\u00e9s, su singularidad, su personalidad, sus monumentos, sus sentimientos, sus comercios, su vida\u2026 Una ciudad que debemos mostrar y<\/p>\n<div class=\"belowpost\"><a class=\"btnmore\" href=\"https:\/\/www.huelvaysusfotografos.com\/?p=12275\">Seguir leyendo<\/a><\/div>\n","protected":false},"author":8279,"featured_media":12276,"comment_status":"open","ping_status":"open","sticky":false,"template":"","format":"standard","meta":{"footnotes":"","_links_to":"","_links_to_target":""},"categories":[23],"tags":[],"class_list":["post-12275","post","type-post","status-publish","format-standard","has-post-thumbnail","hentry","category-exposiciones"],"_links":{"self":[{"href":"https:\/\/www.huelvaysusfotografos.com\/index.php?rest_route=\/wp\/v2\/posts\/12275","targetHints":{"allow":["GET"]}}],"collection":[{"href":"https:\/\/www.huelvaysusfotografos.com\/index.php?rest_route=\/wp\/v2\/posts"}],"about":[{"href":"https:\/\/www.huelvaysusfotografos.com\/index.php?rest_route=\/wp\/v2\/types\/post"}],"author":[{"embeddable":true,"href":"https:\/\/www.huelvaysusfotografos.com\/index.php?rest_route=\/wp\/v2\/users\/8279"}],"replies":[{"embeddable":true,"href":"https:\/\/www.huelvaysusfotografos.com\/index.php?rest_route=%2Fwp%2Fv2%2Fcomments&post=12275"}],"version-history":[{"count":3,"href":"https:\/\/www.huelvaysusfotografos.com\/index.php?rest_route=\/wp\/v2\/posts\/12275\/revisions"}],"predecessor-version":[{"id":12283,"href":"https:\/\/www.huelvaysusfotografos.com\/index.php?rest_route=\/wp\/v2\/posts\/12275\/revisions\/12283"}],"wp:featuredmedia":[{"embeddable":true,"href":"https:\/\/www.huelvaysusfotografos.com\/index.php?rest_route=\/wp\/v2\/media\/12276"}],"wp:attachment":[{"href":"https:\/\/www.huelvaysusfotografos.com\/index.php?rest_route=%2Fwp%2Fv2%2Fmedia&parent=12275"}],"wp:term":[{"taxonomy":"category","embeddable":true,"href":"https:\/\/www.huelvaysusfotografos.com\/index.php?rest_route=%2Fwp%2Fv2%2Fcategories&post=12275"},{"taxonomy":"post_tag","embeddable":true,"href":"https:\/\/www.huelvaysusfotografos.com\/index.php?rest_route=%2Fwp%2Fv2%2Ftags&post=12275"}],"curies":[{"name":"wp","href":"https:\/\/api.w.org\/{rel}","templated":true}]}}