{"id":12214,"date":"2022-11-25T21:12:59","date_gmt":"2022-11-25T20:12:59","guid":{"rendered":"https:\/\/www.huelvaysusfotografos.com\/?p=12214"},"modified":"2022-11-25T21:13:00","modified_gmt":"2022-11-25T20:13:00","slug":"inaugurada-la-exposicion-un-molino-para-todos","status":"publish","type":"post","link":"https:\/\/www.huelvaysusfotografos.com\/?p=12214","title":{"rendered":"Inaugurada la exposici\u00f3n \u00abUn Molino para Todos\u00bb."},"content":{"rendered":"\n<p>En la tarde del viernes 25 de noviembre nos desplaz\u00e1bamos a la localidad costera de Ayamonte, para acudir a la inauguraci\u00f3n de la exposici\u00f3n fotogr\u00e1fica \u00abUn Molino para Todos\u00bb.<\/p>\n\n\n\n<p>Lleg\u00f3 la hora de la inauguraci\u00f3n de la exposici\u00f3n en el Ecomolino Mareal El Pintado sobre las fotos que realizamos el pasado mes de agosto de 2021 en el d\u00eda mundial de la Fotograf\u00eda.<\/p>\n\n\n\n<p>Un grupo de socios de ambas asociaciones nos d\u00e1bamos cita en la Inauguraci\u00f3n de la exposici\u00f3n fotogr\u00e1fica \u00abUn Molino para Todos\u00bb, en la que se exponen las fotograf\u00edas que se realizaron en el D\u00eda Mundial de la Fotograf\u00eda 2021 con la Asociaci\u00f3n Huelva y sus fot\u00f3grafos y la misma efem\u00e9ride en 2022 con la Asociaci\u00f3n de fot\u00f3grafos de Isla Cristina. <\/p>\n\n\n\n<p>En ella pod\u00e9is ver fotos de los compa\u00f1eros Antonio Le\u00f1a, Carmelo V\u00e1zquez, Sonia Herencia, Joaqu\u00edn Llagas, Manuel Pascual, Jos\u00e9 Mar\u00eda Est\u00e9vez, Paco Mac\u00edas, Juli\u00e1n L\u00f3pez, Carmen Pascual, Sergio Llagas y Jos\u00e9 Luis Arizmendi.<\/p>\n\n\n<div class=\"wp-block-image\">\n<figure class=\"aligncenter size-large\"><a href=\"https:\/\/www.huelvaysusfotografos.com\/wp-content\/uploads\/2022\/11\/fotos-inauguracion-2.jpg\"><img loading=\"lazy\" decoding=\"async\" width=\"1024\" height=\"576\" src=\"https:\/\/www.huelvaysusfotografos.com\/wp-content\/uploads\/2022\/11\/fotos-inauguracion-2-1024x576.jpg\" alt=\"\" class=\"wp-image-12216\" srcset=\"https:\/\/www.huelvaysusfotografos.com\/wp-content\/uploads\/2022\/11\/fotos-inauguracion-2-1024x576.jpg 1024w, https:\/\/www.huelvaysusfotografos.com\/wp-content\/uploads\/2022\/11\/fotos-inauguracion-2-300x169.jpg 300w, https:\/\/www.huelvaysusfotografos.com\/wp-content\/uploads\/2022\/11\/fotos-inauguracion-2-768x432.jpg 768w, https:\/\/www.huelvaysusfotografos.com\/wp-content\/uploads\/2022\/11\/fotos-inauguracion-2-1536x864.jpg 1536w, https:\/\/www.huelvaysusfotografos.com\/wp-content\/uploads\/2022\/11\/fotos-inauguracion-2-620x350.jpg 620w, https:\/\/www.huelvaysusfotografos.com\/wp-content\/uploads\/2022\/11\/fotos-inauguracion-2.jpg 2000w\" sizes=\"auto, (max-width: 1024px) 100vw, 1024px\" \/><\/a><\/figure>\n<\/div>","protected":false},"excerpt":{"rendered":"<p>En la tarde del viernes 25 de noviembre nos desplaz\u00e1bamos a la localidad costera de Ayamonte, para acudir a la inauguraci\u00f3n de la exposici\u00f3n fotogr\u00e1fica \u00abUn Molino para Todos\u00bb. Lleg\u00f3 la hora de la inauguraci\u00f3n de la exposici\u00f3n en el Ecomolino Mareal El Pintado sobre las fotos que realizamos el pasado mes de agosto de 2021 en el d\u00eda mundial de la Fotograf\u00eda. Un grupo de socios de ambas asociaciones<\/p>\n<div class=\"belowpost\"><a class=\"btnmore\" href=\"https:\/\/www.huelvaysusfotografos.com\/?p=12214\">Seguir leyendo<\/a><\/div>\n","protected":false},"author":8279,"featured_media":12215,"comment_status":"open","ping_status":"open","sticky":false,"template":"","format":"standard","meta":{"footnotes":"","_links_to":"","_links_to_target":""},"categories":[4,23],"tags":[],"class_list":["post-12214","post","type-post","status-publish","format-standard","has-post-thumbnail","hentry","category-actividades","category-exposiciones"],"_links":{"self":[{"href":"https:\/\/www.huelvaysusfotografos.com\/index.php?rest_route=\/wp\/v2\/posts\/12214","targetHints":{"allow":["GET"]}}],"collection":[{"href":"https:\/\/www.huelvaysusfotografos.com\/index.php?rest_route=\/wp\/v2\/posts"}],"about":[{"href":"https:\/\/www.huelvaysusfotografos.com\/index.php?rest_route=\/wp\/v2\/types\/post"}],"author":[{"embeddable":true,"href":"https:\/\/www.huelvaysusfotografos.com\/index.php?rest_route=\/wp\/v2\/users\/8279"}],"replies":[{"embeddable":true,"href":"https:\/\/www.huelvaysusfotografos.com\/index.php?rest_route=%2Fwp%2Fv2%2Fcomments&post=12214"}],"version-history":[{"count":1,"href":"https:\/\/www.huelvaysusfotografos.com\/index.php?rest_route=\/wp\/v2\/posts\/12214\/revisions"}],"predecessor-version":[{"id":12217,"href":"https:\/\/www.huelvaysusfotografos.com\/index.php?rest_route=\/wp\/v2\/posts\/12214\/revisions\/12217"}],"wp:featuredmedia":[{"embeddable":true,"href":"https:\/\/www.huelvaysusfotografos.com\/index.php?rest_route=\/wp\/v2\/media\/12215"}],"wp:attachment":[{"href":"https:\/\/www.huelvaysusfotografos.com\/index.php?rest_route=%2Fwp%2Fv2%2Fmedia&parent=12214"}],"wp:term":[{"taxonomy":"category","embeddable":true,"href":"https:\/\/www.huelvaysusfotografos.com\/index.php?rest_route=%2Fwp%2Fv2%2Fcategories&post=12214"},{"taxonomy":"post_tag","embeddable":true,"href":"https:\/\/www.huelvaysusfotografos.com\/index.php?rest_route=%2Fwp%2Fv2%2Ftags&post=12214"}],"curies":[{"name":"wp","href":"https:\/\/api.w.org\/{rel}","templated":true}]}}