{"id":12196,"date":"2022-11-17T23:54:59","date_gmt":"2022-11-17T22:54:59","guid":{"rendered":"https:\/\/www.huelvaysusfotografos.com\/?p=12196"},"modified":"2022-11-18T00:53:30","modified_gmt":"2022-11-17T23:53:30","slug":"convivencia-navidena-en-la-finca-pelegrin","status":"publish","type":"post","link":"https:\/\/www.huelvaysusfotografos.com\/?p=12196","title":{"rendered":"Convivencia Navide\u00f1a en la Finca Pelegr\u00edn"},"content":{"rendered":"\n<p>Nos complace anunciaros la pr\u00f3xima actividad de Diciembre, ser\u00e1 un d\u00eda de campo con almuerzo navide\u00f1o y visita guiada a la dehesa.<\/p>\n\n\n\n<p>Se trata de una convivencia con nuestras asociaciones hermanas de ACCOF y ANAFA Algarve, al tiempo que invitamos a la Asociaci\u00f3n que ya nos acompa\u00f1\u00f3 en el paseo en Catamar\u00e1n el pasado mes de julio, ASFERICAL.<\/p>\n\n\n\n<p>La jornada ser\u00e1 el pr\u00f3ximo <strong>s\u00e1bado 10 de diciembre<\/strong> de 11 a 20 horas, en la Finca Pelegr\u00edn de la localidad onubense de Trigueros.<\/p>\n\n\n\n<p>Contaremos con grupo musical y para los valientes una vaquilla tras el almuerzo.<\/p>\n\n\n\n<p>Andaluc\u00eda disfruta de m\u00e1s de 3.000 horas de sol al a\u00f1o. Tambi\u00e9n en oto\u00f1o, ese sol ilumina las dehesas donde toros bravos, caballos espa\u00f1oles y la t\u00edpica estampa del cerdo ib\u00e9rico en libertad prestan al espacio una belleza inigualable.<\/p>\n\n\n\n<p>Trigueros, uno de esos pueblos blancos de esta vieja Onuba, y su entorno rural, acogen ese espacio tan singular, donde la dehesa brava da forma al Toro de Lidia. Un animal \u00fanico, capaz de transformar en sensaciones inolvidables una jornada de visita a la finca Pelegr\u00edn, uno de los m\u00e1s singulares cortijos andaluces donde el reloj detiene el tiempo para que el visitante disfrute al m\u00e1ximo de su estancia entre nosotros en un espacio ecol\u00f3gico al que la naturaleza llena de colores y aromas tan especiales y dif\u00edciles de olvidar.<\/p>\n\n\n\n<p>Le invitamos, a trav\u00e9s de \u00e9stas l\u00edneas, a que descubran, junto a esos toros que criamos, un clima benigno y una gastronom\u00eda de la zona que llenar\u00e1n sus sentidos de intensas sensaciones dif\u00edciles de olvidar junto a los vinos j\u00f3venes y afrutados del Condado onubense, y una comida campera intensa y plena de sabores recuperados de la cocina de siempre.<\/p>\n\n\n\n<p>La finca Pelegr\u00edn, propiedad del ganadero D. Manuel \u00c1ngel Millares, se asienta en la localidad de Trigueros (Huelva) sobre una extensi\u00f3n de 1.200 hect\u00e1reas a una sola linde y alberga en la actualidad a unas 1.600 cabezas de ganado de lidia, repartidas entre los encastes de sangre Jandilla, Atanasio y N\u00fa\u00f1ez.<\/p>\n\n\n\n<p>Junto al ganado de lidia, se puede observar una amplia reserva de grullas, garzas, liebres, perdices, zorros, jabal\u00edes, ciervos, rapaces y una amplia diversidad de aves de peque\u00f1o tama\u00f1o, todo ello fruto de la calidez y posibilidad de alimento que ofrecen la reserva de agua de 12 lagos naturales y el espacio natural de una dehesa de encinas y alcornoques y plantas aut\u00f3ctonas de tomillo, poleo y cardos junto con el lentisco y el madro\u00f1o.<\/p>\n\n\n\n<p>Dentro del espacio visitable hay que destacar tambi\u00e9n una amplia muestra de piaras de cerdo ib\u00e9rico y ejemplares en libertad de caballos y yeguas de pura raza espa\u00f1ola, y puro \u00e1rabes y sus sementales.<\/p>\n\n\n\n<p>El traslado de los visitantes se realiza en remolques de tractor, protegidos por una cubierta, tanto del sol como de la lluvia en temporada invernal y primaveral.<\/p>\n\n\n\n<p>A lo largo del recorrido se efect\u00faan distintas paradas para explicar el entorno e incluso en alg\u00fan momento los visitantes pueden bajar a pie de cercado cuando no haya riesgo para ellos.<\/p>\n\n\n\n<p><strong>Actividad<\/strong>.- Visita campo, Comida Navidad.<\/p>\n\n\n\n<p><strong>Fecha<\/strong>.- s\u00e1bado 10 de diciembre de 2022<\/p>\n\n\n\n<p><strong>Lugar<\/strong>.- Finca Los Millares, Trigueros (Huelva)<\/p>\n\n\n\n<p><strong>Hora comienzo<\/strong>.- 11.00 horas<\/p>\n\n\n\n<p><strong>Hora finalizaci\u00f3n<\/strong>.- 20.00 horas<\/p>\n\n\n\n<p><strong>Precio actividad por persona<\/strong>.- 50 euros<\/p>\n\n\n\n<p>El importe de la actividad debe estar ingresado en la cuenta de la Asociaci\u00f3n antes de las 16.00 horas del martes 6 de diciembre de 2022. Indicando en el concepto Nombre completo del socio y comida Navidad.<\/p>\n\n\n\n<p>Cuenta.- &nbsp;ES65 3187 0001 72 3122766417<\/p>\n\n\n\n<p>El importe incluye visita guiada, aperitivo, comida en el sal\u00f3n de Pe\u00f1as y vaquilla en la plaza de tientas.<\/p>\n\n\n\n<p>Recomendado llevar calzado c\u00f3modo, ropa de abrigo y teleobjetivos para captar las mejores im\u00e1genes de la naturaleza y su fauna singular.<\/p>\n\n\n\n<p>HORARIO DE LLEGADA: 11:00 HORAS<\/p>\n\n\n\n<p>HORARIO DE SALIDA: 20:00 HORAS aprox<\/p>\n\n\n\n<p><strong><u>RECEPCION DEL GRUPO EN LA PLAZA DE TIENTAS<\/u><\/strong><\/p>\n\n\n\n<p>VISITA GUIADA EN REMOLQUES POR LOS DISTINTOS CERCADOS, VIENDO TOROS BRAVOS, CABALLO ESPA\u00d1OL Y CERCADO DE CERDO IB\u00c9RICO<\/p>\n\n\n\n<p>Duraci\u00f3n aproximada del recorrido 2 horas<\/p>\n\n\n\n<p><strong><u>APERITIVO AL AIRE LIBRE AMENIZADO CON UN GRUPO FLAMENCO<\/u><\/strong><\/p>\n\n\n\n<p>JAMON IBERICO, QUESO, TOMATES ALI\u00d1ADOS<\/p>\n\n\n\n<p>VINO BLANCO, REFRESCOS, CERVEZA Y AGUA<\/p>\n\n\n\n<p><strong><u>ALMUERZO EN NUESTRO SALON DE LAS PE\u00d1AS<\/u><\/strong><\/p>\n\n\n\n<p>PARA COMPARTIR<\/p>\n\n\n\n<p>PAPAS ALI\u00d1ADAS<\/p>\n\n\n\n<p>GAMBAS DE HUELVA<\/p>\n\n\n\n<p><strong><u>PLATO PRINCIPAL<\/u><\/strong><\/p>\n\n\n\n<p>POTAJE DE GARBANZOS CON SU PRING\u00c1<\/p>\n\n\n\n<p><strong><u>POSTRE<\/u><\/strong><\/p>\n\n\n\n<p>FRUTA DE TEMPORADA<\/p>\n\n\n\n<p>CAF\u00c9 E INFUSIONES Y DULCES TRADICIONALES<\/p>\n\n\n\n<p><strong><u>Pasamos a la Plaza de Tientas donde nos espera<\/u><\/strong><\/p>\n\n\n\n<p>UNA BECERRA PARA QUE LOS M\u00c1S VALIENTES ENTREN EN LA PLAZA A DAR UNOS PASES<\/p>\n\n\n\n<p>COPAS DE ALCOHOL DESPUES DEL ALMUERZO A 4 EUROS (MUSICA AMBIENTE)<\/p>\n\n\n<div class=\"wp-block-image\">\n<figure class=\"aligncenter size-full\"><a href=\"https:\/\/www.huelvaysusfotografos.com\/wp-content\/uploads\/2022\/11\/CARTEL-COMIDA-NAVIDAD-FINCA-MILLARES.jpg\"><img loading=\"lazy\" decoding=\"async\" width=\"800\" height=\"552\" src=\"https:\/\/www.huelvaysusfotografos.com\/wp-content\/uploads\/2022\/11\/CARTEL-COMIDA-NAVIDAD-FINCA-MILLARES.jpg\" alt=\"\" class=\"wp-image-12198\" srcset=\"https:\/\/www.huelvaysusfotografos.com\/wp-content\/uploads\/2022\/11\/CARTEL-COMIDA-NAVIDAD-FINCA-MILLARES.jpg 800w, https:\/\/www.huelvaysusfotografos.com\/wp-content\/uploads\/2022\/11\/CARTEL-COMIDA-NAVIDAD-FINCA-MILLARES-300x207.jpg 300w, https:\/\/www.huelvaysusfotografos.com\/wp-content\/uploads\/2022\/11\/CARTEL-COMIDA-NAVIDAD-FINCA-MILLARES-768x530.jpg 768w\" sizes=\"auto, (max-width: 800px) 100vw, 800px\" \/><\/a><\/figure>\n<\/div>","protected":false},"excerpt":{"rendered":"<p>Nos complace anunciaros la pr\u00f3xima actividad de Diciembre, ser\u00e1 un d\u00eda de campo con almuerzo navide\u00f1o y visita guiada a la dehesa. Se trata de una convivencia con nuestras asociaciones hermanas de ACCOF y ANAFA Algarve, al tiempo que invitamos a la Asociaci\u00f3n que ya nos acompa\u00f1\u00f3 en el paseo en Catamar\u00e1n el pasado mes de julio, ASFERICAL. La jornada ser\u00e1 el pr\u00f3ximo s\u00e1bado 10 de diciembre de 11 a<\/p>\n<div class=\"belowpost\"><a class=\"btnmore\" href=\"https:\/\/www.huelvaysusfotografos.com\/?p=12196\">Seguir leyendo<\/a><\/div>\n","protected":false},"author":8279,"featured_media":12198,"comment_status":"open","ping_status":"open","sticky":false,"template":"","format":"standard","meta":{"footnotes":"","_links_to":"","_links_to_target":""},"categories":[6],"tags":[],"class_list":["post-12196","post","type-post","status-publish","format-standard","has-post-thumbnail","hentry","category-quedadas"],"_links":{"self":[{"href":"https:\/\/www.huelvaysusfotografos.com\/index.php?rest_route=\/wp\/v2\/posts\/12196","targetHints":{"allow":["GET"]}}],"collection":[{"href":"https:\/\/www.huelvaysusfotografos.com\/index.php?rest_route=\/wp\/v2\/posts"}],"about":[{"href":"https:\/\/www.huelvaysusfotografos.com\/index.php?rest_route=\/wp\/v2\/types\/post"}],"author":[{"embeddable":true,"href":"https:\/\/www.huelvaysusfotografos.com\/index.php?rest_route=\/wp\/v2\/users\/8279"}],"replies":[{"embeddable":true,"href":"https:\/\/www.huelvaysusfotografos.com\/index.php?rest_route=%2Fwp%2Fv2%2Fcomments&post=12196"}],"version-history":[{"count":3,"href":"https:\/\/www.huelvaysusfotografos.com\/index.php?rest_route=\/wp\/v2\/posts\/12196\/revisions"}],"predecessor-version":[{"id":12201,"href":"https:\/\/www.huelvaysusfotografos.com\/index.php?rest_route=\/wp\/v2\/posts\/12196\/revisions\/12201"}],"wp:featuredmedia":[{"embeddable":true,"href":"https:\/\/www.huelvaysusfotografos.com\/index.php?rest_route=\/wp\/v2\/media\/12198"}],"wp:attachment":[{"href":"https:\/\/www.huelvaysusfotografos.com\/index.php?rest_route=%2Fwp%2Fv2%2Fmedia&parent=12196"}],"wp:term":[{"taxonomy":"category","embeddable":true,"href":"https:\/\/www.huelvaysusfotografos.com\/index.php?rest_route=%2Fwp%2Fv2%2Fcategories&post=12196"},{"taxonomy":"post_tag","embeddable":true,"href":"https:\/\/www.huelvaysusfotografos.com\/index.php?rest_route=%2Fwp%2Fv2%2Ftags&post=12196"}],"curies":[{"name":"wp","href":"https:\/\/api.w.org\/{rel}","templated":true}]}}