{"id":12043,"date":"2022-11-12T16:16:15","date_gmt":"2022-11-12T15:16:15","guid":{"rendered":"https:\/\/www.huelvaysusfotografos.com\/?p=12043"},"modified":"2022-11-12T17:00:37","modified_gmt":"2022-11-12T16:00:37","slug":"entregados-los-ii-premios-carrete-en-una-gran-gala-organizada-por-la-asociacion-huelva-y-sus-fotografos","status":"publish","type":"post","link":"https:\/\/www.huelvaysusfotografos.com\/?p=12043","title":{"rendered":"Entregados los II Premios Carrete en una gran Gala organizada por la Asociaci\u00f3n Huelva y sus Fot\u00f3grafos."},"content":{"rendered":"\n<p>La Asociaci\u00f3n Huelva y sus Fot\u00f3grafos hac\u00edan entrega en la noche del viernes 11 de noviembre de sus II Premios Carrete, la Unidad de Oncolog\u00eda del Hospital Universitario Juan Ram\u00f3n Jim\u00e9nez, Ferronol l\u00edder en Servicios, Fundaci\u00f3n Caja Rural del Sur, Obra Social Hermandad del Calvario y Associa\u00e7\u00e3o e Nucleo de Amigos Fotografos do Algarve &#8211; A|NAFA, eran los destinatarios de estos premios.<\/p>\n\n\n\n<p>Un nutrido grupo de socios, premiados e invitados de todos los \u00e1mbitos de la sociedad onubense se daban cita en el Centro de Documentaci\u00f3n y Recepci\u00f3n del Puerto de Huelva, para vivir una noche m\u00e1gica, conducida magistralmente por la periodista de la Cadena Ser, Ana Gil.<\/p>\n\n\n\n<p>Una gala que contaba con la colaboraci\u00f3n de la Autoridad Portuaria de Huelva, Ferronol, Videomax, Bodegas Iglesias, Fundaci\u00f3n Caja Rural del Sur, Excelencias de Huelva y la Federaci\u00f3n Andaluza de Fotograf\u00eda. Como no pod\u00eda ser de otra manera nuestras azafatas de la firma Scala Eventos, que nos acompa\u00f1aron desde la recepci\u00f3n de invitados donde se les entregaba un obsequio a los asistentes, hasta la entrega de premios, estuvieron a la altura de una gala, que ya es un referente en la sociedad onubense.<\/p>\n\n\n\n<p>Abri\u00f3 la Gala Pilar Miranda Plata, Presidenta del Puerto de Huelva y patrocinador principal de la gala, quien nos dio la bienvenida a este espacio del Centro de Recepci\u00f3n y Documentaci\u00f3n del Puerto de Huelva, donde se desarroll\u00f3 el acto, con un lleno absoluto. Pilar se mostr\u00f3 agradecida por poder acoger esta Gala de los Premios Carrete donde se reconoce la labor de empresas, instituciones, obra social y Asociaciones, que miran y viven por y para Huelva, creando riqueza, empleo, ayudando a quien lo necesita y siendo solidarios con todos y como no destac\u00f3 la encomiable labor del equipo sanitario que recog\u00eda el Carrete Sanitario, la Unidad de Oncolog\u00eda del Hospital Universitario Juan Ram\u00f3n Jim\u00e9nez, que emocion\u00f3 a la sala.<\/p>\n\n\n\n<p>La gala de los II premios Carrete cont\u00f3 con la actuaci\u00f3n en directo de Mar\u00eda Vallez, acompa\u00f1ada por el guitarrista Diego Vallez. Una delicia la voz de esta beasina que entusiasmo al respetable con sus cantes por Solea, sevillanas, tarantos, tientos y fandangos por Huelva, bajo la magistral mano a la guitarra de Diego. Pellizquito de arte en un escenario \u00fanico.<\/p>\n\n\n\n<p>En la noche hubo otros premiados que tambi\u00e9n recogieron sus premios como los otorgados en Semana Santa y Fair Saturday.<\/p>\n\n\n\n<p><strong><u>Fair Saturday de 2021<\/u><\/strong><\/p>\n\n\n\n<p><strong><em>Manuel Pascual, Carmen Pascual y Joaqu\u00edn Llagas se alzan con los premios de esta edici\u00f3n.<\/em><\/strong><\/p>\n\n\n\n<p>Primer Premio.- Manuel Pascual Bonaque, Esquina calle Miguel Redondo.<\/p>\n\n\n\n<p>Segundo Premio.-&nbsp; Carmen Pascual Barea, panor\u00e1mica Plaza de Toros La Merced.<\/p>\n\n\n\n<p>Tercer Premio.-&nbsp; Joaqu\u00edn Llagas Moyo, Colores del Muelle del Tinto<\/p>\n\n\n\n<p>El tercer premio lo entreg\u00f3 Dulfi Fotografia<\/p>\n\n\n\n<p>El segundo y primer premio lo entreg\u00f3 Elena S\u00e1nchez Balonga.<\/p>\n\n\n\n<p><strong><u>Premios Semana Santa 2022<\/u><\/strong><\/p>\n\n\n\n<p>TERCER PREMIO: \u201cSombras de F\u00e9\u201d de Pedro Jos\u00e9 Ruiz-Constantino P\u00e9rez<\/p>\n\n\n\n<p>Realizada en la Hermandad del Descendimiento<\/p>\n\n\n\n<p>Entreg\u00f3 el premio.- Caye Cumbreras Santana, vocal de Huelva y sus Fot\u00f3grafos<\/p>\n\n\n\n<p>SEGUNDO PREMIO: \u201cPenitencia y f\u00e9\u201d de Fran Borges<\/p>\n\n\n\n<p>Hermandad: Sacramental Del Salvador y Cofrad\u00eda de Penitencia de la Oraci\u00f3n en el Huerto, Nuestro Padre Jes\u00fas Ca\u00eddo y Nuestra Se\u00f1ora de la Amargura Jueves Santo Ayamonte<\/p>\n\n\n\n<p>Entreg\u00f3 el premio.- Flor N\u00fa\u00f1ez Nieto vocal de Huelva y sus Fot\u00f3grafos<\/p>\n\n\n\n<p>PRIMER PREMIO: \u201cAcompa\u00f1amiento\u201d de Francisco Gil Salguero<\/p>\n\n\n\n<p>Hermandad de Mutilados \u2013 Huelva \u2013 Domingo de Ramos<\/p>\n\n\n\n<p>Entreg\u00f3 el premio.- Pilar Rodr\u00edguez Barranco, Vicepresidenta de Huelva y sus Fot\u00f3grafos.<\/p>\n\n\n\n<p>Tuvimos tambi\u00e9n dos reconocimientos a los fot\u00f3grafos Carmen Torres Chaguaceda como fot\u00f3grafa del a\u00f1o y Juan Manuel Brioso una menci\u00f3n especial, por sus excelentes trabajos, que pudieron visionar los asistentes.<\/p>\n\n\n\n<p>Se mostr\u00f3 un v\u00eddeo del trabajo de los socios antes de dar paso a la entrega de los Premios Carrete.<\/p>\n\n\n\n<p><strong>Carrete de Hermanamiento<\/strong>.- Associa\u00e7\u00e3o e Nucleo de Amigos Fotografos do Algarve &#8211; A|NAFA<\/p>\n\n\n\n<p>Recogi\u00f3 el premio<strong>.- D. Joao Ribeiro <\/strong>de la Associa\u00e7\u00e3o e Nucleo de Amigos Fotografos do Algarve (Portugal)<\/p>\n\n\n\n<p>Entreg\u00f3 el Premio.- <strong>Pilar Rodr\u00edguez Barranco<\/strong>, vicepresidenta de Huelva y sus Fot\u00f3grafos<\/p>\n\n\n\n<p>Tras recoger su premio, fue el propio presidente Joao Ribeiro, quien tom\u00f3 la palabra para agradecer el premio, que sirve de uni\u00f3n m\u00e1s si cabe entre Huelva y el Algarve, un nexo de hermandad que hace m\u00e1s fuertes los lazos de uni\u00f3n entre dos pa\u00edses hermanos amantes de la fotograf\u00eda.<\/p>\n\n\n\n<p><strong>Carrete Comunicaci\u00f3n<\/strong>.-&nbsp; Fundaci\u00f3n Caja Rural del Sur<\/p>\n\n\n\n<p>Recogi\u00f3 el premio.- <strong>D. Emilio Ponce Mart\u00ednez<\/strong>. Director de la Fundaci\u00f3n Caja Rural del Sur.<\/p>\n\n\n\n<p>Entreg\u00f3 el premio.- <strong>Dulfi Dulfikair<\/strong>, tesorero de Huelva y sus Fot\u00f3grafos<\/p>\n\n\n\n<p>El Director de la Fundaci\u00f3n Caja Rural del Sur, Emilio Ponce, agradeci\u00f3 el premio, indicando que siempre son ellos los que entregan los premios y este les hace especial ilusi\u00f3n, pues es la \u00fanica vez que la Fundaci\u00f3n recibe un premio por su labor.<\/p>\n\n\n\n<p><strong>Carrete Solidario<\/strong>.-&nbsp; Obra Social Hermandad del Calvario de Huelva<\/p>\n\n\n\n<p>Recogieron el premio.- <strong>D.<\/strong> <strong>Jes\u00fas Prada Sierra. <\/strong>Hermano Mayor de Calvario. Y <strong>Pepa P\u00e9rez Guti\u00e9rrez<\/strong>&nbsp;&nbsp; Coordinadora de la Obra Social<\/p>\n\n\n\n<p>Entregaron el premio.- <strong>Flor N\u00fa\u00f1ez Nieto y Caye Cumbreras Santana<\/strong>, vocales de Huelva y sus Fot\u00f3grafos.<\/p>\n\n\n\n<p>Su Hermano Mayor, Jes\u00fas Prada junto a la responsable de la Obra Social Pepa P\u00e9rez, mostraron su agradecimiento por este galard\u00f3n, que no hace sino reconocer la labor que vienen desarrollaron por hacer que las personas que lo necesitan, tengan una vida mejor si est\u00e1 en sus manos.<\/p>\n\n\n\n<p><strong>Carrete Dinamizador<\/strong>.- A la empresa Ferronol l\u00edder en servicios.<\/p>\n\n\n\n<p>Recogi\u00f3 el premio.-<strong> D. Jos\u00e9 Borrego Albujar y Fernando Borrego D\u00e1vila. <\/strong>Presidente y Director de Ferronol Servicios.<\/p>\n\n\n\n<p>Entreg\u00f3 el premio.- <strong>Pilar Miranda Plata<\/strong>, Presidenta de la Autoridad Portuaria de Huelva.<\/p>\n\n\n\n<p>Estuvo su Presidente Jos\u00e9 Borrego ilusionado con este premio, pues en este a\u00f1o la empresa que dirige cumple 30 a\u00f1os, estando al servicio de empresas, intuiciones y amplio n\u00famero de ciudadanos, dando empleo a m\u00e1s de 4500 trabajadores, con presencia en Espa\u00f1a, Francia, Italia o Estados Unidos entre otros, siendo una empresa onubense que ha abierto fronteras y ha dinamizado el sector con un amplio n\u00famero de servicios que lo hacen l\u00edder en su sector. Alcanzo este \u00faltimo a\u00f1o una facturaci\u00f3n que supera los treinta millones de euros.<\/p>\n\n\n\n<p><strong>Carrete Sanitario<\/strong>.-&nbsp; Unidad de Oncolog\u00eda del Hospital Universitario Juan Ram\u00f3n Jim\u00e9nez<\/p>\n\n\n\n<p>Recog\u00eda el premio.- <strong>D.<\/strong> <strong>Juan Bayo Calero. <\/strong>Director de la Unidad de Oncolog\u00eda del Hospital Universitario Juan Ram\u00f3n Jim\u00e9nez.<\/p>\n\n\n\n<p>Entreg\u00f3 el premio.- <strong>Jos\u00e9 Luis Arizmendi Llanes<\/strong>, presidente de Huelva y sus Fot\u00f3grafos.<\/p>\n\n\n\n<p>Tom\u00f3 la palabra Juan Bayo para agradecer el premio, pues como el mismo reconoc\u00eda son momentos dif\u00edciles en la Sanidad P\u00fablica y este premio les da alas para seguir en su labor diaria, siendo esta unidad compleja por el tema que ocupa, al tiempo que indicaba que nada de esto ser\u00eda posible sin la incansable lucha de los pacientes y sus familiares, alma indiscutible de su trabajo. Se emocion\u00f3 el Doctor Bayo y emocion\u00f3 al auditorio, que por momentos nos tuvo con el coraz\u00f3n en un pu\u00f1o y la lagrima recorriendo nuestras mejillas.<\/p>\n\n\n\n<p>Finalizaba la gala en palabras de su presidente, Jos\u00e9 Luis Arizmendi Llanes, quien agradeci\u00f3 a Pilar Miranda, m\u00e1xima representante del Puerto de Huelva, su estimada ayuda para que esta gala fuese posible, al tiempo que dio la enhorabuena a cada uno de los premiados en esta edici\u00f3n, se\u00f1alando que son unos merecidos premios que intentan poner un granito de arena en aquellos que ponen en valor a Huelva y todo su amplio espectro de campos donde se valoran estos premios. Recuerden que puede que el festival de cine ocupara un espacio en la noche, pero los artistas estaban presentes en esta II Gala de los premios Carrete. \u00a0Os emplazamos a todos a la III edici\u00f3n de los Premios Carrete para 2023.<\/p>\n\n\n\n<p>En el \u00e1mbito de nuestra formaci\u00f3n y amantes de la fotograf\u00eda presentamos los pr\u00f3ximos talleres que realizaremos de la mano de la fot\u00f3grafa Elena S\u00e1nchez Balonga, durante los meses de Enero, Marzo y Mayo, que informaremos detalladamente en breve, destacando dos talleres de fotograf\u00eda art\u00edstica de desnudo, tanto en estudio como en exterior. \u00a0<\/p>\n\n\n\n<p>Finaliz\u00e1bamos la gala en torno a unas viandas para compartir unos minutos de charla y distensi\u00f3n mientras felicit\u00e1bamos personalmente a cada uno de los premiados de esta edici\u00f3n.<\/p>\n\n\n\n<figure class=\"wp-block-image size-large\"><a href=\"https:\/\/www.huelvaysusfotografos.com\/wp-content\/uploads\/2022\/11\/2022.11.11-II-Premios-Carrete59.jpg\"><img loading=\"lazy\" decoding=\"async\" width=\"1024\" height=\"682\" src=\"https:\/\/www.huelvaysusfotografos.com\/wp-content\/uploads\/2022\/11\/2022.11.11-II-Premios-Carrete59-1024x682.jpg\" alt=\"\" class=\"wp-image-12045\" srcset=\"https:\/\/www.huelvaysusfotografos.com\/wp-content\/uploads\/2022\/11\/2022.11.11-II-Premios-Carrete59-1024x682.jpg 1024w, https:\/\/www.huelvaysusfotografos.com\/wp-content\/uploads\/2022\/11\/2022.11.11-II-Premios-Carrete59-300x200.jpg 300w, https:\/\/www.huelvaysusfotografos.com\/wp-content\/uploads\/2022\/11\/2022.11.11-II-Premios-Carrete59-768x512.jpg 768w, https:\/\/www.huelvaysusfotografos.com\/wp-content\/uploads\/2022\/11\/2022.11.11-II-Premios-Carrete59.jpg 1280w\" sizes=\"auto, (max-width: 1024px) 100vw, 1024px\" \/><\/a><\/figure>\n\n\n\n<figure class=\"wp-block-gallery has-nested-images columns-2 wp-block-gallery-1 is-layout-flex wp-block-gallery-is-layout-flex\">\n<figure class=\"wp-block-image size-large\"><a href=\"https:\/\/www.huelvaysusfotografos.com\/wp-content\/uploads\/2022\/11\/2022.11.11-II-Premios-Carrete1.jpg\"><img loading=\"lazy\" decoding=\"async\" width=\"1024\" height=\"682\" data-id=\"12051\" src=\"https:\/\/www.huelvaysusfotografos.com\/wp-content\/uploads\/2022\/11\/2022.11.11-II-Premios-Carrete1-1024x682.jpg\" alt=\"\" class=\"wp-image-12051\" srcset=\"https:\/\/www.huelvaysusfotografos.com\/wp-content\/uploads\/2022\/11\/2022.11.11-II-Premios-Carrete1-1024x682.jpg 1024w, https:\/\/www.huelvaysusfotografos.com\/wp-content\/uploads\/2022\/11\/2022.11.11-II-Premios-Carrete1-300x200.jpg 300w, https:\/\/www.huelvaysusfotografos.com\/wp-content\/uploads\/2022\/11\/2022.11.11-II-Premios-Carrete1-768x512.jpg 768w, https:\/\/www.huelvaysusfotografos.com\/wp-content\/uploads\/2022\/11\/2022.11.11-II-Premios-Carrete1.jpg 1280w\" sizes=\"auto, (max-width: 1024px) 100vw, 1024px\" \/><\/a><\/figure>\n\n\n\n<figure class=\"wp-block-image size-large\"><a href=\"https:\/\/www.huelvaysusfotografos.com\/wp-content\/uploads\/2022\/11\/2022.11.11-II-Premios-Carrete3.jpg\"><img loading=\"lazy\" decoding=\"async\" width=\"1024\" height=\"682\" data-id=\"12048\" src=\"https:\/\/www.huelvaysusfotografos.com\/wp-content\/uploads\/2022\/11\/2022.11.11-II-Premios-Carrete3-1024x682.jpg\" alt=\"\" class=\"wp-image-12048\" srcset=\"https:\/\/www.huelvaysusfotografos.com\/wp-content\/uploads\/2022\/11\/2022.11.11-II-Premios-Carrete3-1024x682.jpg 1024w, https:\/\/www.huelvaysusfotografos.com\/wp-content\/uploads\/2022\/11\/2022.11.11-II-Premios-Carrete3-300x200.jpg 300w, https:\/\/www.huelvaysusfotografos.com\/wp-content\/uploads\/2022\/11\/2022.11.11-II-Premios-Carrete3-768x512.jpg 768w, https:\/\/www.huelvaysusfotografos.com\/wp-content\/uploads\/2022\/11\/2022.11.11-II-Premios-Carrete3.jpg 1280w\" sizes=\"auto, (max-width: 1024px) 100vw, 1024px\" \/><\/a><\/figure>\n\n\n\n<figure class=\"wp-block-image size-large\"><a href=\"https:\/\/www.huelvaysusfotografos.com\/wp-content\/uploads\/2022\/11\/2022.11.11-II-Premios-Carrete5.jpg\"><img loading=\"lazy\" decoding=\"async\" width=\"1024\" height=\"683\" data-id=\"12047\" src=\"https:\/\/www.huelvaysusfotografos.com\/wp-content\/uploads\/2022\/11\/2022.11.11-II-Premios-Carrete5.jpg\" alt=\"\" class=\"wp-image-12047\" srcset=\"https:\/\/www.huelvaysusfotografos.com\/wp-content\/uploads\/2022\/11\/2022.11.11-II-Premios-Carrete5.jpg 1024w, https:\/\/www.huelvaysusfotografos.com\/wp-content\/uploads\/2022\/11\/2022.11.11-II-Premios-Carrete5-300x200.jpg 300w, https:\/\/www.huelvaysusfotografos.com\/wp-content\/uploads\/2022\/11\/2022.11.11-II-Premios-Carrete5-768x512.jpg 768w\" sizes=\"auto, (max-width: 1024px) 100vw, 1024px\" \/><\/a><\/figure>\n\n\n\n<figure class=\"wp-block-image size-large\"><a href=\"https:\/\/www.huelvaysusfotografos.com\/wp-content\/uploads\/2022\/11\/2022.11.11-II-Premios-Carrete6.jpg\"><img loading=\"lazy\" decoding=\"async\" width=\"1024\" height=\"682\" data-id=\"12052\" src=\"https:\/\/www.huelvaysusfotografos.com\/wp-content\/uploads\/2022\/11\/2022.11.11-II-Premios-Carrete6-1024x682.jpg\" alt=\"\" class=\"wp-image-12052\" srcset=\"https:\/\/www.huelvaysusfotografos.com\/wp-content\/uploads\/2022\/11\/2022.11.11-II-Premios-Carrete6-1024x682.jpg 1024w, https:\/\/www.huelvaysusfotografos.com\/wp-content\/uploads\/2022\/11\/2022.11.11-II-Premios-Carrete6-300x200.jpg 300w, https:\/\/www.huelvaysusfotografos.com\/wp-content\/uploads\/2022\/11\/2022.11.11-II-Premios-Carrete6-768x512.jpg 768w, https:\/\/www.huelvaysusfotografos.com\/wp-content\/uploads\/2022\/11\/2022.11.11-II-Premios-Carrete6.jpg 1280w\" sizes=\"auto, (max-width: 1024px) 100vw, 1024px\" \/><\/a><\/figure>\n\n\n\n<figure class=\"wp-block-image size-large\"><a href=\"https:\/\/www.huelvaysusfotografos.com\/wp-content\/uploads\/2022\/11\/2022.11.11-II-Premios-Carrete8.jpg\"><img loading=\"lazy\" decoding=\"async\" width=\"1024\" height=\"683\" data-id=\"12049\" src=\"https:\/\/www.huelvaysusfotografos.com\/wp-content\/uploads\/2022\/11\/2022.11.11-II-Premios-Carrete8.jpg\" alt=\"\" class=\"wp-image-12049\" srcset=\"https:\/\/www.huelvaysusfotografos.com\/wp-content\/uploads\/2022\/11\/2022.11.11-II-Premios-Carrete8.jpg 1024w, https:\/\/www.huelvaysusfotografos.com\/wp-content\/uploads\/2022\/11\/2022.11.11-II-Premios-Carrete8-300x200.jpg 300w, https:\/\/www.huelvaysusfotografos.com\/wp-content\/uploads\/2022\/11\/2022.11.11-II-Premios-Carrete8-768x512.jpg 768w\" sizes=\"auto, (max-width: 1024px) 100vw, 1024px\" \/><\/a><\/figure>\n\n\n\n<figure class=\"wp-block-image size-large\"><a href=\"https:\/\/www.huelvaysusfotografos.com\/wp-content\/uploads\/2022\/11\/2022.11.11-II-Premios-Carrete10.jpg\"><img loading=\"lazy\" decoding=\"async\" width=\"1024\" height=\"683\" data-id=\"12050\" src=\"https:\/\/www.huelvaysusfotografos.com\/wp-content\/uploads\/2022\/11\/2022.11.11-II-Premios-Carrete10.jpg\" alt=\"\" class=\"wp-image-12050\" srcset=\"https:\/\/www.huelvaysusfotografos.com\/wp-content\/uploads\/2022\/11\/2022.11.11-II-Premios-Carrete10.jpg 1024w, https:\/\/www.huelvaysusfotografos.com\/wp-content\/uploads\/2022\/11\/2022.11.11-II-Premios-Carrete10-300x200.jpg 300w, https:\/\/www.huelvaysusfotografos.com\/wp-content\/uploads\/2022\/11\/2022.11.11-II-Premios-Carrete10-768x512.jpg 768w\" sizes=\"auto, (max-width: 1024px) 100vw, 1024px\" \/><\/a><\/figure>\n\n\n\n<figure class=\"wp-block-image size-large\"><a href=\"https:\/\/www.huelvaysusfotografos.com\/wp-content\/uploads\/2022\/11\/2022.11.11-II-Premios-Carrete11.jpg\"><img loading=\"lazy\" decoding=\"async\" width=\"1024\" height=\"683\" data-id=\"12053\" src=\"https:\/\/www.huelvaysusfotografos.com\/wp-content\/uploads\/2022\/11\/2022.11.11-II-Premios-Carrete11.jpg\" alt=\"\" class=\"wp-image-12053\" srcset=\"https:\/\/www.huelvaysusfotografos.com\/wp-content\/uploads\/2022\/11\/2022.11.11-II-Premios-Carrete11.jpg 1024w, https:\/\/www.huelvaysusfotografos.com\/wp-content\/uploads\/2022\/11\/2022.11.11-II-Premios-Carrete11-300x200.jpg 300w, https:\/\/www.huelvaysusfotografos.com\/wp-content\/uploads\/2022\/11\/2022.11.11-II-Premios-Carrete11-768x512.jpg 768w\" sizes=\"auto, (max-width: 1024px) 100vw, 1024px\" \/><\/a><\/figure>\n\n\n\n<figure class=\"wp-block-image size-large\"><a href=\"https:\/\/www.huelvaysusfotografos.com\/wp-content\/uploads\/2022\/11\/2022.11.11-II-Premios-Carrete12.jpg\"><img loading=\"lazy\" decoding=\"async\" width=\"1024\" height=\"682\" data-id=\"12054\" src=\"https:\/\/www.huelvaysusfotografos.com\/wp-content\/uploads\/2022\/11\/2022.11.11-II-Premios-Carrete12-1024x682.jpg\" alt=\"\" class=\"wp-image-12054\" srcset=\"https:\/\/www.huelvaysusfotografos.com\/wp-content\/uploads\/2022\/11\/2022.11.11-II-Premios-Carrete12-1024x682.jpg 1024w, https:\/\/www.huelvaysusfotografos.com\/wp-content\/uploads\/2022\/11\/2022.11.11-II-Premios-Carrete12-300x200.jpg 300w, https:\/\/www.huelvaysusfotografos.com\/wp-content\/uploads\/2022\/11\/2022.11.11-II-Premios-Carrete12-768x512.jpg 768w, https:\/\/www.huelvaysusfotografos.com\/wp-content\/uploads\/2022\/11\/2022.11.11-II-Premios-Carrete12.jpg 1280w\" sizes=\"auto, (max-width: 1024px) 100vw, 1024px\" \/><\/a><\/figure>\n\n\n\n<figure class=\"wp-block-image size-large\"><a href=\"https:\/\/www.huelvaysusfotografos.com\/wp-content\/uploads\/2022\/11\/2022.11.11-II-Premios-Carrete13.jpg\"><img loading=\"lazy\" decoding=\"async\" width=\"1024\" height=\"683\" data-id=\"12055\" src=\"https:\/\/www.huelvaysusfotografos.com\/wp-content\/uploads\/2022\/11\/2022.11.11-II-Premios-Carrete13.jpg\" alt=\"\" class=\"wp-image-12055\" srcset=\"https:\/\/www.huelvaysusfotografos.com\/wp-content\/uploads\/2022\/11\/2022.11.11-II-Premios-Carrete13.jpg 1024w, https:\/\/www.huelvaysusfotografos.com\/wp-content\/uploads\/2022\/11\/2022.11.11-II-Premios-Carrete13-300x200.jpg 300w, https:\/\/www.huelvaysusfotografos.com\/wp-content\/uploads\/2022\/11\/2022.11.11-II-Premios-Carrete13-768x512.jpg 768w\" sizes=\"auto, (max-width: 1024px) 100vw, 1024px\" \/><\/a><\/figure>\n\n\n\n<figure class=\"wp-block-image size-large\"><a href=\"https:\/\/www.huelvaysusfotografos.com\/wp-content\/uploads\/2022\/11\/2022.11.11-II-Premios-Carrete15.jpg\"><img loading=\"lazy\" decoding=\"async\" width=\"1024\" height=\"682\" data-id=\"12056\" src=\"https:\/\/www.huelvaysusfotografos.com\/wp-content\/uploads\/2022\/11\/2022.11.11-II-Premios-Carrete15-1024x682.jpg\" alt=\"\" class=\"wp-image-12056\" srcset=\"https:\/\/www.huelvaysusfotografos.com\/wp-content\/uploads\/2022\/11\/2022.11.11-II-Premios-Carrete15-1024x682.jpg 1024w, https:\/\/www.huelvaysusfotografos.com\/wp-content\/uploads\/2022\/11\/2022.11.11-II-Premios-Carrete15-300x200.jpg 300w, https:\/\/www.huelvaysusfotografos.com\/wp-content\/uploads\/2022\/11\/2022.11.11-II-Premios-Carrete15-768x512.jpg 768w, https:\/\/www.huelvaysusfotografos.com\/wp-content\/uploads\/2022\/11\/2022.11.11-II-Premios-Carrete15.jpg 1280w\" sizes=\"auto, (max-width: 1024px) 100vw, 1024px\" \/><\/a><\/figure>\n\n\n\n<figure class=\"wp-block-image size-large\"><a href=\"https:\/\/www.huelvaysusfotografos.com\/wp-content\/uploads\/2022\/11\/2022.11.11-II-Premios-Carrete19.jpg\"><img loading=\"lazy\" decoding=\"async\" width=\"1024\" height=\"683\" data-id=\"12057\" src=\"https:\/\/www.huelvaysusfotografos.com\/wp-content\/uploads\/2022\/11\/2022.11.11-II-Premios-Carrete19.jpg\" alt=\"\" class=\"wp-image-12057\" srcset=\"https:\/\/www.huelvaysusfotografos.com\/wp-content\/uploads\/2022\/11\/2022.11.11-II-Premios-Carrete19.jpg 1024w, https:\/\/www.huelvaysusfotografos.com\/wp-content\/uploads\/2022\/11\/2022.11.11-II-Premios-Carrete19-300x200.jpg 300w, https:\/\/www.huelvaysusfotografos.com\/wp-content\/uploads\/2022\/11\/2022.11.11-II-Premios-Carrete19-768x512.jpg 768w\" sizes=\"auto, (max-width: 1024px) 100vw, 1024px\" \/><\/a><\/figure>\n\n\n\n<figure class=\"wp-block-image size-large\"><a href=\"https:\/\/www.huelvaysusfotografos.com\/wp-content\/uploads\/2022\/11\/2022.11.11-II-Premios-Carrete21.jpg\"><img loading=\"lazy\" decoding=\"async\" width=\"1024\" height=\"682\" data-id=\"12058\" src=\"https:\/\/www.huelvaysusfotografos.com\/wp-content\/uploads\/2022\/11\/2022.11.11-II-Premios-Carrete21-1024x682.jpg\" alt=\"\" class=\"wp-image-12058\" srcset=\"https:\/\/www.huelvaysusfotografos.com\/wp-content\/uploads\/2022\/11\/2022.11.11-II-Premios-Carrete21-1024x682.jpg 1024w, https:\/\/www.huelvaysusfotografos.com\/wp-content\/uploads\/2022\/11\/2022.11.11-II-Premios-Carrete21-300x200.jpg 300w, https:\/\/www.huelvaysusfotografos.com\/wp-content\/uploads\/2022\/11\/2022.11.11-II-Premios-Carrete21-768x512.jpg 768w, https:\/\/www.huelvaysusfotografos.com\/wp-content\/uploads\/2022\/11\/2022.11.11-II-Premios-Carrete21.jpg 1280w\" sizes=\"auto, (max-width: 1024px) 100vw, 1024px\" \/><\/a><\/figure>\n\n\n\n<figure class=\"wp-block-image size-large\"><a href=\"https:\/\/www.huelvaysusfotografos.com\/wp-content\/uploads\/2022\/11\/2022.11.11-II-Premios-Carrete22.jpg\"><img loading=\"lazy\" decoding=\"async\" width=\"1024\" height=\"682\" data-id=\"12059\" src=\"https:\/\/www.huelvaysusfotografos.com\/wp-content\/uploads\/2022\/11\/2022.11.11-II-Premios-Carrete22-1024x682.jpg\" alt=\"\" class=\"wp-image-12059\" srcset=\"https:\/\/www.huelvaysusfotografos.com\/wp-content\/uploads\/2022\/11\/2022.11.11-II-Premios-Carrete22-1024x682.jpg 1024w, https:\/\/www.huelvaysusfotografos.com\/wp-content\/uploads\/2022\/11\/2022.11.11-II-Premios-Carrete22-300x200.jpg 300w, https:\/\/www.huelvaysusfotografos.com\/wp-content\/uploads\/2022\/11\/2022.11.11-II-Premios-Carrete22-768x512.jpg 768w, https:\/\/www.huelvaysusfotografos.com\/wp-content\/uploads\/2022\/11\/2022.11.11-II-Premios-Carrete22.jpg 1280w\" sizes=\"auto, (max-width: 1024px) 100vw, 1024px\" \/><\/a><\/figure>\n\n\n\n<figure class=\"wp-block-image size-large\"><a href=\"https:\/\/www.huelvaysusfotografos.com\/wp-content\/uploads\/2022\/11\/2022.11.11-II-Premios-Carrete23.jpg\"><img loading=\"lazy\" decoding=\"async\" width=\"1024\" height=\"682\" data-id=\"12060\" src=\"https:\/\/www.huelvaysusfotografos.com\/wp-content\/uploads\/2022\/11\/2022.11.11-II-Premios-Carrete23-1024x682.jpg\" alt=\"\" class=\"wp-image-12060\" srcset=\"https:\/\/www.huelvaysusfotografos.com\/wp-content\/uploads\/2022\/11\/2022.11.11-II-Premios-Carrete23-1024x682.jpg 1024w, https:\/\/www.huelvaysusfotografos.com\/wp-content\/uploads\/2022\/11\/2022.11.11-II-Premios-Carrete23-300x200.jpg 300w, https:\/\/www.huelvaysusfotografos.com\/wp-content\/uploads\/2022\/11\/2022.11.11-II-Premios-Carrete23-768x512.jpg 768w, https:\/\/www.huelvaysusfotografos.com\/wp-content\/uploads\/2022\/11\/2022.11.11-II-Premios-Carrete23.jpg 1280w\" sizes=\"auto, (max-width: 1024px) 100vw, 1024px\" \/><\/a><\/figure>\n\n\n\n<figure class=\"wp-block-image size-large\"><a href=\"https:\/\/www.huelvaysusfotografos.com\/wp-content\/uploads\/2022\/11\/2022.11.11-II-Premios-Carrete25.jpg\"><img loading=\"lazy\" decoding=\"async\" width=\"1024\" height=\"682\" data-id=\"12061\" src=\"https:\/\/www.huelvaysusfotografos.com\/wp-content\/uploads\/2022\/11\/2022.11.11-II-Premios-Carrete25-1024x682.jpg\" alt=\"\" class=\"wp-image-12061\" srcset=\"https:\/\/www.huelvaysusfotografos.com\/wp-content\/uploads\/2022\/11\/2022.11.11-II-Premios-Carrete25-1024x682.jpg 1024w, https:\/\/www.huelvaysusfotografos.com\/wp-content\/uploads\/2022\/11\/2022.11.11-II-Premios-Carrete25-300x200.jpg 300w, https:\/\/www.huelvaysusfotografos.com\/wp-content\/uploads\/2022\/11\/2022.11.11-II-Premios-Carrete25-768x512.jpg 768w, https:\/\/www.huelvaysusfotografos.com\/wp-content\/uploads\/2022\/11\/2022.11.11-II-Premios-Carrete25.jpg 1280w\" sizes=\"auto, (max-width: 1024px) 100vw, 1024px\" \/><\/a><\/figure>\n\n\n\n<figure class=\"wp-block-image size-large\"><a href=\"https:\/\/www.huelvaysusfotografos.com\/wp-content\/uploads\/2022\/11\/2022.11.11-II-Premios-Carrete26.jpg\"><img loading=\"lazy\" decoding=\"async\" width=\"1024\" height=\"682\" data-id=\"12062\" src=\"https:\/\/www.huelvaysusfotografos.com\/wp-content\/uploads\/2022\/11\/2022.11.11-II-Premios-Carrete26-1024x682.jpg\" alt=\"\" class=\"wp-image-12062\" srcset=\"https:\/\/www.huelvaysusfotografos.com\/wp-content\/uploads\/2022\/11\/2022.11.11-II-Premios-Carrete26-1024x682.jpg 1024w, https:\/\/www.huelvaysusfotografos.com\/wp-content\/uploads\/2022\/11\/2022.11.11-II-Premios-Carrete26-300x200.jpg 300w, https:\/\/www.huelvaysusfotografos.com\/wp-content\/uploads\/2022\/11\/2022.11.11-II-Premios-Carrete26-768x512.jpg 768w, https:\/\/www.huelvaysusfotografos.com\/wp-content\/uploads\/2022\/11\/2022.11.11-II-Premios-Carrete26.jpg 1280w\" sizes=\"auto, (max-width: 1024px) 100vw, 1024px\" \/><\/a><\/figure>\n\n\n\n<figure class=\"wp-block-image size-large\"><a href=\"https:\/\/www.huelvaysusfotografos.com\/wp-content\/uploads\/2022\/11\/2022.11.11-II-Premios-Carrete28.jpg\"><img loading=\"lazy\" decoding=\"async\" width=\"1024\" height=\"682\" data-id=\"12063\" src=\"https:\/\/www.huelvaysusfotografos.com\/wp-content\/uploads\/2022\/11\/2022.11.11-II-Premios-Carrete28-1024x682.jpg\" alt=\"\" class=\"wp-image-12063\" srcset=\"https:\/\/www.huelvaysusfotografos.com\/wp-content\/uploads\/2022\/11\/2022.11.11-II-Premios-Carrete28-1024x682.jpg 1024w, https:\/\/www.huelvaysusfotografos.com\/wp-content\/uploads\/2022\/11\/2022.11.11-II-Premios-Carrete28-300x200.jpg 300w, https:\/\/www.huelvaysusfotografos.com\/wp-content\/uploads\/2022\/11\/2022.11.11-II-Premios-Carrete28-768x512.jpg 768w, https:\/\/www.huelvaysusfotografos.com\/wp-content\/uploads\/2022\/11\/2022.11.11-II-Premios-Carrete28.jpg 1280w\" sizes=\"auto, (max-width: 1024px) 100vw, 1024px\" \/><\/a><\/figure>\n\n\n\n<figure class=\"wp-block-image size-large\"><a href=\"https:\/\/www.huelvaysusfotografos.com\/wp-content\/uploads\/2022\/11\/2022.11.11-II-Premios-Carrete29.jpg\"><img loading=\"lazy\" decoding=\"async\" width=\"1024\" height=\"682\" data-id=\"12064\" src=\"https:\/\/www.huelvaysusfotografos.com\/wp-content\/uploads\/2022\/11\/2022.11.11-II-Premios-Carrete29-1024x682.jpg\" alt=\"\" class=\"wp-image-12064\" srcset=\"https:\/\/www.huelvaysusfotografos.com\/wp-content\/uploads\/2022\/11\/2022.11.11-II-Premios-Carrete29-1024x682.jpg 1024w, https:\/\/www.huelvaysusfotografos.com\/wp-content\/uploads\/2022\/11\/2022.11.11-II-Premios-Carrete29-300x200.jpg 300w, https:\/\/www.huelvaysusfotografos.com\/wp-content\/uploads\/2022\/11\/2022.11.11-II-Premios-Carrete29-768x512.jpg 768w, https:\/\/www.huelvaysusfotografos.com\/wp-content\/uploads\/2022\/11\/2022.11.11-II-Premios-Carrete29.jpg 1280w\" sizes=\"auto, (max-width: 1024px) 100vw, 1024px\" \/><\/a><\/figure>\n\n\n\n<figure class=\"wp-block-image size-large\"><a href=\"https:\/\/www.huelvaysusfotografos.com\/wp-content\/uploads\/2022\/11\/2022.11.11-II-Premios-Carrete31.jpg\"><img loading=\"lazy\" decoding=\"async\" width=\"1024\" height=\"682\" data-id=\"12065\" src=\"https:\/\/www.huelvaysusfotografos.com\/wp-content\/uploads\/2022\/11\/2022.11.11-II-Premios-Carrete31-1024x682.jpg\" alt=\"\" class=\"wp-image-12065\" srcset=\"https:\/\/www.huelvaysusfotografos.com\/wp-content\/uploads\/2022\/11\/2022.11.11-II-Premios-Carrete31-1024x682.jpg 1024w, https:\/\/www.huelvaysusfotografos.com\/wp-content\/uploads\/2022\/11\/2022.11.11-II-Premios-Carrete31-300x200.jpg 300w, https:\/\/www.huelvaysusfotografos.com\/wp-content\/uploads\/2022\/11\/2022.11.11-II-Premios-Carrete31-768x512.jpg 768w, https:\/\/www.huelvaysusfotografos.com\/wp-content\/uploads\/2022\/11\/2022.11.11-II-Premios-Carrete31.jpg 1280w\" sizes=\"auto, (max-width: 1024px) 100vw, 1024px\" \/><\/a><\/figure>\n\n\n\n<figure class=\"wp-block-image size-large\"><a href=\"https:\/\/www.huelvaysusfotografos.com\/wp-content\/uploads\/2022\/11\/2022.11.11-II-Premios-Carrete32.jpg\"><img loading=\"lazy\" decoding=\"async\" width=\"683\" height=\"1024\" data-id=\"12066\" src=\"https:\/\/www.huelvaysusfotografos.com\/wp-content\/uploads\/2022\/11\/2022.11.11-II-Premios-Carrete32.jpg\" alt=\"\" class=\"wp-image-12066\" srcset=\"https:\/\/www.huelvaysusfotografos.com\/wp-content\/uploads\/2022\/11\/2022.11.11-II-Premios-Carrete32.jpg 683w, https:\/\/www.huelvaysusfotografos.com\/wp-content\/uploads\/2022\/11\/2022.11.11-II-Premios-Carrete32-200x300.jpg 200w\" sizes=\"auto, (max-width: 683px) 100vw, 683px\" \/><\/a><\/figure>\n\n\n\n<figure class=\"wp-block-image size-large\"><a href=\"https:\/\/www.huelvaysusfotografos.com\/wp-content\/uploads\/2022\/11\/2022.11.11-II-Premios-Carrete34.jpg\"><img loading=\"lazy\" decoding=\"async\" width=\"1024\" height=\"683\" data-id=\"12067\" src=\"https:\/\/www.huelvaysusfotografos.com\/wp-content\/uploads\/2022\/11\/2022.11.11-II-Premios-Carrete34.jpg\" alt=\"\" class=\"wp-image-12067\" srcset=\"https:\/\/www.huelvaysusfotografos.com\/wp-content\/uploads\/2022\/11\/2022.11.11-II-Premios-Carrete34.jpg 1024w, https:\/\/www.huelvaysusfotografos.com\/wp-content\/uploads\/2022\/11\/2022.11.11-II-Premios-Carrete34-300x200.jpg 300w, https:\/\/www.huelvaysusfotografos.com\/wp-content\/uploads\/2022\/11\/2022.11.11-II-Premios-Carrete34-768x512.jpg 768w\" sizes=\"auto, (max-width: 1024px) 100vw, 1024px\" \/><\/a><\/figure>\n\n\n\n<figure class=\"wp-block-image size-large\"><a href=\"https:\/\/www.huelvaysusfotografos.com\/wp-content\/uploads\/2022\/11\/2022.11.11-II-Premios-Carrete36.jpg\"><img loading=\"lazy\" decoding=\"async\" width=\"1024\" height=\"683\" data-id=\"12068\" src=\"https:\/\/www.huelvaysusfotografos.com\/wp-content\/uploads\/2022\/11\/2022.11.11-II-Premios-Carrete36.jpg\" alt=\"\" class=\"wp-image-12068\" srcset=\"https:\/\/www.huelvaysusfotografos.com\/wp-content\/uploads\/2022\/11\/2022.11.11-II-Premios-Carrete36.jpg 1024w, https:\/\/www.huelvaysusfotografos.com\/wp-content\/uploads\/2022\/11\/2022.11.11-II-Premios-Carrete36-300x200.jpg 300w, https:\/\/www.huelvaysusfotografos.com\/wp-content\/uploads\/2022\/11\/2022.11.11-II-Premios-Carrete36-768x512.jpg 768w\" sizes=\"auto, (max-width: 1024px) 100vw, 1024px\" \/><\/a><\/figure>\n\n\n\n<figure class=\"wp-block-image size-large\"><a href=\"https:\/\/www.huelvaysusfotografos.com\/wp-content\/uploads\/2022\/11\/2022.11.11-II-Premios-Carrete39.jpg\"><img loading=\"lazy\" decoding=\"async\" width=\"1024\" height=\"683\" data-id=\"12069\" src=\"https:\/\/www.huelvaysusfotografos.com\/wp-content\/uploads\/2022\/11\/2022.11.11-II-Premios-Carrete39.jpg\" alt=\"\" class=\"wp-image-12069\" srcset=\"https:\/\/www.huelvaysusfotografos.com\/wp-content\/uploads\/2022\/11\/2022.11.11-II-Premios-Carrete39.jpg 1024w, https:\/\/www.huelvaysusfotografos.com\/wp-content\/uploads\/2022\/11\/2022.11.11-II-Premios-Carrete39-300x200.jpg 300w, https:\/\/www.huelvaysusfotografos.com\/wp-content\/uploads\/2022\/11\/2022.11.11-II-Premios-Carrete39-768x512.jpg 768w\" sizes=\"auto, (max-width: 1024px) 100vw, 1024px\" \/><\/a><\/figure>\n\n\n\n<figure class=\"wp-block-image size-large\"><a href=\"https:\/\/www.huelvaysusfotografos.com\/wp-content\/uploads\/2022\/11\/2022.11.11-II-Premios-Carrete40.jpg\"><img loading=\"lazy\" decoding=\"async\" width=\"1024\" height=\"683\" data-id=\"12070\" src=\"https:\/\/www.huelvaysusfotografos.com\/wp-content\/uploads\/2022\/11\/2022.11.11-II-Premios-Carrete40.jpg\" alt=\"\" class=\"wp-image-12070\" srcset=\"https:\/\/www.huelvaysusfotografos.com\/wp-content\/uploads\/2022\/11\/2022.11.11-II-Premios-Carrete40.jpg 1024w, https:\/\/www.huelvaysusfotografos.com\/wp-content\/uploads\/2022\/11\/2022.11.11-II-Premios-Carrete40-300x200.jpg 300w, https:\/\/www.huelvaysusfotografos.com\/wp-content\/uploads\/2022\/11\/2022.11.11-II-Premios-Carrete40-768x512.jpg 768w\" sizes=\"auto, (max-width: 1024px) 100vw, 1024px\" \/><\/a><\/figure>\n\n\n\n<figure class=\"wp-block-image size-large\"><a href=\"https:\/\/www.huelvaysusfotografos.com\/wp-content\/uploads\/2022\/11\/2022.11.11-II-Premios-Carrete41.jpg\"><img loading=\"lazy\" decoding=\"async\" width=\"1024\" height=\"683\" data-id=\"12071\" src=\"https:\/\/www.huelvaysusfotografos.com\/wp-content\/uploads\/2022\/11\/2022.11.11-II-Premios-Carrete41.jpg\" alt=\"\" class=\"wp-image-12071\" srcset=\"https:\/\/www.huelvaysusfotografos.com\/wp-content\/uploads\/2022\/11\/2022.11.11-II-Premios-Carrete41.jpg 1024w, https:\/\/www.huelvaysusfotografos.com\/wp-content\/uploads\/2022\/11\/2022.11.11-II-Premios-Carrete41-300x200.jpg 300w, https:\/\/www.huelvaysusfotografos.com\/wp-content\/uploads\/2022\/11\/2022.11.11-II-Premios-Carrete41-768x512.jpg 768w\" sizes=\"auto, (max-width: 1024px) 100vw, 1024px\" \/><\/a><\/figure>\n\n\n\n<figure class=\"wp-block-image size-large\"><a href=\"https:\/\/www.huelvaysusfotografos.com\/wp-content\/uploads\/2022\/11\/2022.11.11-II-Premios-Carrete43.jpg\"><img loading=\"lazy\" decoding=\"async\" width=\"1024\" height=\"683\" data-id=\"12072\" src=\"https:\/\/www.huelvaysusfotografos.com\/wp-content\/uploads\/2022\/11\/2022.11.11-II-Premios-Carrete43.jpg\" alt=\"\" class=\"wp-image-12072\" srcset=\"https:\/\/www.huelvaysusfotografos.com\/wp-content\/uploads\/2022\/11\/2022.11.11-II-Premios-Carrete43.jpg 1024w, https:\/\/www.huelvaysusfotografos.com\/wp-content\/uploads\/2022\/11\/2022.11.11-II-Premios-Carrete43-300x200.jpg 300w, https:\/\/www.huelvaysusfotografos.com\/wp-content\/uploads\/2022\/11\/2022.11.11-II-Premios-Carrete43-768x512.jpg 768w\" sizes=\"auto, (max-width: 1024px) 100vw, 1024px\" \/><\/a><\/figure>\n\n\n\n<figure class=\"wp-block-image size-large\"><a href=\"https:\/\/www.huelvaysusfotografos.com\/wp-content\/uploads\/2022\/11\/2022.11.11-II-Premios-Carrete45.jpg\"><img loading=\"lazy\" decoding=\"async\" width=\"1024\" height=\"683\" data-id=\"12073\" src=\"https:\/\/www.huelvaysusfotografos.com\/wp-content\/uploads\/2022\/11\/2022.11.11-II-Premios-Carrete45.jpg\" alt=\"\" class=\"wp-image-12073\" srcset=\"https:\/\/www.huelvaysusfotografos.com\/wp-content\/uploads\/2022\/11\/2022.11.11-II-Premios-Carrete45.jpg 1024w, https:\/\/www.huelvaysusfotografos.com\/wp-content\/uploads\/2022\/11\/2022.11.11-II-Premios-Carrete45-300x200.jpg 300w, https:\/\/www.huelvaysusfotografos.com\/wp-content\/uploads\/2022\/11\/2022.11.11-II-Premios-Carrete45-768x512.jpg 768w\" sizes=\"auto, (max-width: 1024px) 100vw, 1024px\" \/><\/a><\/figure>\n\n\n\n<figure class=\"wp-block-image size-large\"><a href=\"https:\/\/www.huelvaysusfotografos.com\/wp-content\/uploads\/2022\/11\/2022.11.11-II-Premios-Carrete47.jpg\"><img loading=\"lazy\" decoding=\"async\" width=\"1024\" height=\"683\" data-id=\"12074\" src=\"https:\/\/www.huelvaysusfotografos.com\/wp-content\/uploads\/2022\/11\/2022.11.11-II-Premios-Carrete47.jpg\" alt=\"\" class=\"wp-image-12074\" srcset=\"https:\/\/www.huelvaysusfotografos.com\/wp-content\/uploads\/2022\/11\/2022.11.11-II-Premios-Carrete47.jpg 1024w, https:\/\/www.huelvaysusfotografos.com\/wp-content\/uploads\/2022\/11\/2022.11.11-II-Premios-Carrete47-300x200.jpg 300w, https:\/\/www.huelvaysusfotografos.com\/wp-content\/uploads\/2022\/11\/2022.11.11-II-Premios-Carrete47-768x512.jpg 768w\" sizes=\"auto, (max-width: 1024px) 100vw, 1024px\" \/><\/a><\/figure>\n\n\n\n<figure class=\"wp-block-image size-large\"><a href=\"https:\/\/www.huelvaysusfotografos.com\/wp-content\/uploads\/2022\/11\/2022.11.11-II-Premios-Carrete49.jpg\"><img loading=\"lazy\" decoding=\"async\" width=\"1024\" height=\"683\" data-id=\"12075\" src=\"https:\/\/www.huelvaysusfotografos.com\/wp-content\/uploads\/2022\/11\/2022.11.11-II-Premios-Carrete49.jpg\" alt=\"\" class=\"wp-image-12075\" srcset=\"https:\/\/www.huelvaysusfotografos.com\/wp-content\/uploads\/2022\/11\/2022.11.11-II-Premios-Carrete49.jpg 1024w, https:\/\/www.huelvaysusfotografos.com\/wp-content\/uploads\/2022\/11\/2022.11.11-II-Premios-Carrete49-300x200.jpg 300w, https:\/\/www.huelvaysusfotografos.com\/wp-content\/uploads\/2022\/11\/2022.11.11-II-Premios-Carrete49-768x512.jpg 768w\" sizes=\"auto, (max-width: 1024px) 100vw, 1024px\" \/><\/a><\/figure>\n\n\n\n<figure class=\"wp-block-image size-large\"><a href=\"https:\/\/www.huelvaysusfotografos.com\/wp-content\/uploads\/2022\/11\/2022.11.11-II-Premios-Carrete50.jpg\"><img loading=\"lazy\" decoding=\"async\" width=\"1024\" height=\"683\" data-id=\"12076\" src=\"https:\/\/www.huelvaysusfotografos.com\/wp-content\/uploads\/2022\/11\/2022.11.11-II-Premios-Carrete50.jpg\" alt=\"\" class=\"wp-image-12076\" srcset=\"https:\/\/www.huelvaysusfotografos.com\/wp-content\/uploads\/2022\/11\/2022.11.11-II-Premios-Carrete50.jpg 1024w, https:\/\/www.huelvaysusfotografos.com\/wp-content\/uploads\/2022\/11\/2022.11.11-II-Premios-Carrete50-300x200.jpg 300w, https:\/\/www.huelvaysusfotografos.com\/wp-content\/uploads\/2022\/11\/2022.11.11-II-Premios-Carrete50-768x512.jpg 768w\" sizes=\"auto, (max-width: 1024px) 100vw, 1024px\" \/><\/a><\/figure>\n\n\n\n<figure class=\"wp-block-image size-large\"><a href=\"https:\/\/www.huelvaysusfotografos.com\/wp-content\/uploads\/2022\/11\/2022.11.11-II-Premios-Carrete52.jpg\"><img loading=\"lazy\" decoding=\"async\" width=\"1024\" height=\"683\" data-id=\"12077\" src=\"https:\/\/www.huelvaysusfotografos.com\/wp-content\/uploads\/2022\/11\/2022.11.11-II-Premios-Carrete52.jpg\" alt=\"\" class=\"wp-image-12077\" srcset=\"https:\/\/www.huelvaysusfotografos.com\/wp-content\/uploads\/2022\/11\/2022.11.11-II-Premios-Carrete52.jpg 1024w, https:\/\/www.huelvaysusfotografos.com\/wp-content\/uploads\/2022\/11\/2022.11.11-II-Premios-Carrete52-300x200.jpg 300w, https:\/\/www.huelvaysusfotografos.com\/wp-content\/uploads\/2022\/11\/2022.11.11-II-Premios-Carrete52-768x512.jpg 768w\" sizes=\"auto, (max-width: 1024px) 100vw, 1024px\" \/><\/a><\/figure>\n\n\n\n<figure class=\"wp-block-image size-large\"><a href=\"https:\/\/www.huelvaysusfotografos.com\/wp-content\/uploads\/2022\/11\/2022.11.11-II-Premios-Carrete53.jpg\"><img loading=\"lazy\" decoding=\"async\" width=\"1024\" height=\"683\" data-id=\"12078\" src=\"https:\/\/www.huelvaysusfotografos.com\/wp-content\/uploads\/2022\/11\/2022.11.11-II-Premios-Carrete53.jpg\" alt=\"\" class=\"wp-image-12078\" srcset=\"https:\/\/www.huelvaysusfotografos.com\/wp-content\/uploads\/2022\/11\/2022.11.11-II-Premios-Carrete53.jpg 1024w, https:\/\/www.huelvaysusfotografos.com\/wp-content\/uploads\/2022\/11\/2022.11.11-II-Premios-Carrete53-300x200.jpg 300w, https:\/\/www.huelvaysusfotografos.com\/wp-content\/uploads\/2022\/11\/2022.11.11-II-Premios-Carrete53-768x512.jpg 768w\" sizes=\"auto, (max-width: 1024px) 100vw, 1024px\" \/><\/a><\/figure>\n\n\n\n<figure class=\"wp-block-image size-large\"><a href=\"https:\/\/www.huelvaysusfotografos.com\/wp-content\/uploads\/2022\/11\/2022.11.11-II-Premios-Carrete54.jpg\"><img loading=\"lazy\" decoding=\"async\" width=\"1024\" height=\"683\" data-id=\"12079\" src=\"https:\/\/www.huelvaysusfotografos.com\/wp-content\/uploads\/2022\/11\/2022.11.11-II-Premios-Carrete54.jpg\" alt=\"\" class=\"wp-image-12079\" srcset=\"https:\/\/www.huelvaysusfotografos.com\/wp-content\/uploads\/2022\/11\/2022.11.11-II-Premios-Carrete54.jpg 1024w, https:\/\/www.huelvaysusfotografos.com\/wp-content\/uploads\/2022\/11\/2022.11.11-II-Premios-Carrete54-300x200.jpg 300w, https:\/\/www.huelvaysusfotografos.com\/wp-content\/uploads\/2022\/11\/2022.11.11-II-Premios-Carrete54-768x512.jpg 768w\" sizes=\"auto, (max-width: 1024px) 100vw, 1024px\" \/><\/a><\/figure>\n\n\n\n<figure class=\"wp-block-image size-large\"><a href=\"https:\/\/www.huelvaysusfotografos.com\/wp-content\/uploads\/2022\/11\/2022.11.11-II-Premios-Carrete56-1.jpg\"><img loading=\"lazy\" decoding=\"async\" width=\"1024\" height=\"682\" data-id=\"12080\" src=\"https:\/\/www.huelvaysusfotografos.com\/wp-content\/uploads\/2022\/11\/2022.11.11-II-Premios-Carrete56-1-1024x682.jpg\" alt=\"\" class=\"wp-image-12080\" srcset=\"https:\/\/www.huelvaysusfotografos.com\/wp-content\/uploads\/2022\/11\/2022.11.11-II-Premios-Carrete56-1-1024x682.jpg 1024w, https:\/\/www.huelvaysusfotografos.com\/wp-content\/uploads\/2022\/11\/2022.11.11-II-Premios-Carrete56-1-300x200.jpg 300w, https:\/\/www.huelvaysusfotografos.com\/wp-content\/uploads\/2022\/11\/2022.11.11-II-Premios-Carrete56-1-768x512.jpg 768w, https:\/\/www.huelvaysusfotografos.com\/wp-content\/uploads\/2022\/11\/2022.11.11-II-Premios-Carrete56-1.jpg 1280w\" sizes=\"auto, (max-width: 1024px) 100vw, 1024px\" \/><\/a><\/figure>\n\n\n\n<figure class=\"wp-block-image size-large\"><a href=\"https:\/\/www.huelvaysusfotografos.com\/wp-content\/uploads\/2022\/11\/2022.11.11-II-Premios-Carrete57.jpg\"><img loading=\"lazy\" decoding=\"async\" width=\"1024\" height=\"683\" data-id=\"12081\" src=\"https:\/\/www.huelvaysusfotografos.com\/wp-content\/uploads\/2022\/11\/2022.11.11-II-Premios-Carrete57.jpg\" alt=\"\" class=\"wp-image-12081\" srcset=\"https:\/\/www.huelvaysusfotografos.com\/wp-content\/uploads\/2022\/11\/2022.11.11-II-Premios-Carrete57.jpg 1024w, https:\/\/www.huelvaysusfotografos.com\/wp-content\/uploads\/2022\/11\/2022.11.11-II-Premios-Carrete57-300x200.jpg 300w, https:\/\/www.huelvaysusfotografos.com\/wp-content\/uploads\/2022\/11\/2022.11.11-II-Premios-Carrete57-768x512.jpg 768w\" sizes=\"auto, (max-width: 1024px) 100vw, 1024px\" \/><\/a><\/figure>\n\n\n\n<figure class=\"wp-block-image size-large\"><a href=\"https:\/\/www.huelvaysusfotografos.com\/wp-content\/uploads\/2022\/11\/2022.11.11-II-Premios-Carrete59-1.jpg\"><img loading=\"lazy\" decoding=\"async\" width=\"1024\" height=\"682\" data-id=\"12082\" src=\"https:\/\/www.huelvaysusfotografos.com\/wp-content\/uploads\/2022\/11\/2022.11.11-II-Premios-Carrete59-1-1024x682.jpg\" alt=\"\" class=\"wp-image-12082\" srcset=\"https:\/\/www.huelvaysusfotografos.com\/wp-content\/uploads\/2022\/11\/2022.11.11-II-Premios-Carrete59-1-1024x682.jpg 1024w, https:\/\/www.huelvaysusfotografos.com\/wp-content\/uploads\/2022\/11\/2022.11.11-II-Premios-Carrete59-1-300x200.jpg 300w, https:\/\/www.huelvaysusfotografos.com\/wp-content\/uploads\/2022\/11\/2022.11.11-II-Premios-Carrete59-1-768x512.jpg 768w, https:\/\/www.huelvaysusfotografos.com\/wp-content\/uploads\/2022\/11\/2022.11.11-II-Premios-Carrete59-1.jpg 1280w\" sizes=\"auto, (max-width: 1024px) 100vw, 1024px\" \/><\/a><\/figure>\n\n\n\n<figure class=\"wp-block-image size-large\"><a href=\"https:\/\/www.huelvaysusfotografos.com\/wp-content\/uploads\/2022\/11\/2022.11.11-II-Premios-Carrete60.jpg\"><img loading=\"lazy\" decoding=\"async\" width=\"1024\" height=\"683\" data-id=\"12083\" src=\"https:\/\/www.huelvaysusfotografos.com\/wp-content\/uploads\/2022\/11\/2022.11.11-II-Premios-Carrete60.jpg\" alt=\"\" class=\"wp-image-12083\" srcset=\"https:\/\/www.huelvaysusfotografos.com\/wp-content\/uploads\/2022\/11\/2022.11.11-II-Premios-Carrete60.jpg 1024w, https:\/\/www.huelvaysusfotografos.com\/wp-content\/uploads\/2022\/11\/2022.11.11-II-Premios-Carrete60-300x200.jpg 300w, https:\/\/www.huelvaysusfotografos.com\/wp-content\/uploads\/2022\/11\/2022.11.11-II-Premios-Carrete60-768x512.jpg 768w\" sizes=\"auto, (max-width: 1024px) 100vw, 1024px\" \/><\/a><\/figure>\n\n\n\n<figure class=\"wp-block-image size-large\"><a href=\"https:\/\/www.huelvaysusfotografos.com\/wp-content\/uploads\/2022\/11\/2022.11.11-II-Premios-Carrete61.jpg\"><img loading=\"lazy\" decoding=\"async\" width=\"1024\" height=\"683\" data-id=\"12084\" src=\"https:\/\/www.huelvaysusfotografos.com\/wp-content\/uploads\/2022\/11\/2022.11.11-II-Premios-Carrete61.jpg\" alt=\"\" class=\"wp-image-12084\" srcset=\"https:\/\/www.huelvaysusfotografos.com\/wp-content\/uploads\/2022\/11\/2022.11.11-II-Premios-Carrete61.jpg 1024w, https:\/\/www.huelvaysusfotografos.com\/wp-content\/uploads\/2022\/11\/2022.11.11-II-Premios-Carrete61-300x200.jpg 300w, https:\/\/www.huelvaysusfotografos.com\/wp-content\/uploads\/2022\/11\/2022.11.11-II-Premios-Carrete61-768x512.jpg 768w\" sizes=\"auto, (max-width: 1024px) 100vw, 1024px\" \/><\/a><\/figure>\n<\/figure>\n","protected":false},"excerpt":{"rendered":"<p>La Asociaci\u00f3n Huelva y sus Fot\u00f3grafos hac\u00edan entrega en la noche del viernes 11 de noviembre de sus II Premios Carrete, la Unidad de Oncolog\u00eda del Hospital Universitario Juan Ram\u00f3n Jim\u00e9nez, Ferronol l\u00edder en Servicios, Fundaci\u00f3n Caja Rural del Sur, Obra Social Hermandad del Calvario y Associa\u00e7\u00e3o e Nucleo de Amigos Fotografos do Algarve &#8211; A|NAFA, eran los destinatarios de estos premios. Un nutrido grupo de socios, premiados e invitados<\/p>\n<div class=\"belowpost\"><a class=\"btnmore\" href=\"https:\/\/www.huelvaysusfotografos.com\/?p=12043\">Seguir leyendo<\/a><\/div>\n","protected":false},"author":8279,"featured_media":12044,"comment_status":"open","ping_status":"open","sticky":false,"template":"","format":"standard","meta":{"footnotes":"","_links_to":"","_links_to_target":""},"categories":[204],"tags":[],"class_list":["post-12043","post","type-post","status-publish","format-standard","has-post-thumbnail","hentry","category-gala-xi-aniversario"],"_links":{"self":[{"href":"https:\/\/www.huelvaysusfotografos.com\/index.php?rest_route=\/wp\/v2\/posts\/12043","targetHints":{"allow":["GET"]}}],"collection":[{"href":"https:\/\/www.huelvaysusfotografos.com\/index.php?rest_route=\/wp\/v2\/posts"}],"about":[{"href":"https:\/\/www.huelvaysusfotografos.com\/index.php?rest_route=\/wp\/v2\/types\/post"}],"author":[{"embeddable":true,"href":"https:\/\/www.huelvaysusfotografos.com\/index.php?rest_route=\/wp\/v2\/users\/8279"}],"replies":[{"embeddable":true,"href":"https:\/\/www.huelvaysusfotografos.com\/index.php?rest_route=%2Fwp%2Fv2%2Fcomments&post=12043"}],"version-history":[{"count":2,"href":"https:\/\/www.huelvaysusfotografos.com\/index.php?rest_route=\/wp\/v2\/posts\/12043\/revisions"}],"predecessor-version":[{"id":12086,"href":"https:\/\/www.huelvaysusfotografos.com\/index.php?rest_route=\/wp\/v2\/posts\/12043\/revisions\/12086"}],"wp:featuredmedia":[{"embeddable":true,"href":"https:\/\/www.huelvaysusfotografos.com\/index.php?rest_route=\/wp\/v2\/media\/12044"}],"wp:attachment":[{"href":"https:\/\/www.huelvaysusfotografos.com\/index.php?rest_route=%2Fwp%2Fv2%2Fmedia&parent=12043"}],"wp:term":[{"taxonomy":"category","embeddable":true,"href":"https:\/\/www.huelvaysusfotografos.com\/index.php?rest_route=%2Fwp%2Fv2%2Fcategories&post=12043"},{"taxonomy":"post_tag","embeddable":true,"href":"https:\/\/www.huelvaysusfotografos.com\/index.php?rest_route=%2Fwp%2Fv2%2Ftags&post=12043"}],"curies":[{"name":"wp","href":"https:\/\/api.w.org\/{rel}","templated":true}]}}