{"id":12031,"date":"2022-11-03T19:34:30","date_gmt":"2022-11-03T18:34:30","guid":{"rendered":"https:\/\/www.huelvaysusfotografos.com\/?p=12031"},"modified":"2022-11-03T19:34:31","modified_gmt":"2022-11-03T18:34:31","slug":"curso-iniciacion-a-los-conceptos-basicos-de-lightroom-clasic-v-12","status":"publish","type":"post","link":"https:\/\/www.huelvaysusfotografos.com\/?p=12031","title":{"rendered":"Curso INICIACI\u00d3N A LOS CONCEPTOS B\u00c1SICOS DE LIGHTROOM CLASIC V.12"},"content":{"rendered":"\n<p>Ponemos en Marcha\u00a0el curso de Iniciaci\u00f3n a Lightroom<\/p>\n\n\n\n<p>Se&nbsp; impartir\u00e1 los&nbsp; <strong>viernes &nbsp;18 y 25&nbsp; de Noviembre y el 2 de Diciembre<\/strong> en horario de <strong>18.00 a 21.00 horas<\/strong><\/p>\n\n\n\n<p>El lugar ser\u00e1 el <strong>Centro Municipal de\u00a0 Los Rosales, sito en Plaza los Galeotes, 21007 Huelva<\/strong>.<\/p>\n\n\n\n<p>Imparte el Curso <strong>C\u00e9sar Gil Monta\u00f1\u00e9s<\/strong><\/p>\n\n\n\n<p><strong>El curso que comprender\u00e1 tres d\u00edas en los viernes ya rese\u00f1ados tendr\u00e1 un coste para los socios que deseen hacerlo de 15.00 euros.\u00a0\u00a0 <\/strong><\/p>\n\n\n\n<p><strong>El\u00a0 importe del curso para los No Socios que deseen apuntarse ser\u00e1 de 30.00 euros.<\/strong><\/p>\n\n\n\n<p><strong>El importe del curso ser\u00e1 abonado en la cuenta de la Asociaci\u00f3n&nbsp; &nbsp;ES65 3187 0001 72 3122766417, antes del d\u00eda 16 de noviembre.<\/strong><\/p>\n\n\n\n<p><strong>Indicar en el ingreso, Nombre del interesado y concepto Curso Lightroom.<\/strong><\/p>\n\n\n\n<p><strong>Las plazas son limitadas a 12 alumnos, os esperamos.\u00a0 Ya pod\u00e9is apuntaros.<br><\/strong><\/p>\n\n\n\n<p><strong>Estas son las tem\u00e1ticas que se dar\u00e1n cada d\u00eda del curso<\/strong><\/p>\n\n\n\n<p><strong>Viernes 18 de Noviembre de 2022<\/strong><\/p>\n\n\n\n<ul class=\"wp-block-list\"><li>C\u00f3mo funciona Lr<\/li><li>Cat\u00e1logos: conceptos b\u00e1sicos<ul><li>Como crearlo<\/li><\/ul><ul><li>Fusionar, importar, exportar cat\u00e1logos, copia de seguridad<\/li><\/ul><\/li><li>M\u00f3dulos General<ul><li>M\u00f3dulo Biblioteca (el m\u00e1s importante de Lr)<ul><li>Importaci\u00f3n \/exportaci\u00f3n: conceptos<\/li><\/ul><ul><li>Ejemplo de flujo de trabajo completo de sesi\u00f3n fotogr\u00e1fica: (1\u00aaparte)<ul><li>Copia\/importaci\u00f3n de tarjeta<\/li><\/ul><ul><li>Vistas previas<\/li><\/ul><ul><li>Creaci\u00f3n de la organizaci\u00f3n en disco<ul><li>Palabras clave<\/li><\/ul><ul><li>Clasificaci\u00f3n, Apilamientos, copias virtuales,<\/li><\/ul><ul><li>\u2026\u2026..(procesado)<\/li><\/ul><\/li><\/ul><\/li><\/ul><\/li><\/ul><\/li><\/ul>\n\n\n\n<ul class=\"wp-block-list\"><li>Tiempo sobrante dialogo abierto de dudas generales (t\u00e9cnica fotogr\u00e1fica, software fotogr\u00e1fico, equipos, etc\u2026)<\/li><\/ul>\n\n\n\n<p><strong>Viernes 25 de Noviembre<\/strong><\/p>\n\n\n\n<ul class=\"wp-block-list\"><li>Repaso r\u00e1pido de contenidos 1\u00ba d\u00eda<\/li><li>M\u00f3dulo Biblioteca<ul><li>&nbsp;Ejemplo de flujo de trabajo completo de sesi\u00f3n fotogr\u00e1fica: (2\u00aaparte)<ul><li>\u2026\u2026..(procesado)<\/li><\/ul><ul><li>Exportaci\u00f3n (creaci\u00f3n de archivo desde Raw procesado)<\/li><\/ul><ul><li>Tipo de archivo, tama\u00f1o, perfil de color<\/li><\/ul><ul><li>Ubicaci\u00f3n nuevos archivos<\/li><\/ul><\/li><\/ul><\/li><\/ul>\n\n\n\n<p>(re-importaci\u00f3n)<\/p>\n\n\n\n<ul class=\"wp-block-list\"><li>Filtros de biblioteca<\/li><\/ul>\n\n\n\n<ul class=\"wp-block-list\"><li>Tiempo sobrante dialogo abierto de dudas generales (t\u00e9cnica fotogr\u00e1fica, software fotogr\u00e1fico, equipos, etc\u2026)<\/li><\/ul>\n\n\n\n<p><strong>Viernes 2 de Diciembre<\/strong><\/p>\n\n\n\n<ul class=\"wp-block-list\"><li>Repaso r\u00e1pido de contenidos 2\u00ba d\u00eda<\/li><li>M\u00f3dulo Revelado:<ul><li>Ajustes b\u00e1sicos<\/li><\/ul><ul><li>M\u00e1scaras (nuevo en v.12)<\/li><\/ul><ul><li>Presets<ul><li>Creaci\u00f3n de presets<\/li><\/ul><ul><li>Importaci\u00f3n<\/li><\/ul><\/li><\/ul><ul><li>Sincronizaci\u00f3n autom\u00e1tica<\/li><\/ul><ul><li>HDR\/PANOS\/<\/li><\/ul><\/li><\/ul>\n\n\n\n<ul class=\"wp-block-list\"><li>Tiempo sobrante dialogo abierto de dudas generales (t\u00e9cnica fotogr\u00e1fica, software fotogr\u00e1fico, equipos, etc\u2026)<\/li><\/ul>\n\n\n\n<p>Se pretende que los asistentes tengan una noci\u00f3n clara de como funciona internamente el programa, conocer y tener un flujo de trabajo correcto (por lo menos evitar grandes errores), y entender los cat\u00e1logos y como gestionarlos. A partir de esos conceptos, el alumno\/a asistente podr\u00e1 ya profundizar por su cuenta y conocer todas las posibilidades del programa.<\/p>\n\n\n\n<figure class=\"wp-block-image size-full\"><a href=\"https:\/\/www.huelvaysusfotografos.com\/wp-content\/uploads\/2022\/11\/CURSO-INICIACION-LIGHTROOM-cartel-1.jpg\"><img loading=\"lazy\" decoding=\"async\" width=\"659\" height=\"395\" src=\"https:\/\/www.huelvaysusfotografos.com\/wp-content\/uploads\/2022\/11\/CURSO-INICIACION-LIGHTROOM-cartel-1.jpg\" alt=\"\" class=\"wp-image-12033\" srcset=\"https:\/\/www.huelvaysusfotografos.com\/wp-content\/uploads\/2022\/11\/CURSO-INICIACION-LIGHTROOM-cartel-1.jpg 659w, https:\/\/www.huelvaysusfotografos.com\/wp-content\/uploads\/2022\/11\/CURSO-INICIACION-LIGHTROOM-cartel-1-300x180.jpg 300w\" sizes=\"auto, (max-width: 659px) 100vw, 659px\" \/><\/a><\/figure>\n","protected":false},"excerpt":{"rendered":"<p>Ponemos en Marcha\u00a0el curso de Iniciaci\u00f3n a Lightroom Se&nbsp; impartir\u00e1 los&nbsp; viernes &nbsp;18 y 25&nbsp; de Noviembre y el 2 de Diciembre en horario de 18.00 a 21.00 horas El lugar ser\u00e1 el Centro Municipal de\u00a0 Los Rosales, sito en Plaza los Galeotes, 21007 Huelva. Imparte el Curso C\u00e9sar Gil Monta\u00f1\u00e9s El curso que comprender\u00e1 tres d\u00edas en los viernes ya rese\u00f1ados tendr\u00e1 un coste para los socios que deseen<\/p>\n<div class=\"belowpost\"><a class=\"btnmore\" href=\"https:\/\/www.huelvaysusfotografos.com\/?p=12031\">Seguir leyendo<\/a><\/div>\n","protected":false},"author":8279,"featured_media":12032,"comment_status":"open","ping_status":"open","sticky":false,"template":"","format":"standard","meta":{"footnotes":"","_links_to":"","_links_to_target":""},"categories":[14],"tags":[],"class_list":["post-12031","post","type-post","status-publish","format-standard","has-post-thumbnail","hentry","category-cursos"],"_links":{"self":[{"href":"https:\/\/www.huelvaysusfotografos.com\/index.php?rest_route=\/wp\/v2\/posts\/12031","targetHints":{"allow":["GET"]}}],"collection":[{"href":"https:\/\/www.huelvaysusfotografos.com\/index.php?rest_route=\/wp\/v2\/posts"}],"about":[{"href":"https:\/\/www.huelvaysusfotografos.com\/index.php?rest_route=\/wp\/v2\/types\/post"}],"author":[{"embeddable":true,"href":"https:\/\/www.huelvaysusfotografos.com\/index.php?rest_route=\/wp\/v2\/users\/8279"}],"replies":[{"embeddable":true,"href":"https:\/\/www.huelvaysusfotografos.com\/index.php?rest_route=%2Fwp%2Fv2%2Fcomments&post=12031"}],"version-history":[{"count":1,"href":"https:\/\/www.huelvaysusfotografos.com\/index.php?rest_route=\/wp\/v2\/posts\/12031\/revisions"}],"predecessor-version":[{"id":12034,"href":"https:\/\/www.huelvaysusfotografos.com\/index.php?rest_route=\/wp\/v2\/posts\/12031\/revisions\/12034"}],"wp:featuredmedia":[{"embeddable":true,"href":"https:\/\/www.huelvaysusfotografos.com\/index.php?rest_route=\/wp\/v2\/media\/12032"}],"wp:attachment":[{"href":"https:\/\/www.huelvaysusfotografos.com\/index.php?rest_route=%2Fwp%2Fv2%2Fmedia&parent=12031"}],"wp:term":[{"taxonomy":"category","embeddable":true,"href":"https:\/\/www.huelvaysusfotografos.com\/index.php?rest_route=%2Fwp%2Fv2%2Fcategories&post=12031"},{"taxonomy":"post_tag","embeddable":true,"href":"https:\/\/www.huelvaysusfotografos.com\/index.php?rest_route=%2Fwp%2Fv2%2Ftags&post=12031"}],"curies":[{"name":"wp","href":"https:\/\/api.w.org\/{rel}","templated":true}]}}