{"id":12015,"date":"2022-10-09T19:49:47","date_gmt":"2022-10-09T17:49:47","guid":{"rendered":"https:\/\/www.huelvaysusfotografos.com\/?p=12015"},"modified":"2022-10-09T19:49:49","modified_gmt":"2022-10-09T17:49:49","slug":"maria-vallez-pondra-la-nota-musical-en-los-ii-premios-carrete","status":"publish","type":"post","link":"https:\/\/www.huelvaysusfotografos.com\/?p=12015","title":{"rendered":"Mar\u00eda Vallez pondr\u00e1 la nota musical en los II premios Carrete."},"content":{"rendered":"\n<p>La gala de los II premios Carrete contar\u00e1 con la actuaci\u00f3n en directo de <strong>Mar\u00eda Vallez<\/strong>, acompa\u00f1ada por el guitarrista <strong>Diego Vallez.<\/strong><\/p>\n\n\n\n<p><strong>Mar\u00eda Vallez Hurtado, <\/strong>Nace en Beas (Huelva), el 15 del 10 de 2001.<\/p>\n\n\n\n<p>El gusto por el flamenco lo hereda de o\u00edr a su madre cantaora, que le cantaba desde ni\u00f1a y la apoya en los concursos a los que se presenta.<\/p>\n\n\n\n<p>Desde muy peque\u00f1a (10 a\u00f1os), se inicia en el flamenco con el apoyo de sus padres, que la acompa\u00f1an y aconsejan hasta ver la necesidad de obtener formaci\u00f3n adicional, por lo que la inscriben en la Escuela de Cante de Antonio Rodr\u00edguez \u00abJaraque\u00f1o\u00bb, en la que sigue actualmente y a trav\u00e9s de la que se ha ido presentando a diversos Concursos de Fandangos,&nbsp; y Cante en los que&nbsp;<strong>ha obtenido hasta un total de 12 premios<\/strong>.<\/p>\n\n\n\n<p>Le apasiona el cante, pero quiere tener un plan alternativo, para ello cursa estudios de Bachillerato que le permitan acceder a una profesi\u00f3n en el futuro, que le apasiona, adem\u00e1s del cante.<\/p>\n\n\n\n<p>Entre sus aficiones se encuentra la H\u00edpica, que practica habitualmente.<\/p>\n\n\n\n<p>Elegida Romera Mayor 2018 en la Romer\u00eda de Clarines, Huelva.<\/p>\n\n\n\n<p>En sus aspiraciones se encuentra el poder llegar a concursar en el Concurso de Cante las Minas de La Uni\u00f3n, donde han pasado muchas grandes figuras del flamenco.<\/p>\n\n\n\n<p><strong>Actualmente Cursa estudios de flamenco en la escuela de Cante de Antonio Rodr\u00edguez \u00abJaraque\u00f1o\u00bb<\/strong>.<\/p>\n\n\n\n<p>Ha actuado en Pe\u00f1as Flamencas y participado en diversos Festivales como el 38 Certamen Nacional de Flamenco Noches de Bajo Gu\u00eda y otros<\/p>\n\n\n\n<p><strong><u>PREMIOS<\/u><\/strong><\/p>\n\n\n\n<p><strong><u>2019<\/u><\/strong><\/p>\n\n\n\n<p><strong>3\u00ba Premio&nbsp;<\/strong>IV Certamen Ciudad de El Puerto &#8211; El Puerto de Santa Mar\u00eda 13.07.19<br><strong>2\u00ba Premio&nbsp;<\/strong>XXVIII Concurso Pe\u00f1a Flamenca Mazaco Coria del R\u00edo 02.06.19<br><strong>2\u00ba Premio<\/strong>&nbsp;V Concurso Nacional de Arte Flamenco Col\u00f3n Flamenco de Huelva 24.05.19<\/p>\n\n\n\n<p><strong><u>2018<\/u><\/strong><\/p>\n\n\n\n<p><strong>1\u00ba Premio Joven<\/strong>&nbsp;Villa de Candeleda &#8211; \u00c1vila<\/p>\n\n\n\n<p><strong>2\u00ba Premio<\/strong>&nbsp;IV Concurso Col\u00f3n de Oro de Huelva<\/p>\n\n\n\n<p><strong>2\u00ba Premio<\/strong>&nbsp;J\u00f3venes XXXIV Concurso&nbsp; Ni\u00f1o del Museo de Adamuz (C\u00f3rdoba)<\/p>\n\n\n\n<p><strong>3\u00ba Premio<\/strong>&nbsp;Especial Mejor Cantaor Joven menor de 23 a\u00f1os XXX Conc. Juan Casillas Antequera&nbsp;<\/p>\n\n\n\n<p><strong>4\u00ba Premio<\/strong>&nbsp;V Concurso Cante para J\u00f3venes Paca Aguilera de Ronda 01.12.18<\/p>\n\n\n\n<figure class=\"wp-block-embed is-type-video is-provider-youtube wp-block-embed-youtube wp-embed-aspect-16-9 wp-has-aspect-ratio\"><div class=\"wp-block-embed__wrapper\">\n<iframe loading=\"lazy\" title=\"\u30d5\u30e9\u30e1\u30f3\u30b3 Maria Vallez  y Antonio del Carmen SOLEA XXXV Concurso Nacional Cante Flamenco Carmona 2018\" width=\"680\" height=\"383\" src=\"https:\/\/www.youtube.com\/embed\/38B6mUJtavE?feature=oembed\" frameborder=\"0\" allow=\"accelerometer; autoplay; clipboard-write; encrypted-media; gyroscope; picture-in-picture; web-share\" referrerpolicy=\"strict-origin-when-cross-origin\" allowfullscreen><\/iframe>\n<\/div><figcaption>Actuaci\u00f3n de la cantaora Maria Vallez Hurtado de Beas Huelva, acompa\u00f1ada a la guitarra por Antonio del Carmen, en la fase de selecci\u00f3n del XXXV Concurso Nacional de Cante Flamenco \u00abCiudad de Carmona\u00bb.<\/figcaption><\/figure>\n","protected":false},"excerpt":{"rendered":"<p>La gala de los II premios Carrete contar\u00e1 con la actuaci\u00f3n en directo de Mar\u00eda Vallez, acompa\u00f1ada por el guitarrista Diego Vallez. Mar\u00eda Vallez Hurtado, Nace en Beas (Huelva), el 15 del 10 de 2001. El gusto por el flamenco lo hereda de o\u00edr a su madre cantaora, que le cantaba desde ni\u00f1a y la apoya en los concursos a los que se presenta. Desde muy peque\u00f1a (10 a\u00f1os), se<\/p>\n<div class=\"belowpost\"><a class=\"btnmore\" href=\"https:\/\/www.huelvaysusfotografos.com\/?p=12015\">Seguir leyendo<\/a><\/div>\n","protected":false},"author":8279,"featured_media":12016,"comment_status":"open","ping_status":"open","sticky":false,"template":"","format":"standard","meta":{"footnotes":"","_links_to":"","_links_to_target":""},"categories":[204],"tags":[],"class_list":["post-12015","post","type-post","status-publish","format-standard","has-post-thumbnail","hentry","category-gala-xi-aniversario"],"_links":{"self":[{"href":"https:\/\/www.huelvaysusfotografos.com\/index.php?rest_route=\/wp\/v2\/posts\/12015","targetHints":{"allow":["GET"]}}],"collection":[{"href":"https:\/\/www.huelvaysusfotografos.com\/index.php?rest_route=\/wp\/v2\/posts"}],"about":[{"href":"https:\/\/www.huelvaysusfotografos.com\/index.php?rest_route=\/wp\/v2\/types\/post"}],"author":[{"embeddable":true,"href":"https:\/\/www.huelvaysusfotografos.com\/index.php?rest_route=\/wp\/v2\/users\/8279"}],"replies":[{"embeddable":true,"href":"https:\/\/www.huelvaysusfotografos.com\/index.php?rest_route=%2Fwp%2Fv2%2Fcomments&post=12015"}],"version-history":[{"count":1,"href":"https:\/\/www.huelvaysusfotografos.com\/index.php?rest_route=\/wp\/v2\/posts\/12015\/revisions"}],"predecessor-version":[{"id":12017,"href":"https:\/\/www.huelvaysusfotografos.com\/index.php?rest_route=\/wp\/v2\/posts\/12015\/revisions\/12017"}],"wp:featuredmedia":[{"embeddable":true,"href":"https:\/\/www.huelvaysusfotografos.com\/index.php?rest_route=\/wp\/v2\/media\/12016"}],"wp:attachment":[{"href":"https:\/\/www.huelvaysusfotografos.com\/index.php?rest_route=%2Fwp%2Fv2%2Fmedia&parent=12015"}],"wp:term":[{"taxonomy":"category","embeddable":true,"href":"https:\/\/www.huelvaysusfotografos.com\/index.php?rest_route=%2Fwp%2Fv2%2Fcategories&post=12015"},{"taxonomy":"post_tag","embeddable":true,"href":"https:\/\/www.huelvaysusfotografos.com\/index.php?rest_route=%2Fwp%2Fv2%2Ftags&post=12015"}],"curies":[{"name":"wp","href":"https:\/\/api.w.org\/{rel}","templated":true}]}}