{"id":11997,"date":"2022-10-07T14:28:38","date_gmt":"2022-10-07T12:28:38","guid":{"rendered":"https:\/\/www.huelvaysusfotografos.com\/?p=11997"},"modified":"2022-10-07T15:18:40","modified_gmt":"2022-10-07T13:18:40","slug":"el-agua-y-el-puerto-protagonistas-de-la-exposicion-de-la-asociacion-huelva-y-sus-fotografos-en-cartaya","status":"publish","type":"post","link":"https:\/\/www.huelvaysusfotografos.com\/?p=11997","title":{"rendered":"\u2018El agua y el Puerto\u2019, protagonistas de la exposici\u00f3n de la Asociaci\u00f3n \u2018Huelva y sus Fot\u00f3grafos\u2019 en Cartaya"},"content":{"rendered":"\n<p><strong><em>La muestra, que permanecer\u00e1 en el hall del Centro Cultural hasta el d\u00eda 21 de octubre, ofrece a cartayeros y visitantes \u201cla oportunidad de disfrutar de la obra de este grupo de artistas que han captado con sus c\u00e1maras la esencia de un lugar tan emblem\u00e1tico como el Puerto de Huelva y la importancia del agua en nuestras vidas y como motor de desarrollo econ\u00f3mico de nuestra provincia\u201d. La alcaldesa, Pepa Gonz\u00e1lez Bayo, y la concejala de Cultura, Mar\u00eda Dolores Carro, animan a la ciudadan\u00eda a visitar esta muestra itinerante, que abre la intensa programaci\u00f3n cultural de oto\u00f1o en la localidad.<\/em><\/strong><\/p>\n\n\n\n<p>El Hall del <strong>Centro Cultural de la Villa<\/strong> acoge durante ese mes de octubre la\u00a0 primera exposici\u00f3n de la programaci\u00f3n cultural del Oto\u00f1o en la localidad, del total de cuatro que podr\u00e1n disfrutar los cartayeros y cartayeras en lo que queda de a\u00f1o. La integran un total de cuarenta im\u00e1genes en torno al agua, la r\u00eda y el Puerto de Huelva que ponen en valor el patrimonio cultural onubense a trav\u00e9s del arte de la fotograf\u00eda y que son obra de 26 fot\u00f3grafos de la provincia que forman parte de la Asociaci\u00f3n <strong>\u201cHuelva y sus fot\u00f3grafos\u201d<\/strong>, que data oficialmente desde 2012, aunque comenzaron su andadura en 2008 .<\/p>\n\n\n\n<p>Son todas ellas <em>\u201cobras art\u00edsticas que consiguen transmitirnos la esencia de momentos y lugares que sin duda hemos visto muchas veces, por la importancia que tiene el agua en nuestras vidas y en el desarrollo de nuestra provincia, pero que s\u00f3lo estos artistas de la fotograf\u00eda son capaces de reflejar con tanta nitidez\u201d.<\/em><\/p>\n\n\n\n<p>As\u00ed lo ha destacado la alcaldesa, <strong>Pepa Gonz\u00e1lez Bayo<\/strong>, en la inauguraci\u00f3n de la exposici\u00f3n, a la que tambi\u00e9n asistieron la concejala de Cultura, <strong>Mar\u00eda Dolores Carro<\/strong>, que anim\u00f3 a cartayeros y visitantes \u201ca venir al centro cultural a disfrutar de estas magn\u00edficas im\u00e1genes\u201d; el presidente de la Asociaci\u00f3n, <strong>Jos\u00e9 Luis Arizmendi<\/strong>, que agradeci\u00f3 \u201cla excelente acogida que nos ha brindado el Ayuntamiento\u201d, y la artista local Ana Mar\u00eda C\u00e1liz, que participa en la muestra y que deleit\u00f3 al p\u00fablico con el poema \u2018La Fascinaci\u00f3n de la Magia\u2019, en el que refleja la fusi\u00f3n que esta exposici\u00f3n muestra entre el paisaje fotografiado, el fot\u00f3grafo y su c\u00e1mara.<\/p>\n\n\n\n<p>En esta l\u00ednea, el presidente del colectivo de autores se\u00f1al\u00f3 que <em>\u201clo que hemos querido recoger en esta exposici\u00f3n es c\u00f3mo el agua y el puerto son capaces de unir dos sinergias, tanto en la ciudad como en los puertos de la provincia, para que sea un punto y un nexo de uni\u00f3n de nuestra cultura, nuestra econom\u00eda y nuestro bienestar\u201d.<\/em><\/p>\n\n\n\n<p>Finalmente, las responsables municipales destacaron la posibilidad de poder disfrutar en Cartaya de este excelente trabajo y recordaron que la programaci\u00f3n del Oto\u00f1o Cultural cartayero incluye ya desde la pr\u00f3xima semana, citas tan importantes como la III Sermana de la Danza, o el Ciclo de Teatro de Oto\u00f1o. Son, se\u00f1al\u00f3 la regidora local, \u201calgunas de las actividades que se suceden de forma permanente en este centro cultural, que es un centro muy vivo durante todo el a\u00f1o, con numerosas propuestas culturales para los vecinos de Cartaya, El Rompido y Nuevo Portil, y para los numerosos visitantes que acuden a nuestro pueblo asiduamente a consumir cultura y a disfrutar de una programaci\u00f3n de gran calidad y variedad\u201d.<\/p>\n\n\n\n<figure class=\"wp-block-embed is-type-video is-provider-youtube wp-block-embed-youtube wp-embed-aspect-16-9 wp-has-aspect-ratio\"><div class=\"wp-block-embed__wrapper\">\n<iframe loading=\"lazy\" title=\"Cartaya Tv | El Centro Cultural de la Villa acoge la exposici\u00f3n fotogr\u00e1fica &#039; EL Agua y el Puerto&#039;\" width=\"680\" height=\"383\" src=\"https:\/\/www.youtube.com\/embed\/Gst3nvLGaSk?feature=oembed\" frameborder=\"0\" allow=\"accelerometer; autoplay; clipboard-write; encrypted-media; gyroscope; picture-in-picture; web-share\" referrerpolicy=\"strict-origin-when-cross-origin\" allowfullscreen><\/iframe>\n<\/div><\/figure>\n\n\n\n<figure class=\"wp-block-gallery has-nested-images columns-default wp-block-gallery-1 is-layout-flex wp-block-gallery-is-layout-flex\">\n<figure class=\"wp-block-image size-large\"><a href=\"https:\/\/www.huelvaysusfotografos.com\/wp-content\/uploads\/2022\/10\/IMG_4612.jpg\"><img loading=\"lazy\" decoding=\"async\" width=\"1024\" height=\"683\" data-id=\"11999\" src=\"https:\/\/www.huelvaysusfotografos.com\/wp-content\/uploads\/2022\/10\/IMG_4612.jpg\" alt=\"\" class=\"wp-image-11999\" srcset=\"https:\/\/www.huelvaysusfotografos.com\/wp-content\/uploads\/2022\/10\/IMG_4612.jpg 1024w, https:\/\/www.huelvaysusfotografos.com\/wp-content\/uploads\/2022\/10\/IMG_4612-300x200.jpg 300w, https:\/\/www.huelvaysusfotografos.com\/wp-content\/uploads\/2022\/10\/IMG_4612-768x512.jpg 768w\" sizes=\"auto, (max-width: 1024px) 100vw, 1024px\" \/><\/a><\/figure>\n\n\n\n<figure class=\"wp-block-image size-large\"><a href=\"https:\/\/www.huelvaysusfotografos.com\/wp-content\/uploads\/2022\/10\/IMG_4614.jpg\"><img loading=\"lazy\" decoding=\"async\" width=\"1024\" height=\"683\" data-id=\"12000\" src=\"https:\/\/www.huelvaysusfotografos.com\/wp-content\/uploads\/2022\/10\/IMG_4614.jpg\" alt=\"\" class=\"wp-image-12000\" srcset=\"https:\/\/www.huelvaysusfotografos.com\/wp-content\/uploads\/2022\/10\/IMG_4614.jpg 1024w, https:\/\/www.huelvaysusfotografos.com\/wp-content\/uploads\/2022\/10\/IMG_4614-300x200.jpg 300w, https:\/\/www.huelvaysusfotografos.com\/wp-content\/uploads\/2022\/10\/IMG_4614-768x512.jpg 768w\" sizes=\"auto, (max-width: 1024px) 100vw, 1024px\" \/><\/a><\/figure>\n\n\n\n<figure class=\"wp-block-image size-large\"><a href=\"https:\/\/www.huelvaysusfotografos.com\/wp-content\/uploads\/2022\/10\/IMG_4618.jpg\"><img loading=\"lazy\" decoding=\"async\" width=\"1024\" height=\"683\" data-id=\"12004\" src=\"https:\/\/www.huelvaysusfotografos.com\/wp-content\/uploads\/2022\/10\/IMG_4618.jpg\" alt=\"\" class=\"wp-image-12004\" srcset=\"https:\/\/www.huelvaysusfotografos.com\/wp-content\/uploads\/2022\/10\/IMG_4618.jpg 1024w, https:\/\/www.huelvaysusfotografos.com\/wp-content\/uploads\/2022\/10\/IMG_4618-300x200.jpg 300w, https:\/\/www.huelvaysusfotografos.com\/wp-content\/uploads\/2022\/10\/IMG_4618-768x512.jpg 768w\" sizes=\"auto, (max-width: 1024px) 100vw, 1024px\" \/><\/a><\/figure>\n\n\n\n<figure class=\"wp-block-image size-large\"><a href=\"https:\/\/www.huelvaysusfotografos.com\/wp-content\/uploads\/2022\/10\/IMG_4628.jpg\"><img loading=\"lazy\" decoding=\"async\" width=\"1024\" height=\"683\" data-id=\"12002\" src=\"https:\/\/www.huelvaysusfotografos.com\/wp-content\/uploads\/2022\/10\/IMG_4628.jpg\" alt=\"\" class=\"wp-image-12002\" srcset=\"https:\/\/www.huelvaysusfotografos.com\/wp-content\/uploads\/2022\/10\/IMG_4628.jpg 1024w, https:\/\/www.huelvaysusfotografos.com\/wp-content\/uploads\/2022\/10\/IMG_4628-300x200.jpg 300w, https:\/\/www.huelvaysusfotografos.com\/wp-content\/uploads\/2022\/10\/IMG_4628-768x512.jpg 768w\" sizes=\"auto, (max-width: 1024px) 100vw, 1024px\" \/><\/a><\/figure>\n\n\n\n<figure class=\"wp-block-image size-large\"><a href=\"https:\/\/www.huelvaysusfotografos.com\/wp-content\/uploads\/2022\/10\/IMG_4639.jpg\"><img loading=\"lazy\" decoding=\"async\" width=\"1024\" height=\"683\" data-id=\"12001\" src=\"https:\/\/www.huelvaysusfotografos.com\/wp-content\/uploads\/2022\/10\/IMG_4639.jpg\" alt=\"\" class=\"wp-image-12001\" srcset=\"https:\/\/www.huelvaysusfotografos.com\/wp-content\/uploads\/2022\/10\/IMG_4639.jpg 1024w, https:\/\/www.huelvaysusfotografos.com\/wp-content\/uploads\/2022\/10\/IMG_4639-300x200.jpg 300w, https:\/\/www.huelvaysusfotografos.com\/wp-content\/uploads\/2022\/10\/IMG_4639-768x512.jpg 768w\" sizes=\"auto, (max-width: 1024px) 100vw, 1024px\" \/><\/a><\/figure>\n\n\n\n<figure class=\"wp-block-image size-large\"><a href=\"https:\/\/www.huelvaysusfotografos.com\/wp-content\/uploads\/2022\/10\/IMG_4646.jpg\"><img loading=\"lazy\" decoding=\"async\" width=\"1024\" height=\"683\" data-id=\"12003\" src=\"https:\/\/www.huelvaysusfotografos.com\/wp-content\/uploads\/2022\/10\/IMG_4646.jpg\" alt=\"\" class=\"wp-image-12003\" srcset=\"https:\/\/www.huelvaysusfotografos.com\/wp-content\/uploads\/2022\/10\/IMG_4646.jpg 1024w, https:\/\/www.huelvaysusfotografos.com\/wp-content\/uploads\/2022\/10\/IMG_4646-300x200.jpg 300w, https:\/\/www.huelvaysusfotografos.com\/wp-content\/uploads\/2022\/10\/IMG_4646-768x512.jpg 768w\" sizes=\"auto, (max-width: 1024px) 100vw, 1024px\" \/><\/a><\/figure>\n\n\n\n<figure class=\"wp-block-image size-large\"><a href=\"https:\/\/www.huelvaysusfotografos.com\/wp-content\/uploads\/2022\/10\/IMG_4659.jpg\"><img loading=\"lazy\" decoding=\"async\" width=\"1024\" height=\"683\" data-id=\"12005\" src=\"https:\/\/www.huelvaysusfotografos.com\/wp-content\/uploads\/2022\/10\/IMG_4659.jpg\" alt=\"\" class=\"wp-image-12005\" srcset=\"https:\/\/www.huelvaysusfotografos.com\/wp-content\/uploads\/2022\/10\/IMG_4659.jpg 1024w, https:\/\/www.huelvaysusfotografos.com\/wp-content\/uploads\/2022\/10\/IMG_4659-300x200.jpg 300w, https:\/\/www.huelvaysusfotografos.com\/wp-content\/uploads\/2022\/10\/IMG_4659-768x512.jpg 768w\" sizes=\"auto, (max-width: 1024px) 100vw, 1024px\" \/><\/a><\/figure>\n\n\n\n<figure class=\"wp-block-image size-large\"><a href=\"https:\/\/www.huelvaysusfotografos.com\/wp-content\/uploads\/2022\/10\/IMG_4663.jpg\"><img loading=\"lazy\" decoding=\"async\" width=\"1024\" height=\"683\" data-id=\"12006\" src=\"https:\/\/www.huelvaysusfotografos.com\/wp-content\/uploads\/2022\/10\/IMG_4663.jpg\" alt=\"\" class=\"wp-image-12006\" srcset=\"https:\/\/www.huelvaysusfotografos.com\/wp-content\/uploads\/2022\/10\/IMG_4663.jpg 1024w, https:\/\/www.huelvaysusfotografos.com\/wp-content\/uploads\/2022\/10\/IMG_4663-300x200.jpg 300w, https:\/\/www.huelvaysusfotografos.com\/wp-content\/uploads\/2022\/10\/IMG_4663-768x512.jpg 768w\" sizes=\"auto, (max-width: 1024px) 100vw, 1024px\" \/><\/a><\/figure>\n\n\n\n<figure class=\"wp-block-image size-large\"><a href=\"https:\/\/www.huelvaysusfotografos.com\/wp-content\/uploads\/2022\/10\/IMG_4676.jpg\"><img loading=\"lazy\" decoding=\"async\" width=\"1024\" height=\"683\" data-id=\"12007\" src=\"https:\/\/www.huelvaysusfotografos.com\/wp-content\/uploads\/2022\/10\/IMG_4676.jpg\" alt=\"\" class=\"wp-image-12007\" srcset=\"https:\/\/www.huelvaysusfotografos.com\/wp-content\/uploads\/2022\/10\/IMG_4676.jpg 1024w, https:\/\/www.huelvaysusfotografos.com\/wp-content\/uploads\/2022\/10\/IMG_4676-300x200.jpg 300w, https:\/\/www.huelvaysusfotografos.com\/wp-content\/uploads\/2022\/10\/IMG_4676-768x512.jpg 768w\" sizes=\"auto, (max-width: 1024px) 100vw, 1024px\" \/><\/a><\/figure>\n\n\n\n<figure class=\"wp-block-image size-large\"><a href=\"https:\/\/www.huelvaysusfotografos.com\/wp-content\/uploads\/2022\/10\/IMG_4682.jpg\"><img loading=\"lazy\" decoding=\"async\" width=\"1024\" height=\"683\" data-id=\"12008\" src=\"https:\/\/www.huelvaysusfotografos.com\/wp-content\/uploads\/2022\/10\/IMG_4682.jpg\" alt=\"\" class=\"wp-image-12008\" srcset=\"https:\/\/www.huelvaysusfotografos.com\/wp-content\/uploads\/2022\/10\/IMG_4682.jpg 1024w, https:\/\/www.huelvaysusfotografos.com\/wp-content\/uploads\/2022\/10\/IMG_4682-300x200.jpg 300w, https:\/\/www.huelvaysusfotografos.com\/wp-content\/uploads\/2022\/10\/IMG_4682-768x512.jpg 768w\" sizes=\"auto, (max-width: 1024px) 100vw, 1024px\" \/><\/a><\/figure>\n\n\n\n<figure class=\"wp-block-image size-large\"><a href=\"https:\/\/www.huelvaysusfotografos.com\/wp-content\/uploads\/2022\/10\/IMG_4687.jpg\"><img loading=\"lazy\" decoding=\"async\" width=\"1024\" height=\"683\" data-id=\"12009\" src=\"https:\/\/www.huelvaysusfotografos.com\/wp-content\/uploads\/2022\/10\/IMG_4687.jpg\" alt=\"\" class=\"wp-image-12009\" srcset=\"https:\/\/www.huelvaysusfotografos.com\/wp-content\/uploads\/2022\/10\/IMG_4687.jpg 1024w, https:\/\/www.huelvaysusfotografos.com\/wp-content\/uploads\/2022\/10\/IMG_4687-300x200.jpg 300w, https:\/\/www.huelvaysusfotografos.com\/wp-content\/uploads\/2022\/10\/IMG_4687-768x512.jpg 768w\" sizes=\"auto, (max-width: 1024px) 100vw, 1024px\" \/><\/a><\/figure>\n\n\n\n<figure class=\"wp-block-image size-large\"><a href=\"https:\/\/www.huelvaysusfotografos.com\/wp-content\/uploads\/2022\/10\/IMG_4689.jpg\"><img loading=\"lazy\" decoding=\"async\" width=\"1024\" height=\"683\" data-id=\"12010\" src=\"https:\/\/www.huelvaysusfotografos.com\/wp-content\/uploads\/2022\/10\/IMG_4689.jpg\" alt=\"\" class=\"wp-image-12010\" srcset=\"https:\/\/www.huelvaysusfotografos.com\/wp-content\/uploads\/2022\/10\/IMG_4689.jpg 1024w, https:\/\/www.huelvaysusfotografos.com\/wp-content\/uploads\/2022\/10\/IMG_4689-300x200.jpg 300w, https:\/\/www.huelvaysusfotografos.com\/wp-content\/uploads\/2022\/10\/IMG_4689-768x512.jpg 768w\" sizes=\"auto, (max-width: 1024px) 100vw, 1024px\" \/><\/a><\/figure>\n<\/figure>\n","protected":false},"excerpt":{"rendered":"<p>La muestra, que permanecer\u00e1 en el hall del Centro Cultural hasta el d\u00eda 21 de octubre, ofrece a cartayeros y visitantes \u201cla oportunidad de disfrutar de la obra de este grupo de artistas que han captado con sus c\u00e1maras la esencia de un lugar tan emblem\u00e1tico como el Puerto de Huelva y la importancia del agua en nuestras vidas y como motor de desarrollo econ\u00f3mico de nuestra provincia\u201d. La alcaldesa,<\/p>\n<div class=\"belowpost\"><a class=\"btnmore\" href=\"https:\/\/www.huelvaysusfotografos.com\/?p=11997\">Seguir leyendo<\/a><\/div>\n","protected":false},"author":8279,"featured_media":11998,"comment_status":"open","ping_status":"open","sticky":false,"template":"","format":"standard","meta":{"footnotes":"","_links_to":"","_links_to_target":""},"categories":[23],"tags":[203,201,202,150,86],"class_list":["post-11997","post","type-post","status-publish","format-standard","has-post-thumbnail","hentry","category-exposiciones","tag-asociacion-huelva-y-sus-fotorafos","tag-cartaya","tag-exposicion-el-agua-y-el-puerto","tag-exposiciones","tag-fotografias"],"_links":{"self":[{"href":"https:\/\/www.huelvaysusfotografos.com\/index.php?rest_route=\/wp\/v2\/posts\/11997","targetHints":{"allow":["GET"]}}],"collection":[{"href":"https:\/\/www.huelvaysusfotografos.com\/index.php?rest_route=\/wp\/v2\/posts"}],"about":[{"href":"https:\/\/www.huelvaysusfotografos.com\/index.php?rest_route=\/wp\/v2\/types\/post"}],"author":[{"embeddable":true,"href":"https:\/\/www.huelvaysusfotografos.com\/index.php?rest_route=\/wp\/v2\/users\/8279"}],"replies":[{"embeddable":true,"href":"https:\/\/www.huelvaysusfotografos.com\/index.php?rest_route=%2Fwp%2Fv2%2Fcomments&post=11997"}],"version-history":[{"count":2,"href":"https:\/\/www.huelvaysusfotografos.com\/index.php?rest_route=\/wp\/v2\/posts\/11997\/revisions"}],"predecessor-version":[{"id":12012,"href":"https:\/\/www.huelvaysusfotografos.com\/index.php?rest_route=\/wp\/v2\/posts\/11997\/revisions\/12012"}],"wp:featuredmedia":[{"embeddable":true,"href":"https:\/\/www.huelvaysusfotografos.com\/index.php?rest_route=\/wp\/v2\/media\/11998"}],"wp:attachment":[{"href":"https:\/\/www.huelvaysusfotografos.com\/index.php?rest_route=%2Fwp%2Fv2%2Fmedia&parent=11997"}],"wp:term":[{"taxonomy":"category","embeddable":true,"href":"https:\/\/www.huelvaysusfotografos.com\/index.php?rest_route=%2Fwp%2Fv2%2Fcategories&post=11997"},{"taxonomy":"post_tag","embeddable":true,"href":"https:\/\/www.huelvaysusfotografos.com\/index.php?rest_route=%2Fwp%2Fv2%2Ftags&post=11997"}],"curies":[{"name":"wp","href":"https:\/\/api.w.org\/{rel}","templated":true}]}}