{"id":11978,"date":"2022-09-24T23:50:20","date_gmt":"2022-09-24T21:50:20","guid":{"rendered":"https:\/\/www.huelvaysusfotografos.com\/?p=11978"},"modified":"2022-09-24T23:50:21","modified_gmt":"2022-09-24T21:50:21","slug":"la-asociacion-huelva-y-sus-fotografos-participaron-en-huelva-comercio-capital","status":"publish","type":"post","link":"https:\/\/www.huelvaysusfotografos.com\/?p=11978","title":{"rendered":"La Asociaci\u00f3n Huelva y sus Fot\u00f3grafos participaron en Huelva Comercio Capital."},"content":{"rendered":"\n<p>La jornada del viernes 23 de septiembre nos llevaba a la Gran V\u00eda y m\u00e1s concretamente a las puertas de la Subdelegaci\u00f3n del Gobierno en Huelva.<\/p>\n\n\n\n<p>Ese espacio era el que dispon\u00edamos para exponer nuestras fotograf\u00edas.<\/p>\n\n\n\n<p>No era el sitio ideal para ello y ten\u00edamos escasez de luz, pero nuestro inter\u00e9s y voluntad nos llev\u00f3 a lucir con esmero nuestras fotograf\u00edas por las que pasaron cientos de onubenses interes\u00e1ndose por nuestro trabajo.<\/p>\n\n\n\n<p>Es el camino que iniciaba una iniciativa para mover el comercio del centro de la ciudad, donde participaban multitud de tiendas, restaurantes y otras tantas asociaciones y varios de la sociedad onubense.<\/p>\n\n\n\n<p>Esperamos que sirva para aprender y mejorar a la organizaci\u00f3n y a las instituciones a la hora de solicitar el apoyo de las Asociaciones.<\/p>\n\n\n\n<p>Nosotros seguiremos nuestro camino e intentaremos mejorar de cara a futuras propuestas. &nbsp;<\/p>\n\n\n\n<p>Muchas gracias a todos los compa\u00f1eros que formaron parte de esta actividad y a la junta directiva que estuvo al completo para este evento.<\/p>\n\n\n\n<figure class=\"wp-block-gallery has-nested-images columns-2 wp-block-gallery-1 is-layout-flex wp-block-gallery-is-layout-flex\">\n<figure class=\"wp-block-image size-large\"><a href=\"https:\/\/www.huelvaysusfotografos.com\/wp-content\/uploads\/2022\/09\/ARI1941.jpg\"><img loading=\"lazy\" decoding=\"async\" width=\"1000\" height=\"668\" data-id=\"11980\" src=\"https:\/\/www.huelvaysusfotografos.com\/wp-content\/uploads\/2022\/09\/ARI1941.jpg\" alt=\"\" class=\"wp-image-11980\" srcset=\"https:\/\/www.huelvaysusfotografos.com\/wp-content\/uploads\/2022\/09\/ARI1941.jpg 1000w, https:\/\/www.huelvaysusfotografos.com\/wp-content\/uploads\/2022\/09\/ARI1941-300x200.jpg 300w, https:\/\/www.huelvaysusfotografos.com\/wp-content\/uploads\/2022\/09\/ARI1941-768x513.jpg 768w\" sizes=\"auto, (max-width: 1000px) 100vw, 1000px\" \/><\/a><\/figure>\n\n\n\n<figure class=\"wp-block-image size-large\"><a href=\"https:\/\/www.huelvaysusfotografos.com\/wp-content\/uploads\/2022\/09\/ARI1942.jpg\"><img loading=\"lazy\" decoding=\"async\" width=\"1000\" height=\"668\" data-id=\"11981\" src=\"https:\/\/www.huelvaysusfotografos.com\/wp-content\/uploads\/2022\/09\/ARI1942.jpg\" alt=\"\" class=\"wp-image-11981\" srcset=\"https:\/\/www.huelvaysusfotografos.com\/wp-content\/uploads\/2022\/09\/ARI1942.jpg 1000w, https:\/\/www.huelvaysusfotografos.com\/wp-content\/uploads\/2022\/09\/ARI1942-300x200.jpg 300w, https:\/\/www.huelvaysusfotografos.com\/wp-content\/uploads\/2022\/09\/ARI1942-768x513.jpg 768w\" sizes=\"auto, (max-width: 1000px) 100vw, 1000px\" \/><\/a><\/figure>\n\n\n\n<figure class=\"wp-block-image size-large\"><a href=\"https:\/\/www.huelvaysusfotografos.com\/wp-content\/uploads\/2022\/09\/ARI1943.jpg\"><img loading=\"lazy\" decoding=\"async\" width=\"1000\" height=\"668\" data-id=\"11984\" src=\"https:\/\/www.huelvaysusfotografos.com\/wp-content\/uploads\/2022\/09\/ARI1943.jpg\" alt=\"\" class=\"wp-image-11984\" srcset=\"https:\/\/www.huelvaysusfotografos.com\/wp-content\/uploads\/2022\/09\/ARI1943.jpg 1000w, https:\/\/www.huelvaysusfotografos.com\/wp-content\/uploads\/2022\/09\/ARI1943-300x200.jpg 300w, https:\/\/www.huelvaysusfotografos.com\/wp-content\/uploads\/2022\/09\/ARI1943-768x513.jpg 768w\" sizes=\"auto, (max-width: 1000px) 100vw, 1000px\" \/><\/a><\/figure>\n\n\n\n<figure class=\"wp-block-image size-large\"><a href=\"https:\/\/www.huelvaysusfotografos.com\/wp-content\/uploads\/2022\/09\/ARI1944.jpg\"><img loading=\"lazy\" decoding=\"async\" width=\"1000\" height=\"668\" data-id=\"11982\" src=\"https:\/\/www.huelvaysusfotografos.com\/wp-content\/uploads\/2022\/09\/ARI1944.jpg\" alt=\"\" class=\"wp-image-11982\" srcset=\"https:\/\/www.huelvaysusfotografos.com\/wp-content\/uploads\/2022\/09\/ARI1944.jpg 1000w, https:\/\/www.huelvaysusfotografos.com\/wp-content\/uploads\/2022\/09\/ARI1944-300x200.jpg 300w, https:\/\/www.huelvaysusfotografos.com\/wp-content\/uploads\/2022\/09\/ARI1944-768x513.jpg 768w\" sizes=\"auto, (max-width: 1000px) 100vw, 1000px\" \/><\/a><\/figure>\n\n\n\n<figure class=\"wp-block-image size-large\"><a href=\"https:\/\/www.huelvaysusfotografos.com\/wp-content\/uploads\/2022\/09\/ARI1945.jpg\"><img loading=\"lazy\" decoding=\"async\" width=\"1000\" height=\"668\" data-id=\"11983\" src=\"https:\/\/www.huelvaysusfotografos.com\/wp-content\/uploads\/2022\/09\/ARI1945.jpg\" alt=\"\" class=\"wp-image-11983\" srcset=\"https:\/\/www.huelvaysusfotografos.com\/wp-content\/uploads\/2022\/09\/ARI1945.jpg 1000w, https:\/\/www.huelvaysusfotografos.com\/wp-content\/uploads\/2022\/09\/ARI1945-300x200.jpg 300w, https:\/\/www.huelvaysusfotografos.com\/wp-content\/uploads\/2022\/09\/ARI1945-768x513.jpg 768w\" sizes=\"auto, (max-width: 1000px) 100vw, 1000px\" \/><\/a><\/figure>\n\n\n\n<figure class=\"wp-block-image size-large\"><a href=\"https:\/\/www.huelvaysusfotografos.com\/wp-content\/uploads\/2022\/09\/ARI1947.jpg\"><img loading=\"lazy\" decoding=\"async\" width=\"1000\" height=\"668\" data-id=\"11985\" src=\"https:\/\/www.huelvaysusfotografos.com\/wp-content\/uploads\/2022\/09\/ARI1947.jpg\" alt=\"\" class=\"wp-image-11985\" srcset=\"https:\/\/www.huelvaysusfotografos.com\/wp-content\/uploads\/2022\/09\/ARI1947.jpg 1000w, https:\/\/www.huelvaysusfotografos.com\/wp-content\/uploads\/2022\/09\/ARI1947-300x200.jpg 300w, https:\/\/www.huelvaysusfotografos.com\/wp-content\/uploads\/2022\/09\/ARI1947-768x513.jpg 768w\" sizes=\"auto, (max-width: 1000px) 100vw, 1000px\" \/><\/a><\/figure>\n\n\n\n<figure class=\"wp-block-image size-large\"><a href=\"https:\/\/www.huelvaysusfotografos.com\/wp-content\/uploads\/2022\/09\/ARI1951.jpg\"><img loading=\"lazy\" decoding=\"async\" width=\"1000\" height=\"668\" data-id=\"11986\" src=\"https:\/\/www.huelvaysusfotografos.com\/wp-content\/uploads\/2022\/09\/ARI1951.jpg\" alt=\"\" class=\"wp-image-11986\" srcset=\"https:\/\/www.huelvaysusfotografos.com\/wp-content\/uploads\/2022\/09\/ARI1951.jpg 1000w, https:\/\/www.huelvaysusfotografos.com\/wp-content\/uploads\/2022\/09\/ARI1951-300x200.jpg 300w, https:\/\/www.huelvaysusfotografos.com\/wp-content\/uploads\/2022\/09\/ARI1951-768x513.jpg 768w\" sizes=\"auto, (max-width: 1000px) 100vw, 1000px\" \/><\/a><\/figure>\n\n\n\n<figure class=\"wp-block-image size-large\"><a href=\"https:\/\/www.huelvaysusfotografos.com\/wp-content\/uploads\/2022\/09\/ARI9805.jpg\"><img loading=\"lazy\" decoding=\"async\" width=\"1024\" height=\"683\" data-id=\"11991\" src=\"https:\/\/www.huelvaysusfotografos.com\/wp-content\/uploads\/2022\/09\/ARI9805.jpg\" alt=\"\" class=\"wp-image-11991\" srcset=\"https:\/\/www.huelvaysusfotografos.com\/wp-content\/uploads\/2022\/09\/ARI9805.jpg 1024w, https:\/\/www.huelvaysusfotografos.com\/wp-content\/uploads\/2022\/09\/ARI9805-300x200.jpg 300w, https:\/\/www.huelvaysusfotografos.com\/wp-content\/uploads\/2022\/09\/ARI9805-768x512.jpg 768w\" sizes=\"auto, (max-width: 1024px) 100vw, 1024px\" \/><\/a><\/figure>\n\n\n\n<figure class=\"wp-block-image size-large\"><a href=\"https:\/\/www.huelvaysusfotografos.com\/wp-content\/uploads\/2022\/09\/ARI9809.jpg\"><img loading=\"lazy\" decoding=\"async\" width=\"1024\" height=\"683\" data-id=\"11987\" src=\"https:\/\/www.huelvaysusfotografos.com\/wp-content\/uploads\/2022\/09\/ARI9809.jpg\" alt=\"\" class=\"wp-image-11987\" srcset=\"https:\/\/www.huelvaysusfotografos.com\/wp-content\/uploads\/2022\/09\/ARI9809.jpg 1024w, https:\/\/www.huelvaysusfotografos.com\/wp-content\/uploads\/2022\/09\/ARI9809-300x200.jpg 300w, https:\/\/www.huelvaysusfotografos.com\/wp-content\/uploads\/2022\/09\/ARI9809-768x512.jpg 768w\" sizes=\"auto, (max-width: 1024px) 100vw, 1024px\" \/><\/a><\/figure>\n\n\n\n<figure class=\"wp-block-image size-large\"><a href=\"https:\/\/www.huelvaysusfotografos.com\/wp-content\/uploads\/2022\/09\/ARI9812.jpg\"><img loading=\"lazy\" decoding=\"async\" width=\"1000\" height=\"667\" data-id=\"11989\" src=\"https:\/\/www.huelvaysusfotografos.com\/wp-content\/uploads\/2022\/09\/ARI9812.jpg\" alt=\"\" class=\"wp-image-11989\" srcset=\"https:\/\/www.huelvaysusfotografos.com\/wp-content\/uploads\/2022\/09\/ARI9812.jpg 1000w, https:\/\/www.huelvaysusfotografos.com\/wp-content\/uploads\/2022\/09\/ARI9812-300x200.jpg 300w, https:\/\/www.huelvaysusfotografos.com\/wp-content\/uploads\/2022\/09\/ARI9812-768x512.jpg 768w\" sizes=\"auto, (max-width: 1000px) 100vw, 1000px\" \/><\/a><\/figure>\n\n\n\n<figure class=\"wp-block-image size-large\"><a href=\"https:\/\/www.huelvaysusfotografos.com\/wp-content\/uploads\/2022\/09\/ARI9814.jpg\"><img loading=\"lazy\" decoding=\"async\" width=\"1000\" height=\"667\" data-id=\"11988\" src=\"https:\/\/www.huelvaysusfotografos.com\/wp-content\/uploads\/2022\/09\/ARI9814.jpg\" alt=\"\" class=\"wp-image-11988\" srcset=\"https:\/\/www.huelvaysusfotografos.com\/wp-content\/uploads\/2022\/09\/ARI9814.jpg 1000w, https:\/\/www.huelvaysusfotografos.com\/wp-content\/uploads\/2022\/09\/ARI9814-300x200.jpg 300w, https:\/\/www.huelvaysusfotografos.com\/wp-content\/uploads\/2022\/09\/ARI9814-768x512.jpg 768w\" sizes=\"auto, (max-width: 1000px) 100vw, 1000px\" \/><\/a><\/figure>\n\n\n\n<figure class=\"wp-block-image size-large\"><a href=\"https:\/\/www.huelvaysusfotografos.com\/wp-content\/uploads\/2022\/09\/ARI9816.jpg\"><img loading=\"lazy\" decoding=\"async\" width=\"1000\" height=\"667\" data-id=\"11990\" src=\"https:\/\/www.huelvaysusfotografos.com\/wp-content\/uploads\/2022\/09\/ARI9816.jpg\" alt=\"\" class=\"wp-image-11990\" srcset=\"https:\/\/www.huelvaysusfotografos.com\/wp-content\/uploads\/2022\/09\/ARI9816.jpg 1000w, https:\/\/www.huelvaysusfotografos.com\/wp-content\/uploads\/2022\/09\/ARI9816-300x200.jpg 300w, https:\/\/www.huelvaysusfotografos.com\/wp-content\/uploads\/2022\/09\/ARI9816-768x512.jpg 768w\" sizes=\"auto, (max-width: 1000px) 100vw, 1000px\" \/><\/a><\/figure>\n\n\n\n<figure class=\"wp-block-image size-large\"><a href=\"https:\/\/www.huelvaysusfotografos.com\/wp-content\/uploads\/2022\/09\/ARI9819.jpg\"><img loading=\"lazy\" decoding=\"async\" width=\"1000\" height=\"667\" data-id=\"11992\" src=\"https:\/\/www.huelvaysusfotografos.com\/wp-content\/uploads\/2022\/09\/ARI9819.jpg\" alt=\"\" class=\"wp-image-11992\" srcset=\"https:\/\/www.huelvaysusfotografos.com\/wp-content\/uploads\/2022\/09\/ARI9819.jpg 1000w, https:\/\/www.huelvaysusfotografos.com\/wp-content\/uploads\/2022\/09\/ARI9819-300x200.jpg 300w, https:\/\/www.huelvaysusfotografos.com\/wp-content\/uploads\/2022\/09\/ARI9819-768x512.jpg 768w\" sizes=\"auto, (max-width: 1000px) 100vw, 1000px\" \/><\/a><\/figure>\n<\/figure>\n","protected":false},"excerpt":{"rendered":"<p>La jornada del viernes 23 de septiembre nos llevaba a la Gran V\u00eda y m\u00e1s concretamente a las puertas de la Subdelegaci\u00f3n del Gobierno en Huelva. Ese espacio era el que dispon\u00edamos para exponer nuestras fotograf\u00edas. No era el sitio ideal para ello y ten\u00edamos escasez de luz, pero nuestro inter\u00e9s y voluntad nos llev\u00f3 a lucir con esmero nuestras fotograf\u00edas por las que pasaron cientos de onubenses interes\u00e1ndose por<\/p>\n<div class=\"belowpost\"><a class=\"btnmore\" href=\"https:\/\/www.huelvaysusfotografos.com\/?p=11978\">Seguir leyendo<\/a><\/div>\n","protected":false},"author":8279,"featured_media":11979,"comment_status":"open","ping_status":"open","sticky":false,"template":"","format":"standard","meta":{"footnotes":"","_links_to":"","_links_to_target":""},"categories":[4],"tags":[],"class_list":["post-11978","post","type-post","status-publish","format-standard","has-post-thumbnail","hentry","category-actividades"],"_links":{"self":[{"href":"https:\/\/www.huelvaysusfotografos.com\/index.php?rest_route=\/wp\/v2\/posts\/11978","targetHints":{"allow":["GET"]}}],"collection":[{"href":"https:\/\/www.huelvaysusfotografos.com\/index.php?rest_route=\/wp\/v2\/posts"}],"about":[{"href":"https:\/\/www.huelvaysusfotografos.com\/index.php?rest_route=\/wp\/v2\/types\/post"}],"author":[{"embeddable":true,"href":"https:\/\/www.huelvaysusfotografos.com\/index.php?rest_route=\/wp\/v2\/users\/8279"}],"replies":[{"embeddable":true,"href":"https:\/\/www.huelvaysusfotografos.com\/index.php?rest_route=%2Fwp%2Fv2%2Fcomments&post=11978"}],"version-history":[{"count":1,"href":"https:\/\/www.huelvaysusfotografos.com\/index.php?rest_route=\/wp\/v2\/posts\/11978\/revisions"}],"predecessor-version":[{"id":11993,"href":"https:\/\/www.huelvaysusfotografos.com\/index.php?rest_route=\/wp\/v2\/posts\/11978\/revisions\/11993"}],"wp:featuredmedia":[{"embeddable":true,"href":"https:\/\/www.huelvaysusfotografos.com\/index.php?rest_route=\/wp\/v2\/media\/11979"}],"wp:attachment":[{"href":"https:\/\/www.huelvaysusfotografos.com\/index.php?rest_route=%2Fwp%2Fv2%2Fmedia&parent=11978"}],"wp:term":[{"taxonomy":"category","embeddable":true,"href":"https:\/\/www.huelvaysusfotografos.com\/index.php?rest_route=%2Fwp%2Fv2%2Fcategories&post=11978"},{"taxonomy":"post_tag","embeddable":true,"href":"https:\/\/www.huelvaysusfotografos.com\/index.php?rest_route=%2Fwp%2Fv2%2Ftags&post=11978"}],"curies":[{"name":"wp","href":"https:\/\/api.w.org\/{rel}","templated":true}]}}