{"id":11956,"date":"2022-09-12T16:12:08","date_gmt":"2022-09-12T14:12:08","guid":{"rendered":"https:\/\/www.huelvaysusfotografos.com\/?p=11956"},"modified":"2022-09-12T16:12:09","modified_gmt":"2022-09-12T14:12:09","slug":"acudimos-a-la-presentacion-de-la-noche-del-comercio-capital","status":"publish","type":"post","link":"https:\/\/www.huelvaysusfotografos.com\/?p=11956","title":{"rendered":"Acudimos a la presentaci\u00f3n de \u00abLa Noche del Comercio Capital\u00bb."},"content":{"rendered":"\n<p><strong>Huelva celebrar\u00e1 \u2018<em>La Noche del Comercio Capital\u2019<\/em> el pr\u00f3ximo 23 de septiembre<\/strong><\/p>\n\n\n\n<p><em>Una nueva iniciativa del Ayuntamiento y de Huelva Centro Shopping que incluir\u00e1 descuentos, desfiles de moda, cocina en vivo y un amplio programa de actividades culturales hasta las 23.00 horas<\/em><\/p>\n\n\n\n<p>La concejala de Comercio y Mercados del\u00a0 Ayuntamiento de Huelva, Tania Gonz\u00e1lez; y la presidenta de\u00a0 la Asociaci\u00f3n Calles del Centro \u2018Huelva Centro Shopping\u2019, Cinta Platero, han presentado esta ma\u00f1ana en\u00a0 rueda de prensa la actividad <strong>\u2018La Noche del Comercio Capital\u2019.<\/strong> Una nueva iniciativa conjunta de dinamizaci\u00f3n\u00a0que tendr\u00e1 lugar el <strong>pr\u00f3ximo 23 de septiembre de 17.00 a 23.00 horas<\/strong>, y que contar\u00e1 con un adelanto el d\u00eda 22 de septiembre con un showcooking, de 17.30 a 20.0 horas, en la Plaza de Las Monjas.<\/p>\n\n\n\n<p>Al respecto, Tania Gonz\u00e1lez ha destacado que \u201cse trata de una actividad muy ilusionante con la que pretendemos atraer de nuevo al p\u00fablico a la tiendas tras la \u00e9poca estival con una amplia programaci\u00f3n que incluye descuentos comerciales, cocina en vivo, desfiles de moda y muchas propuesta culturales en las que vamos a contar con m\u00e1s de 120 participantes entre comercios locales, franquicias, asociaciones, artistas y diferentes colectivos de la ciudad\u201d.<\/p>\n\n\n\n<p>Por su parte, Cinta Platero ha mostrado \u201cla enorme ilusi\u00f3n del sector con una iniciativa que llega para abrir el nuevo curso comercial en la ciudad y que pretendemos que sea la primera de una larga serie\u201d. Asimismo, ha hecho un llamamiento a todos los establecimientos comerciales de la capital a sumarse a esta iniciativa, registr\u00e1ndose para ello a trav\u00e9s de app \u2018Comercio Capital Huelva\u2019<\/p>\n\n\n\n<p>Por el momento, son m\u00e1s de 60 los comercios que se han inscrito en la actividad y que abrir\u00e1n sus puertas el d\u00eda 23, desde las 17.30 a las 23.00 horas, ofreciendo descuentos exclusivos y exponiendo sus art\u00edculos en la calle para incentivar las compras. Asimismo, se ofrecer\u00e1n talleres gratuitos en los establecimientos (macram\u00e9, tendencias moda, cosm\u00e9tica natural\u2026) que adem\u00e1s contar\u00e1n con piezas art\u00edsticas en los escaparates, gracias a la colaboraci\u00f3n de la Escuela de Artes y Oficios Le\u00f3n Ortega.<\/p>\n\n\n\n<p>Para ir calentando motores de cara a la cita del d\u00eda 23 de septiembre, se ha previsto la celebraci\u00f3n el d\u00eda 22 de septiembre de un showcooking en la Plaza de las Monjas, a partir de las 17.30 horas. La actividad se repetir\u00e1 el viernes con la participaci\u00f3n&nbsp; de&nbsp; 8 establecimientos locales y asociaciones de hosteler\u00eda, y en ella se brindar\u00e1 a los asistentes degustaciones de productos de nuestros mercados y&nbsp; diferentes recetas para ponerlos en valor.<\/p>\n\n\n\n<p>Otra de las actividades programada ser\u00e1 <strong>una pasarela de moda <\/strong>que tendr\u00e1 lugar en la <strong>puerta del Ayuntamiento<\/strong>, a partir de las <strong>18.00 horas y hasta las 20.00 horas<\/strong>, en la que intervendr\u00e1n 15 tiendas del centro, tanto de moda como de accesorios y complementos. Unos desfiles que tambi\u00e9n contar\u00e1 con actuaciones musicales coordinadas por C\u00e9sar L\u00f3pez Perea y Marina \u00d1udi. Asimismo, la pasarela estar\u00e1 pintada por Alexis Lim\u00f3n Contreras, un artista local que realizar\u00e1 una obra improvisada de grafitti abstracto y geom\u00e9trico en la alfombra de la pasarela.<\/p>\n\n\n\n<p>Por \u00faltimo, se ha previsto<strong> un paseo cultural por la Gran V\u00eda<\/strong>, el museo y diferentes centros art\u00edsticos de la ciudad, desde las <strong>17.30 a 20.00 horas,<\/strong> y con la intervenci\u00f3n de m\u00e1s de <strong>50 asociaciones, artistas y empresas culturales<\/strong> (Nona, autora del cartel del evento; Asociaci\u00f3n Overli, Asociaci\u00f3n teatral Ceija, <strong>Asociaci\u00f3n Huelva y sus Fot\u00f3grafos<\/strong>, Club de Ajedrez Ciudad de Huelva, Platalea, Hakuna Matata, Asociaci\u00f3n Latinoamericana para todos y todas de Huelva, Rosa Eslava, Academia de\u00a0 Baile Isabel Toscano, exposiciones de escultura M\u00f3nica Rasco y Rafael Molina, artista pl\u00e1stico Juanjo Camacho y La Mercader\u00eda).<\/p>\n\n\n\n<p><strong>El paseo incluir\u00e1 piezas de teatro, exposici\u00f3n de esculturas y pinturas, pool dance, flash moob, fotograf\u00edas, magia y un ajedrez humano donde podr\u00e1n participar como piezas los que lo deseen.<\/strong><\/p>\n","protected":false},"excerpt":{"rendered":"<p>Huelva celebrar\u00e1 \u2018La Noche del Comercio Capital\u2019 el pr\u00f3ximo 23 de septiembre Una nueva iniciativa del Ayuntamiento y de Huelva Centro Shopping que incluir\u00e1 descuentos, desfiles de moda, cocina en vivo y un amplio programa de actividades culturales hasta las 23.00 horas La concejala de Comercio y Mercados del\u00a0 Ayuntamiento de Huelva, Tania Gonz\u00e1lez; y la presidenta de\u00a0 la Asociaci\u00f3n Calles del Centro \u2018Huelva Centro Shopping\u2019, Cinta Platero, han presentado<\/p>\n<div class=\"belowpost\"><a class=\"btnmore\" href=\"https:\/\/www.huelvaysusfotografos.com\/?p=11956\">Seguir leyendo<\/a><\/div>\n","protected":false},"author":8279,"featured_media":11957,"comment_status":"open","ping_status":"open","sticky":false,"template":"","format":"standard","meta":{"footnotes":"","_links_to":"","_links_to_target":""},"categories":[4],"tags":[],"class_list":["post-11956","post","type-post","status-publish","format-standard","has-post-thumbnail","hentry","category-actividades"],"_links":{"self":[{"href":"https:\/\/www.huelvaysusfotografos.com\/index.php?rest_route=\/wp\/v2\/posts\/11956","targetHints":{"allow":["GET"]}}],"collection":[{"href":"https:\/\/www.huelvaysusfotografos.com\/index.php?rest_route=\/wp\/v2\/posts"}],"about":[{"href":"https:\/\/www.huelvaysusfotografos.com\/index.php?rest_route=\/wp\/v2\/types\/post"}],"author":[{"embeddable":true,"href":"https:\/\/www.huelvaysusfotografos.com\/index.php?rest_route=\/wp\/v2\/users\/8279"}],"replies":[{"embeddable":true,"href":"https:\/\/www.huelvaysusfotografos.com\/index.php?rest_route=%2Fwp%2Fv2%2Fcomments&post=11956"}],"version-history":[{"count":1,"href":"https:\/\/www.huelvaysusfotografos.com\/index.php?rest_route=\/wp\/v2\/posts\/11956\/revisions"}],"predecessor-version":[{"id":11958,"href":"https:\/\/www.huelvaysusfotografos.com\/index.php?rest_route=\/wp\/v2\/posts\/11956\/revisions\/11958"}],"wp:featuredmedia":[{"embeddable":true,"href":"https:\/\/www.huelvaysusfotografos.com\/index.php?rest_route=\/wp\/v2\/media\/11957"}],"wp:attachment":[{"href":"https:\/\/www.huelvaysusfotografos.com\/index.php?rest_route=%2Fwp%2Fv2%2Fmedia&parent=11956"}],"wp:term":[{"taxonomy":"category","embeddable":true,"href":"https:\/\/www.huelvaysusfotografos.com\/index.php?rest_route=%2Fwp%2Fv2%2Fcategories&post=11956"},{"taxonomy":"post_tag","embeddable":true,"href":"https:\/\/www.huelvaysusfotografos.com\/index.php?rest_route=%2Fwp%2Fv2%2Ftags&post=11956"}],"curies":[{"name":"wp","href":"https:\/\/api.w.org\/{rel}","templated":true}]}}