{"id":11940,"date":"2022-09-11T16:36:29","date_gmt":"2022-09-11T14:36:29","guid":{"rendered":"https:\/\/www.huelvaysusfotografos.com\/?p=11940"},"modified":"2022-09-11T16:36:31","modified_gmt":"2022-09-11T14:36:31","slug":"inaugurada-la-exposicion-el-agua-y-el-puerto-en-aljaraque","status":"publish","type":"post","link":"https:\/\/www.huelvaysusfotografos.com\/?p=11940","title":{"rendered":"Inaugurada la Exposici\u00f3n El Agua y El Puerto en Aljaraque."},"content":{"rendered":"\n<p>La tarde noche del pasado viernes 9 de septiembre, el alcalde la de la localidad onubense de Aljaraque, D. David Toscano, junto a la Concejal de Cultura de dicha localidad Ana Mora, inauguraban la exposici\u00f3n itinerante de El Agua y El Puerto.<\/p>\n\n\n\n<p>Como bien saben esta exposici\u00f3n itinerante esta recorriendo la provincia de Huelva, desde su inauguraci\u00f3n en el mes de enero en el Centro de Recepci\u00f3n y Documentaci\u00f3n del Puerto de Huelva.<\/p>\n\n\n\n<p>El recorrido de dicha exposici\u00f3n nos has llevado por las localidades de Ayamonte y Niebla, recae ahora en la zona residencial de Bellavista en su centro de exposiciones, para continuar nuestro periplo por la provincia en la localidades de Cartaya en el mes de Octubre y La Palma del Condado en el mes de Noviembre.<\/p>\n\n\n\n<p>Es grato para esta Asociaci\u00f3n que sus obras se puedan ver por toda la provincia y seamos requeridos por diversos ayuntamientos para exponer nuestras obras, quedando las puertas abiertas para otros exposiciones tal como indicaron el propio alcalde David Toscano y su concejal de cultura Ana Mora.<\/p>\n\n\n\n<p>Esperemos disfruten de esta exposici\u00f3n y sea de su agrado. <\/p>\n\n\n\n<figure class=\"wp-block-gallery has-nested-images columns-2 wp-block-gallery-1 is-layout-flex wp-block-gallery-is-layout-flex\">\n<figure class=\"wp-block-image size-large\"><a href=\"https:\/\/www.huelvaysusfotografos.com\/wp-content\/uploads\/2022\/09\/1.jpg\"><img loading=\"lazy\" decoding=\"async\" width=\"1024\" height=\"576\" data-id=\"11947\" src=\"https:\/\/www.huelvaysusfotografos.com\/wp-content\/uploads\/2022\/09\/1-1024x576.jpg\" alt=\"\" class=\"wp-image-11947\" srcset=\"https:\/\/www.huelvaysusfotografos.com\/wp-content\/uploads\/2022\/09\/1-1024x576.jpg 1024w, https:\/\/www.huelvaysusfotografos.com\/wp-content\/uploads\/2022\/09\/1-300x169.jpg 300w, https:\/\/www.huelvaysusfotografos.com\/wp-content\/uploads\/2022\/09\/1-768x432.jpg 768w, https:\/\/www.huelvaysusfotografos.com\/wp-content\/uploads\/2022\/09\/1-1536x864.jpg 1536w, https:\/\/www.huelvaysusfotografos.com\/wp-content\/uploads\/2022\/09\/1-620x350.jpg 620w, https:\/\/www.huelvaysusfotografos.com\/wp-content\/uploads\/2022\/09\/1.jpg 1600w\" sizes=\"auto, (max-width: 1024px) 100vw, 1024px\" \/><\/a><\/figure>\n\n\n\n<figure class=\"wp-block-image size-large\"><a href=\"https:\/\/www.huelvaysusfotografos.com\/wp-content\/uploads\/2022\/09\/2.jpg\"><img loading=\"lazy\" decoding=\"async\" width=\"1024\" height=\"576\" data-id=\"11946\" src=\"https:\/\/www.huelvaysusfotografos.com\/wp-content\/uploads\/2022\/09\/2-1024x576.jpg\" alt=\"\" class=\"wp-image-11946\" srcset=\"https:\/\/www.huelvaysusfotografos.com\/wp-content\/uploads\/2022\/09\/2-1024x576.jpg 1024w, https:\/\/www.huelvaysusfotografos.com\/wp-content\/uploads\/2022\/09\/2-300x169.jpg 300w, https:\/\/www.huelvaysusfotografos.com\/wp-content\/uploads\/2022\/09\/2-768x432.jpg 768w, https:\/\/www.huelvaysusfotografos.com\/wp-content\/uploads\/2022\/09\/2-1536x864.jpg 1536w, https:\/\/www.huelvaysusfotografos.com\/wp-content\/uploads\/2022\/09\/2-620x350.jpg 620w, https:\/\/www.huelvaysusfotografos.com\/wp-content\/uploads\/2022\/09\/2.jpg 1600w\" sizes=\"auto, (max-width: 1024px) 100vw, 1024px\" \/><\/a><\/figure>\n\n\n\n<figure class=\"wp-block-image size-large\"><a href=\"https:\/\/www.huelvaysusfotografos.com\/wp-content\/uploads\/2022\/09\/3.jpg\"><img loading=\"lazy\" decoding=\"async\" width=\"1024\" height=\"576\" data-id=\"11945\" src=\"https:\/\/www.huelvaysusfotografos.com\/wp-content\/uploads\/2022\/09\/3-1024x576.jpg\" alt=\"\" class=\"wp-image-11945\" srcset=\"https:\/\/www.huelvaysusfotografos.com\/wp-content\/uploads\/2022\/09\/3-1024x576.jpg 1024w, https:\/\/www.huelvaysusfotografos.com\/wp-content\/uploads\/2022\/09\/3-300x169.jpg 300w, https:\/\/www.huelvaysusfotografos.com\/wp-content\/uploads\/2022\/09\/3-768x432.jpg 768w, https:\/\/www.huelvaysusfotografos.com\/wp-content\/uploads\/2022\/09\/3-1536x864.jpg 1536w, https:\/\/www.huelvaysusfotografos.com\/wp-content\/uploads\/2022\/09\/3-620x350.jpg 620w, https:\/\/www.huelvaysusfotografos.com\/wp-content\/uploads\/2022\/09\/3.jpg 1600w\" sizes=\"auto, (max-width: 1024px) 100vw, 1024px\" \/><\/a><\/figure>\n\n\n\n<figure class=\"wp-block-image size-large\"><a href=\"https:\/\/www.huelvaysusfotografos.com\/wp-content\/uploads\/2022\/09\/4.jpg\"><img loading=\"lazy\" decoding=\"async\" width=\"1024\" height=\"576\" data-id=\"11942\" src=\"https:\/\/www.huelvaysusfotografos.com\/wp-content\/uploads\/2022\/09\/4-1024x576.jpg\" alt=\"\" class=\"wp-image-11942\" srcset=\"https:\/\/www.huelvaysusfotografos.com\/wp-content\/uploads\/2022\/09\/4-1024x576.jpg 1024w, https:\/\/www.huelvaysusfotografos.com\/wp-content\/uploads\/2022\/09\/4-300x169.jpg 300w, https:\/\/www.huelvaysusfotografos.com\/wp-content\/uploads\/2022\/09\/4-768x432.jpg 768w, https:\/\/www.huelvaysusfotografos.com\/wp-content\/uploads\/2022\/09\/4-1536x864.jpg 1536w, https:\/\/www.huelvaysusfotografos.com\/wp-content\/uploads\/2022\/09\/4-620x350.jpg 620w, https:\/\/www.huelvaysusfotografos.com\/wp-content\/uploads\/2022\/09\/4.jpg 1600w\" sizes=\"auto, (max-width: 1024px) 100vw, 1024px\" \/><\/a><\/figure>\n\n\n\n<figure class=\"wp-block-image size-large\"><a href=\"https:\/\/www.huelvaysusfotografos.com\/wp-content\/uploads\/2022\/09\/5.jpg\"><img loading=\"lazy\" decoding=\"async\" width=\"1024\" height=\"576\" data-id=\"11944\" src=\"https:\/\/www.huelvaysusfotografos.com\/wp-content\/uploads\/2022\/09\/5-1024x576.jpg\" alt=\"\" class=\"wp-image-11944\" srcset=\"https:\/\/www.huelvaysusfotografos.com\/wp-content\/uploads\/2022\/09\/5-1024x576.jpg 1024w, https:\/\/www.huelvaysusfotografos.com\/wp-content\/uploads\/2022\/09\/5-300x169.jpg 300w, https:\/\/www.huelvaysusfotografos.com\/wp-content\/uploads\/2022\/09\/5-768x432.jpg 768w, https:\/\/www.huelvaysusfotografos.com\/wp-content\/uploads\/2022\/09\/5-1536x864.jpg 1536w, https:\/\/www.huelvaysusfotografos.com\/wp-content\/uploads\/2022\/09\/5-620x350.jpg 620w, https:\/\/www.huelvaysusfotografos.com\/wp-content\/uploads\/2022\/09\/5.jpg 1600w\" sizes=\"auto, (max-width: 1024px) 100vw, 1024px\" \/><\/a><\/figure>\n\n\n\n<figure class=\"wp-block-image size-large\"><a href=\"https:\/\/www.huelvaysusfotografos.com\/wp-content\/uploads\/2022\/09\/7.1.jpg\"><img loading=\"lazy\" decoding=\"async\" width=\"1024\" height=\"576\" data-id=\"11943\" src=\"https:\/\/www.huelvaysusfotografos.com\/wp-content\/uploads\/2022\/09\/7.1-1024x576.jpg\" alt=\"\" class=\"wp-image-11943\" srcset=\"https:\/\/www.huelvaysusfotografos.com\/wp-content\/uploads\/2022\/09\/7.1-1024x576.jpg 1024w, https:\/\/www.huelvaysusfotografos.com\/wp-content\/uploads\/2022\/09\/7.1-300x169.jpg 300w, https:\/\/www.huelvaysusfotografos.com\/wp-content\/uploads\/2022\/09\/7.1-768x432.jpg 768w, https:\/\/www.huelvaysusfotografos.com\/wp-content\/uploads\/2022\/09\/7.1-1536x864.jpg 1536w, https:\/\/www.huelvaysusfotografos.com\/wp-content\/uploads\/2022\/09\/7.1-620x350.jpg 620w, https:\/\/www.huelvaysusfotografos.com\/wp-content\/uploads\/2022\/09\/7.1.jpg 1600w\" sizes=\"auto, (max-width: 1024px) 100vw, 1024px\" \/><\/a><\/figure>\n\n\n\n<figure class=\"wp-block-image size-large\"><a href=\"https:\/\/www.huelvaysusfotografos.com\/wp-content\/uploads\/2022\/09\/7.jpg\"><img loading=\"lazy\" decoding=\"async\" width=\"1024\" height=\"576\" data-id=\"11948\" src=\"https:\/\/www.huelvaysusfotografos.com\/wp-content\/uploads\/2022\/09\/7-1024x576.jpg\" alt=\"\" class=\"wp-image-11948\" srcset=\"https:\/\/www.huelvaysusfotografos.com\/wp-content\/uploads\/2022\/09\/7-1024x576.jpg 1024w, https:\/\/www.huelvaysusfotografos.com\/wp-content\/uploads\/2022\/09\/7-300x169.jpg 300w, https:\/\/www.huelvaysusfotografos.com\/wp-content\/uploads\/2022\/09\/7-768x432.jpg 768w, https:\/\/www.huelvaysusfotografos.com\/wp-content\/uploads\/2022\/09\/7-1536x864.jpg 1536w, https:\/\/www.huelvaysusfotografos.com\/wp-content\/uploads\/2022\/09\/7-620x350.jpg 620w, https:\/\/www.huelvaysusfotografos.com\/wp-content\/uploads\/2022\/09\/7.jpg 1600w\" sizes=\"auto, (max-width: 1024px) 100vw, 1024px\" \/><\/a><\/figure>\n\n\n\n<figure class=\"wp-block-image size-large\"><a href=\"https:\/\/www.huelvaysusfotografos.com\/wp-content\/uploads\/2022\/09\/8.jpg\"><img loading=\"lazy\" decoding=\"async\" width=\"1024\" height=\"576\" data-id=\"11949\" src=\"https:\/\/www.huelvaysusfotografos.com\/wp-content\/uploads\/2022\/09\/8-1024x576.jpg\" alt=\"\" class=\"wp-image-11949\" srcset=\"https:\/\/www.huelvaysusfotografos.com\/wp-content\/uploads\/2022\/09\/8-1024x576.jpg 1024w, https:\/\/www.huelvaysusfotografos.com\/wp-content\/uploads\/2022\/09\/8-300x169.jpg 300w, https:\/\/www.huelvaysusfotografos.com\/wp-content\/uploads\/2022\/09\/8-768x432.jpg 768w, https:\/\/www.huelvaysusfotografos.com\/wp-content\/uploads\/2022\/09\/8-1536x864.jpg 1536w, https:\/\/www.huelvaysusfotografos.com\/wp-content\/uploads\/2022\/09\/8-620x350.jpg 620w, https:\/\/www.huelvaysusfotografos.com\/wp-content\/uploads\/2022\/09\/8.jpg 1600w\" sizes=\"auto, (max-width: 1024px) 100vw, 1024px\" \/><\/a><\/figure>\n\n\n\n<figure class=\"wp-block-image size-large\"><a href=\"https:\/\/www.huelvaysusfotografos.com\/wp-content\/uploads\/2022\/09\/9.jpg\"><img loading=\"lazy\" decoding=\"async\" width=\"1024\" height=\"576\" data-id=\"11950\" src=\"https:\/\/www.huelvaysusfotografos.com\/wp-content\/uploads\/2022\/09\/9-1024x576.jpg\" alt=\"\" class=\"wp-image-11950\" srcset=\"https:\/\/www.huelvaysusfotografos.com\/wp-content\/uploads\/2022\/09\/9-1024x576.jpg 1024w, https:\/\/www.huelvaysusfotografos.com\/wp-content\/uploads\/2022\/09\/9-300x169.jpg 300w, https:\/\/www.huelvaysusfotografos.com\/wp-content\/uploads\/2022\/09\/9-768x432.jpg 768w, https:\/\/www.huelvaysusfotografos.com\/wp-content\/uploads\/2022\/09\/9-1536x864.jpg 1536w, https:\/\/www.huelvaysusfotografos.com\/wp-content\/uploads\/2022\/09\/9-620x350.jpg 620w, https:\/\/www.huelvaysusfotografos.com\/wp-content\/uploads\/2022\/09\/9.jpg 1600w\" sizes=\"auto, (max-width: 1024px) 100vw, 1024px\" \/><\/a><\/figure>\n\n\n\n<figure class=\"wp-block-image size-large\"><a href=\"https:\/\/www.huelvaysusfotografos.com\/wp-content\/uploads\/2022\/09\/10.jpg\"><img loading=\"lazy\" decoding=\"async\" width=\"1024\" height=\"576\" data-id=\"11951\" src=\"https:\/\/www.huelvaysusfotografos.com\/wp-content\/uploads\/2022\/09\/10-1024x576.jpg\" alt=\"\" class=\"wp-image-11951\" srcset=\"https:\/\/www.huelvaysusfotografos.com\/wp-content\/uploads\/2022\/09\/10-1024x576.jpg 1024w, https:\/\/www.huelvaysusfotografos.com\/wp-content\/uploads\/2022\/09\/10-300x169.jpg 300w, https:\/\/www.huelvaysusfotografos.com\/wp-content\/uploads\/2022\/09\/10-768x432.jpg 768w, https:\/\/www.huelvaysusfotografos.com\/wp-content\/uploads\/2022\/09\/10-1536x864.jpg 1536w, https:\/\/www.huelvaysusfotografos.com\/wp-content\/uploads\/2022\/09\/10-620x350.jpg 620w, https:\/\/www.huelvaysusfotografos.com\/wp-content\/uploads\/2022\/09\/10.jpg 1600w\" sizes=\"auto, (max-width: 1024px) 100vw, 1024px\" \/><\/a><\/figure>\n\n\n\n<figure class=\"wp-block-image size-large\"><a href=\"https:\/\/www.huelvaysusfotografos.com\/wp-content\/uploads\/2022\/09\/11.jpg\"><img loading=\"lazy\" decoding=\"async\" width=\"1024\" height=\"576\" data-id=\"11952\" src=\"https:\/\/www.huelvaysusfotografos.com\/wp-content\/uploads\/2022\/09\/11-1024x576.jpg\" alt=\"\" class=\"wp-image-11952\" srcset=\"https:\/\/www.huelvaysusfotografos.com\/wp-content\/uploads\/2022\/09\/11-1024x576.jpg 1024w, https:\/\/www.huelvaysusfotografos.com\/wp-content\/uploads\/2022\/09\/11-300x169.jpg 300w, https:\/\/www.huelvaysusfotografos.com\/wp-content\/uploads\/2022\/09\/11-768x432.jpg 768w, https:\/\/www.huelvaysusfotografos.com\/wp-content\/uploads\/2022\/09\/11-1536x864.jpg 1536w, https:\/\/www.huelvaysusfotografos.com\/wp-content\/uploads\/2022\/09\/11-620x350.jpg 620w, https:\/\/www.huelvaysusfotografos.com\/wp-content\/uploads\/2022\/09\/11.jpg 2048w\" sizes=\"auto, (max-width: 1024px) 100vw, 1024px\" \/><\/a><\/figure>\n\n\n\n<figure class=\"wp-block-image size-large\"><a href=\"https:\/\/www.huelvaysusfotografos.com\/wp-content\/uploads\/2022\/09\/12.jpg\"><img loading=\"lazy\" decoding=\"async\" width=\"1024\" height=\"576\" data-id=\"11953\" src=\"https:\/\/www.huelvaysusfotografos.com\/wp-content\/uploads\/2022\/09\/12-1024x576.jpg\" alt=\"\" class=\"wp-image-11953\" srcset=\"https:\/\/www.huelvaysusfotografos.com\/wp-content\/uploads\/2022\/09\/12-1024x576.jpg 1024w, https:\/\/www.huelvaysusfotografos.com\/wp-content\/uploads\/2022\/09\/12-300x169.jpg 300w, https:\/\/www.huelvaysusfotografos.com\/wp-content\/uploads\/2022\/09\/12-768x432.jpg 768w, https:\/\/www.huelvaysusfotografos.com\/wp-content\/uploads\/2022\/09\/12-1536x864.jpg 1536w, https:\/\/www.huelvaysusfotografos.com\/wp-content\/uploads\/2022\/09\/12-620x350.jpg 620w, https:\/\/www.huelvaysusfotografos.com\/wp-content\/uploads\/2022\/09\/12.jpg 2048w\" sizes=\"auto, (max-width: 1024px) 100vw, 1024px\" \/><\/a><\/figure>\n\n\n\n<figure class=\"wp-block-image size-large\"><a href=\"https:\/\/www.huelvaysusfotografos.com\/wp-content\/uploads\/2022\/09\/13.jpg\"><img loading=\"lazy\" decoding=\"async\" width=\"576\" height=\"1024\" data-id=\"11954\" src=\"https:\/\/www.huelvaysusfotografos.com\/wp-content\/uploads\/2022\/09\/13-576x1024.jpg\" alt=\"\" class=\"wp-image-11954\" srcset=\"https:\/\/www.huelvaysusfotografos.com\/wp-content\/uploads\/2022\/09\/13-576x1024.jpg 576w, https:\/\/www.huelvaysusfotografos.com\/wp-content\/uploads\/2022\/09\/13-169x300.jpg 169w, https:\/\/www.huelvaysusfotografos.com\/wp-content\/uploads\/2022\/09\/13-768x1365.jpg 768w, https:\/\/www.huelvaysusfotografos.com\/wp-content\/uploads\/2022\/09\/13-864x1536.jpg 864w, https:\/\/www.huelvaysusfotografos.com\/wp-content\/uploads\/2022\/09\/13.jpg 1152w\" sizes=\"auto, (max-width: 576px) 100vw, 576px\" \/><\/a><\/figure>\n<\/figure>\n","protected":false},"excerpt":{"rendered":"<p>La tarde noche del pasado viernes 9 de septiembre, el alcalde la de la localidad onubense de Aljaraque, D. David Toscano, junto a la Concejal de Cultura de dicha localidad Ana Mora, inauguraban la exposici\u00f3n itinerante de El Agua y El Puerto. Como bien saben esta exposici\u00f3n itinerante esta recorriendo la provincia de Huelva, desde su inauguraci\u00f3n en el mes de enero en el Centro de Recepci\u00f3n y Documentaci\u00f3n del<\/p>\n<div class=\"belowpost\"><a class=\"btnmore\" href=\"https:\/\/www.huelvaysusfotografos.com\/?p=11940\">Seguir leyendo<\/a><\/div>\n","protected":false},"author":8279,"featured_media":11941,"comment_status":"open","ping_status":"open","sticky":false,"template":"","format":"standard","meta":{"footnotes":"","_links_to":"","_links_to_target":""},"categories":[23],"tags":[],"class_list":["post-11940","post","type-post","status-publish","format-standard","has-post-thumbnail","hentry","category-exposiciones"],"_links":{"self":[{"href":"https:\/\/www.huelvaysusfotografos.com\/index.php?rest_route=\/wp\/v2\/posts\/11940","targetHints":{"allow":["GET"]}}],"collection":[{"href":"https:\/\/www.huelvaysusfotografos.com\/index.php?rest_route=\/wp\/v2\/posts"}],"about":[{"href":"https:\/\/www.huelvaysusfotografos.com\/index.php?rest_route=\/wp\/v2\/types\/post"}],"author":[{"embeddable":true,"href":"https:\/\/www.huelvaysusfotografos.com\/index.php?rest_route=\/wp\/v2\/users\/8279"}],"replies":[{"embeddable":true,"href":"https:\/\/www.huelvaysusfotografos.com\/index.php?rest_route=%2Fwp%2Fv2%2Fcomments&post=11940"}],"version-history":[{"count":1,"href":"https:\/\/www.huelvaysusfotografos.com\/index.php?rest_route=\/wp\/v2\/posts\/11940\/revisions"}],"predecessor-version":[{"id":11955,"href":"https:\/\/www.huelvaysusfotografos.com\/index.php?rest_route=\/wp\/v2\/posts\/11940\/revisions\/11955"}],"wp:featuredmedia":[{"embeddable":true,"href":"https:\/\/www.huelvaysusfotografos.com\/index.php?rest_route=\/wp\/v2\/media\/11941"}],"wp:attachment":[{"href":"https:\/\/www.huelvaysusfotografos.com\/index.php?rest_route=%2Fwp%2Fv2%2Fmedia&parent=11940"}],"wp:term":[{"taxonomy":"category","embeddable":true,"href":"https:\/\/www.huelvaysusfotografos.com\/index.php?rest_route=%2Fwp%2Fv2%2Fcategories&post=11940"},{"taxonomy":"post_tag","embeddable":true,"href":"https:\/\/www.huelvaysusfotografos.com\/index.php?rest_route=%2Fwp%2Fv2%2Ftags&post=11940"}],"curies":[{"name":"wp","href":"https:\/\/api.w.org\/{rel}","templated":true}]}}