{"id":11934,"date":"2022-09-09T16:23:24","date_gmt":"2022-09-09T14:23:24","guid":{"rendered":"https:\/\/www.huelvaysusfotografos.com\/?p=11934"},"modified":"2022-09-21T11:34:32","modified_gmt":"2022-09-21T09:34:32","slug":"la-asociacion-huelva-y-sus-fotografos-otorga-los-ii-premios-carrete","status":"publish","type":"post","link":"https:\/\/www.huelvaysusfotografos.com\/?p=11934","title":{"rendered":"La Asociaci\u00f3n Huelva y sus Fot\u00f3grafos, otorga los II Premios Carrete."},"content":{"rendered":"\n<p><strong><em>II Premios Carrete que entregar\u00e1 la Asociaci\u00f3n Huelva y sus Fot\u00f3grafos en su gala aniversario.<\/em><\/strong><\/p>\n\n\n\n<p><strong><em>Los galardonados son La Unidad de Oncolog\u00eda del Hospital Universitario Juan Ram\u00f3n Jim\u00e9nez, Ferronol Servicios, Fundaci\u00f3n Caja Rural del Sur, Obra Social Hermandad del Calvario y <\/em>Associa\u00e7\u00e3o e Nucleo de Amigos Fotografos do Algarve &#8211; ANAFA<\/strong><\/p>\n\n\n\n<p>La Asociaci\u00f3n Huelva y sus Fot\u00f3grafos instauraban el a\u00f1o pasado los premios Carrete.<\/p>\n\n\n\n<p>En el a\u00f1o 2021, se llegaba a los diez a\u00f1os de la fundaci\u00f3n de la Asociaci\u00f3n Huelva y sus fot\u00f3grafos y su junta directiva organizaba una gala aniversario donde entregaban los primeros premios Carrete.<\/p>\n\n\n\n<p>En su intenci\u00f3n de continuidad de estos premios, llega ahora la II edici\u00f3n de estos premios, que ser\u00e1n un referente de la sociedad onubense.<\/p>\n\n\n\n<p>Ser\u00e1 el pr\u00f3ximo viernes 11 de noviembre en el Centro de Recepci\u00f3n y Documentaci\u00f3n del Puerto de Huelva, donde tendr\u00e1 lugar la Gala del XI Aniversario de la Asociaci\u00f3n Huelva y sus Fot\u00f3grafos a las 19.00 horas.<\/p>\n\n\n\n<p>Los Premios Carrete, nacen para reconocer la labor y el trabajo de las distintas personas, Asociaciones e Instituciones que hacen lo mejor en cada uno de sus campos por y para nuestra Huelva.<\/p>\n\n\n\n<p>Se instauran los <strong>premios Carrete<\/strong>, que se denominar\u00e1n <strong><em>Dinamizador, Solidario, Sanitario, Comunicaci\u00f3n y Hermanamiento<\/em><\/strong>.<\/p>\n\n\n\n<p><em><u>Los galardonados con los II premios Carrete de este 2022 son:<\/u><\/em><\/p>\n\n\n\n<p><strong>Carrete Dinamizador<\/strong>.- A la empresa <strong>Ferronol l\u00edder en servicios<\/strong>. Una empresa onubense con marcado acento dinamizador y sostenible con el medio ambiente. Que brinda a sus clientes un servicio exclusivo durante todo el a\u00f1o.<\/p>\n\n\n\n<p>Recoge el premio.- <strong>D.<\/strong> <strong>Jos\u00e9 Borrego, presidente de Ferronol Servicios.<\/strong><\/p>\n\n\n\n<p><strong>Carrete Sanitario<\/strong>.- A la Unidad de <strong>Oncolog\u00eda del Hospital Universitario Juan Ram\u00f3n Jim\u00e9nez<\/strong>, por la incansable labor humana y de apoyo a las familias que llevan a\u00f1o tras a\u00f1o.<\/p>\n\n\n\n<p>Recoger\u00e1 el premio.- <strong>D.<\/strong> <strong>Juan Bayo Calero<\/strong><\/p>\n\n\n\n<p><strong>Carrete Solidario<\/strong>.- A la <strong>Obra Social Hermandad del Calvario de Huelva<\/strong>, por su incansable trabajo durante toda la pandemia y siguen en esa inestimable labor para ayudar a los m\u00e1s necesitados.<\/p>\n\n\n\n<p>Recoger\u00e1 el premio.- <strong>D.<\/strong> <strong>Jes\u00fas Prada, Hermano Mayor de Calvario.<\/strong><\/p>\n\n\n\n<p><strong>Carrete Comunicaci\u00f3n<\/strong>.- A la <strong>Fundaci\u00f3n Caja Rural del Sur<\/strong>, por su labor de divulgaci\u00f3n de la cultura y promover a los autores onubenses en todas sus vertientes art\u00edsticas.<\/p>\n\n\n\n<p>Recoger\u00e1 el premio.- <strong>D. Emilio Ponce<\/strong>. Director de la Fundaci\u00f3n Caja Rural del Sur.<\/p>\n\n\n\n<p><strong>Carrete de Hermanamiento<\/strong>.- Se har\u00e1 entrega a Asociaciones fotogr\u00e1ficas de nuestra provincia y de otras a nivel nacional, con el objeto de acercar sinergias entre las distintas asociaciones. Este a\u00f1o el premio recaer\u00e1 en <strong>Associa\u00e7\u00e3o e Nucleo de Amigos Fotografos do Algarve &#8211; ANAFA<\/strong><\/p>\n\n\n\n<p>Recoge el premio<strong>.- D. Joao Ribeiro de la&nbsp; Associa\u00e7\u00e3o e Nucleo de Amigos Fotografos do Algarve (Portugal)<\/strong><\/p>\n\n\n\n<p>Como maestro de ceremonias y conductor del acto contaremos con un reconocido periodista.<\/p>\n","protected":false},"excerpt":{"rendered":"<p>II Premios Carrete que entregar\u00e1 la Asociaci\u00f3n Huelva y sus Fot\u00f3grafos en su gala aniversario. Los galardonados son La Unidad de Oncolog\u00eda del Hospital Universitario Juan Ram\u00f3n Jim\u00e9nez, Ferronol Servicios, Fundaci\u00f3n Caja Rural del Sur, Obra Social Hermandad del Calvario y Associa\u00e7\u00e3o e Nucleo de Amigos Fotografos do Algarve &#8211; ANAFA La Asociaci\u00f3n Huelva y sus Fot\u00f3grafos instauraban el a\u00f1o pasado los premios Carrete. En el a\u00f1o 2021, se llegaba<\/p>\n<div class=\"belowpost\"><a class=\"btnmore\" href=\"https:\/\/www.huelvaysusfotografos.com\/?p=11934\">Seguir leyendo<\/a><\/div>\n","protected":false},"author":8279,"featured_media":11936,"comment_status":"open","ping_status":"open","sticky":false,"template":"","format":"standard","meta":{"footnotes":"","_links_to":"","_links_to_target":""},"categories":[3],"tags":[],"class_list":["post-11934","post","type-post","status-publish","format-standard","has-post-thumbnail","hentry","category-noticias"],"_links":{"self":[{"href":"https:\/\/www.huelvaysusfotografos.com\/index.php?rest_route=\/wp\/v2\/posts\/11934","targetHints":{"allow":["GET"]}}],"collection":[{"href":"https:\/\/www.huelvaysusfotografos.com\/index.php?rest_route=\/wp\/v2\/posts"}],"about":[{"href":"https:\/\/www.huelvaysusfotografos.com\/index.php?rest_route=\/wp\/v2\/types\/post"}],"author":[{"embeddable":true,"href":"https:\/\/www.huelvaysusfotografos.com\/index.php?rest_route=\/wp\/v2\/users\/8279"}],"replies":[{"embeddable":true,"href":"https:\/\/www.huelvaysusfotografos.com\/index.php?rest_route=%2Fwp%2Fv2%2Fcomments&post=11934"}],"version-history":[{"count":4,"href":"https:\/\/www.huelvaysusfotografos.com\/index.php?rest_route=\/wp\/v2\/posts\/11934\/revisions"}],"predecessor-version":[{"id":11965,"href":"https:\/\/www.huelvaysusfotografos.com\/index.php?rest_route=\/wp\/v2\/posts\/11934\/revisions\/11965"}],"wp:featuredmedia":[{"embeddable":true,"href":"https:\/\/www.huelvaysusfotografos.com\/index.php?rest_route=\/wp\/v2\/media\/11936"}],"wp:attachment":[{"href":"https:\/\/www.huelvaysusfotografos.com\/index.php?rest_route=%2Fwp%2Fv2%2Fmedia&parent=11934"}],"wp:term":[{"taxonomy":"category","embeddable":true,"href":"https:\/\/www.huelvaysusfotografos.com\/index.php?rest_route=%2Fwp%2Fv2%2Fcategories&post=11934"},{"taxonomy":"post_tag","embeddable":true,"href":"https:\/\/www.huelvaysusfotografos.com\/index.php?rest_route=%2Fwp%2Fv2%2Ftags&post=11934"}],"curies":[{"name":"wp","href":"https:\/\/api.w.org\/{rel}","templated":true}]}}