{"id":11914,"date":"2022-08-19T11:30:27","date_gmt":"2022-08-19T09:30:27","guid":{"rendered":"https:\/\/www.huelvaysusfotografos.com\/?p=11914"},"modified":"2022-08-19T11:30:28","modified_gmt":"2022-08-19T09:30:28","slug":"quedada-nocturna-en-tharsis-con-los-companeros-de-accof","status":"publish","type":"post","link":"https:\/\/www.huelvaysusfotografos.com\/?p=11914","title":{"rendered":"Quedada nocturna en Tharsis con los compa\u00f1eros de ACCOF."},"content":{"rendered":"\n<p>Siguiendo con las relaciones entre asociaciones con nuestra asociaci\u00f3n hermana de ACCOF, han programado una actividad para el pr\u00f3ximo 26 de agosto.<\/p>\n\n\n\n<p>El presidente de la ACCOF, Manuel Pascual, nos traslada la invitaci\u00f3n para esta actividad.<\/p>\n\n\n\n<p>Queremos trasladar a todos los socios de Huelva y sus Fot\u00f3grafos esta actividad, para aquellos que deseen compartir una jornada fotogr\u00e1fica.<\/p>\n\n\n\n<p><strong><em><u>Datos de inter\u00e9s para la quedada<\/u><\/em><\/strong><\/p>\n\n\n\n<p>Lugar de encuentro.-&nbsp; Se quedar\u00e1 en la Estaci\u00f3n de Servicio en la entrada de Tharsis a las 19,30 horas.<\/p>\n\n\n\n<p>La actividad est\u00e1 programada para hacer la Puesta de Sol y posteriormente V\u00eda L\u00e1ctea y Circumpolar.<\/p>\n\n\n\n<p>El equipo a llevar es el habitual: objetivos angulares, tr\u00edpode, interval\u00f3metro, etc.<\/p>\n\n\n\n<p>Recomendamos llevar silla ligera, ropa de abrigo, comida y bebida.<\/p>\n\n\n\n<figure class=\"wp-block-image size-full\"><a href=\"https:\/\/www.huelvaysusfotografos.com\/wp-content\/uploads\/2022\/08\/NOCTURNA-THARSIS-1.jpg\"><img loading=\"lazy\" decoding=\"async\" width=\"800\" height=\"1000\" src=\"https:\/\/www.huelvaysusfotografos.com\/wp-content\/uploads\/2022\/08\/NOCTURNA-THARSIS-1.jpg\" alt=\"\" class=\"wp-image-11916\" srcset=\"https:\/\/www.huelvaysusfotografos.com\/wp-content\/uploads\/2022\/08\/NOCTURNA-THARSIS-1.jpg 800w, https:\/\/www.huelvaysusfotografos.com\/wp-content\/uploads\/2022\/08\/NOCTURNA-THARSIS-1-240x300.jpg 240w, https:\/\/www.huelvaysusfotografos.com\/wp-content\/uploads\/2022\/08\/NOCTURNA-THARSIS-1-768x960.jpg 768w\" sizes=\"auto, (max-width: 800px) 100vw, 800px\" \/><\/a><\/figure>\n","protected":false},"excerpt":{"rendered":"<p>Siguiendo con las relaciones entre asociaciones con nuestra asociaci\u00f3n hermana de ACCOF, han programado una actividad para el pr\u00f3ximo 26 de agosto. El presidente de la ACCOF, Manuel Pascual, nos traslada la invitaci\u00f3n para esta actividad. Queremos trasladar a todos los socios de Huelva y sus Fot\u00f3grafos esta actividad, para aquellos que deseen compartir una jornada fotogr\u00e1fica. Datos de inter\u00e9s para la quedada Lugar de encuentro.-&nbsp; Se quedar\u00e1 en la<\/p>\n<div class=\"belowpost\"><a class=\"btnmore\" href=\"https:\/\/www.huelvaysusfotografos.com\/?p=11914\">Seguir leyendo<\/a><\/div>\n","protected":false},"author":8279,"featured_media":11915,"comment_status":"open","ping_status":"open","sticky":false,"template":"","format":"standard","meta":{"footnotes":"","_links_to":"","_links_to_target":""},"categories":[4],"tags":[],"class_list":["post-11914","post","type-post","status-publish","format-standard","has-post-thumbnail","hentry","category-actividades"],"_links":{"self":[{"href":"https:\/\/www.huelvaysusfotografos.com\/index.php?rest_route=\/wp\/v2\/posts\/11914","targetHints":{"allow":["GET"]}}],"collection":[{"href":"https:\/\/www.huelvaysusfotografos.com\/index.php?rest_route=\/wp\/v2\/posts"}],"about":[{"href":"https:\/\/www.huelvaysusfotografos.com\/index.php?rest_route=\/wp\/v2\/types\/post"}],"author":[{"embeddable":true,"href":"https:\/\/www.huelvaysusfotografos.com\/index.php?rest_route=\/wp\/v2\/users\/8279"}],"replies":[{"embeddable":true,"href":"https:\/\/www.huelvaysusfotografos.com\/index.php?rest_route=%2Fwp%2Fv2%2Fcomments&post=11914"}],"version-history":[{"count":1,"href":"https:\/\/www.huelvaysusfotografos.com\/index.php?rest_route=\/wp\/v2\/posts\/11914\/revisions"}],"predecessor-version":[{"id":11917,"href":"https:\/\/www.huelvaysusfotografos.com\/index.php?rest_route=\/wp\/v2\/posts\/11914\/revisions\/11917"}],"wp:featuredmedia":[{"embeddable":true,"href":"https:\/\/www.huelvaysusfotografos.com\/index.php?rest_route=\/wp\/v2\/media\/11915"}],"wp:attachment":[{"href":"https:\/\/www.huelvaysusfotografos.com\/index.php?rest_route=%2Fwp%2Fv2%2Fmedia&parent=11914"}],"wp:term":[{"taxonomy":"category","embeddable":true,"href":"https:\/\/www.huelvaysusfotografos.com\/index.php?rest_route=%2Fwp%2Fv2%2Fcategories&post=11914"},{"taxonomy":"post_tag","embeddable":true,"href":"https:\/\/www.huelvaysusfotografos.com\/index.php?rest_route=%2Fwp%2Fv2%2Ftags&post=11914"}],"curies":[{"name":"wp","href":"https:\/\/api.w.org\/{rel}","templated":true}]}}