{"id":11906,"date":"2022-08-18T15:46:14","date_gmt":"2022-08-18T13:46:14","guid":{"rendered":"https:\/\/www.huelvaysusfotografos.com\/?p=11906"},"modified":"2022-09-06T21:39:05","modified_gmt":"2022-09-06T19:39:05","slug":"aljaraque-proxima-parada-de-la-exposicion-colectiva","status":"publish","type":"post","link":"https:\/\/www.huelvaysusfotografos.com\/?p=11906","title":{"rendered":"Aljaraque pr\u00f3xima parada de la exposici\u00f3n colectiva."},"content":{"rendered":"\n<p>Nuestra exposici\u00f3n colectiva \u00abEl Agua y el Puerto\u00bb, sigue su recorrido por la provincia de Huelva.<\/p>\n\n\n\n<p>El municipio onubense de Aljaraque ser\u00e1 nuestro pr\u00f3ximo destino en el mes de septiembre, donde permanecer\u00e1 durante todo el mes.<\/p>\n\n\n\n<p>Una exposici\u00f3n que ya ha pasado por el Centro de Recepci\u00f3n y Documentaci\u00f3n de las cocheras del Puerto, las localidades de Ayamonte y Niebla y que ahora recae en Aljaraque, previo a las siguientes citas en las localidades de Cartaya y La Palma del Condado. <\/p>\n\n\n\n<p>Sin duda alguna se ha convertido en la exposici\u00f3n colectiva que la Asociaci\u00f3n Huelva y sus fot\u00f3grafos ha podido ser vista por m\u00e1s amantes de la fotograf\u00eda. <\/p>\n\n\n\n<p>Muchas gracias a tod@s.<\/p>\n\n\n\n<p>La exposici\u00f3n ser\u00e1 inaugurada el pr\u00f3ximo 9 de septiembre a las 20.00 horas. en la sala de exposiciones \u00abJon Castizo Ciluaga\u00bb, Edificio Municipal de Bellavista (Huelva).<\/p>\n\n\n\n<figure class=\"wp-block-image size-full\"><a href=\"https:\/\/www.huelvaysusfotografos.com\/wp-content\/uploads\/2022\/09\/Expo-el-agua-y-el-puerto-CON-NUEVO-HORARIO.jpg\"><img loading=\"lazy\" decoding=\"async\" width=\"900\" height=\"636\" src=\"https:\/\/www.huelvaysusfotografos.com\/wp-content\/uploads\/2022\/09\/Expo-el-agua-y-el-puerto-CON-NUEVO-HORARIO.jpg\" alt=\"\" class=\"wp-image-11929\" srcset=\"https:\/\/www.huelvaysusfotografos.com\/wp-content\/uploads\/2022\/09\/Expo-el-agua-y-el-puerto-CON-NUEVO-HORARIO.jpg 900w, https:\/\/www.huelvaysusfotografos.com\/wp-content\/uploads\/2022\/09\/Expo-el-agua-y-el-puerto-CON-NUEVO-HORARIO-300x212.jpg 300w, https:\/\/www.huelvaysusfotografos.com\/wp-content\/uploads\/2022\/09\/Expo-el-agua-y-el-puerto-CON-NUEVO-HORARIO-768x543.jpg 768w\" sizes=\"auto, (max-width: 900px) 100vw, 900px\" \/><\/a><\/figure>\n","protected":false},"excerpt":{"rendered":"<p>Nuestra exposici\u00f3n colectiva \u00abEl Agua y el Puerto\u00bb, sigue su recorrido por la provincia de Huelva. El municipio onubense de Aljaraque ser\u00e1 nuestro pr\u00f3ximo destino en el mes de septiembre, donde permanecer\u00e1 durante todo el mes. Una exposici\u00f3n que ya ha pasado por el Centro de Recepci\u00f3n y Documentaci\u00f3n de las cocheras del Puerto, las localidades de Ayamonte y Niebla y que ahora recae en Aljaraque, previo a las siguientes<\/p>\n<div class=\"belowpost\"><a class=\"btnmore\" href=\"https:\/\/www.huelvaysusfotografos.com\/?p=11906\">Seguir leyendo<\/a><\/div>\n","protected":false},"author":8279,"featured_media":11908,"comment_status":"open","ping_status":"open","sticky":false,"template":"","format":"standard","meta":{"footnotes":"","_links_to":"","_links_to_target":""},"categories":[23],"tags":[],"class_list":["post-11906","post","type-post","status-publish","format-standard","has-post-thumbnail","hentry","category-exposiciones"],"_links":{"self":[{"href":"https:\/\/www.huelvaysusfotografos.com\/index.php?rest_route=\/wp\/v2\/posts\/11906","targetHints":{"allow":["GET"]}}],"collection":[{"href":"https:\/\/www.huelvaysusfotografos.com\/index.php?rest_route=\/wp\/v2\/posts"}],"about":[{"href":"https:\/\/www.huelvaysusfotografos.com\/index.php?rest_route=\/wp\/v2\/types\/post"}],"author":[{"embeddable":true,"href":"https:\/\/www.huelvaysusfotografos.com\/index.php?rest_route=\/wp\/v2\/users\/8279"}],"replies":[{"embeddable":true,"href":"https:\/\/www.huelvaysusfotografos.com\/index.php?rest_route=%2Fwp%2Fv2%2Fcomments&post=11906"}],"version-history":[{"count":4,"href":"https:\/\/www.huelvaysusfotografos.com\/index.php?rest_route=\/wp\/v2\/posts\/11906\/revisions"}],"predecessor-version":[{"id":11930,"href":"https:\/\/www.huelvaysusfotografos.com\/index.php?rest_route=\/wp\/v2\/posts\/11906\/revisions\/11930"}],"wp:featuredmedia":[{"embeddable":true,"href":"https:\/\/www.huelvaysusfotografos.com\/index.php?rest_route=\/wp\/v2\/media\/11908"}],"wp:attachment":[{"href":"https:\/\/www.huelvaysusfotografos.com\/index.php?rest_route=%2Fwp%2Fv2%2Fmedia&parent=11906"}],"wp:term":[{"taxonomy":"category","embeddable":true,"href":"https:\/\/www.huelvaysusfotografos.com\/index.php?rest_route=%2Fwp%2Fv2%2Fcategories&post=11906"},{"taxonomy":"post_tag","embeddable":true,"href":"https:\/\/www.huelvaysusfotografos.com\/index.php?rest_route=%2Fwp%2Fv2%2Ftags&post=11906"}],"curies":[{"name":"wp","href":"https:\/\/api.w.org\/{rel}","templated":true}]}}