{"id":11637,"date":"2022-06-17T10:55:17","date_gmt":"2022-06-17T08:55:17","guid":{"rendered":"https:\/\/www.huelvaysusfotografos.com\/?p=11637"},"modified":"2022-06-17T10:55:19","modified_gmt":"2022-06-17T08:55:19","slug":"paseo-en-catamaran-por-marismas-del-odiel-2","status":"publish","type":"post","link":"https:\/\/www.huelvaysusfotografos.com\/?p=11637","title":{"rendered":"Paseo en Catamar\u00e1n por Marismas del Odiel."},"content":{"rendered":"\n<p>Volvemos un a\u00f1o m\u00e1s a realizar una traves\u00eda gracias a  la Autoridad Portuaria de Huelva, volveremos a realizar un paseo en Catamar\u00e1n por el R\u00edo Odiel y Marismas del Odiel. Parajes Naturales reserva de la Biosfera. <\/p>\n\n\n\n<p>Un paseo al atardecer para disfrutar de un paisaje espectacular y unos atardeceres \u00fanicos donde podremos dejar fluir nuestra imaginaci\u00f3n, c\u00e1mara en mano.<\/p>\n\n\n\n<p>Dentro del marco de actividades de Hermanamiento que se van a desarrollar en este a\u00f1o, nuestra Asociaci\u00f3n hermana de ACCOF, nos acompa\u00f1ara en esta traves\u00eda. <\/p>\n\n\n\n<p><strong>Evento<\/strong>.- Paseo en Catamar\u00e1n por R\u00edo Odiel y Marismas del Odiel.<\/p>\n\n\n\n<p><strong>D\u00eda .<\/strong>\u2013 &nbsp;Mi\u00e9rcoles 29 de junio de 2022<\/p>\n\n\n\n<p><strong>Hora .<\/strong>\u2013 &nbsp;Salida a las 20.00 horas, llegada a las 22.00 horas.<\/p>\n\n\n\n<p><strong>Lugar de salida<\/strong>.- &nbsp;Muelle de Levante Comercial de Huelva (junto a Cervecer\u00eda Bonilla Puerto).<\/p>\n\n\n\n<p><strong>Normas<\/strong>.- debemos estar en el lugar de salida con media hora de antelaci\u00f3n para organizar la subida al catamar\u00e1n, pues los asientos deben llevar el protocolo Covid-19.<\/p>\n\n\n\n<p><strong><u>OBLIGACIONES.-<\/u><\/strong><\/p>\n\n\n\n<p>1.- El grupo se compromete a cumplir los requisitos de seguridad sanitaria- COVID, en particular, la obligatoriedad del uso de la mascarilla y del mismo asiento en todo momento.<\/p>\n\n\n\n<p>2.- Se proh\u00edbe fumar.&nbsp;&nbsp;&nbsp;&nbsp;&nbsp;&nbsp;&nbsp;&nbsp;&nbsp;&nbsp;&nbsp;&nbsp;&nbsp;&nbsp;&nbsp;&nbsp;<\/p>\n\n\n\n<p>3.- Se proh\u00edbe arrojar objetos o basuras por la borda.<\/p>\n\n\n\n<p>4.- Se comunicar\u00e1 cualquier incidencia durante la traves\u00eda a la tripulaci\u00f3n de la embarcaci\u00f3n.<\/p>\n","protected":false},"excerpt":{"rendered":"<p>Volvemos un a\u00f1o m\u00e1s a realizar una traves\u00eda gracias a la Autoridad Portuaria de Huelva, volveremos a realizar un paseo en Catamar\u00e1n por el R\u00edo Odiel y Marismas del Odiel. Parajes Naturales reserva de la Biosfera. Un paseo al atardecer para disfrutar de un paisaje espectacular y unos atardeceres \u00fanicos donde podremos dejar fluir nuestra imaginaci\u00f3n, c\u00e1mara en mano. Dentro del marco de actividades de Hermanamiento que se van a<\/p>\n<div class=\"belowpost\"><a class=\"btnmore\" href=\"https:\/\/www.huelvaysusfotografos.com\/?p=11637\">Seguir leyendo<\/a><\/div>\n","protected":false},"author":8279,"featured_media":11638,"comment_status":"open","ping_status":"open","sticky":false,"template":"","format":"standard","meta":{"footnotes":"","_links_to":"","_links_to_target":""},"categories":[4],"tags":[],"class_list":["post-11637","post","type-post","status-publish","format-standard","has-post-thumbnail","hentry","category-actividades"],"_links":{"self":[{"href":"https:\/\/www.huelvaysusfotografos.com\/index.php?rest_route=\/wp\/v2\/posts\/11637","targetHints":{"allow":["GET"]}}],"collection":[{"href":"https:\/\/www.huelvaysusfotografos.com\/index.php?rest_route=\/wp\/v2\/posts"}],"about":[{"href":"https:\/\/www.huelvaysusfotografos.com\/index.php?rest_route=\/wp\/v2\/types\/post"}],"author":[{"embeddable":true,"href":"https:\/\/www.huelvaysusfotografos.com\/index.php?rest_route=\/wp\/v2\/users\/8279"}],"replies":[{"embeddable":true,"href":"https:\/\/www.huelvaysusfotografos.com\/index.php?rest_route=%2Fwp%2Fv2%2Fcomments&post=11637"}],"version-history":[{"count":1,"href":"https:\/\/www.huelvaysusfotografos.com\/index.php?rest_route=\/wp\/v2\/posts\/11637\/revisions"}],"predecessor-version":[{"id":11639,"href":"https:\/\/www.huelvaysusfotografos.com\/index.php?rest_route=\/wp\/v2\/posts\/11637\/revisions\/11639"}],"wp:featuredmedia":[{"embeddable":true,"href":"https:\/\/www.huelvaysusfotografos.com\/index.php?rest_route=\/wp\/v2\/media\/11638"}],"wp:attachment":[{"href":"https:\/\/www.huelvaysusfotografos.com\/index.php?rest_route=%2Fwp%2Fv2%2Fmedia&parent=11637"}],"wp:term":[{"taxonomy":"category","embeddable":true,"href":"https:\/\/www.huelvaysusfotografos.com\/index.php?rest_route=%2Fwp%2Fv2%2Fcategories&post=11637"},{"taxonomy":"post_tag","embeddable":true,"href":"https:\/\/www.huelvaysusfotografos.com\/index.php?rest_route=%2Fwp%2Fv2%2Ftags&post=11637"}],"curies":[{"name":"wp","href":"https:\/\/api.w.org\/{rel}","templated":true}]}}