{"id":11633,"date":"2022-06-21T08:37:00","date_gmt":"2022-06-21T06:37:00","guid":{"rendered":"https:\/\/www.huelvaysusfotografos.com\/?p=11633"},"modified":"2022-06-16T19:40:35","modified_gmt":"2022-06-16T17:40:35","slug":"quedada-saca-de-las-yeguas-2022","status":"publish","type":"post","link":"https:\/\/www.huelvaysusfotografos.com\/?p=11633","title":{"rendered":"Quedada Saca de Las Yeguas 2022"},"content":{"rendered":"\n<p>Despu\u00e9s de dos a\u00f1os de interrupci\u00f3n como consecuencia de la crisis sanitaria provocada por la pandemia por coronavirus,&nbsp;<strong>Almonte recupera este pr\u00f3ximo 26 de junio la Saca de las Yeguas<\/strong>, una de sus tradiciones m\u00e1s ancestrales y caracter\u00edsticas y que mejor define la relaci\u00f3n hist\u00f3rica del municipio con el Espacio Natural de Do\u00f1ana.<\/p>\n\n\n\n<p>El 26 de junio se realizar\u00e1 el tradicional y espectacular traslado de las yeguas a Almonte, previo paso, por la ma\u00f1ana, por la aldea de El Roc\u00edo, donde los ganaderos, organizados en varias tropas, presentar\u00e1n sus reses ante la Virgen. La entrada al municipio est\u00e1 prevista sobre las 19:00, tras lo que se dirigir\u00e1n al Recinto Ganadero Municipal.<\/p>\n\n\n\n<p>La Saca de las Yeguas es una de las tradiciones m\u00e1s emblem\u00e1ticas del pueblo de Almonte, como destaca el propio consistorio en su web de turismo. Aunque existen numerosas referencias hist\u00f3ricas antiqu\u00edsimas que atestiguan este evento como un acontecimiento ganadero ancestral, no es hasta 1504, cuando&nbsp;<strong>por medio de la Ordenanza del Duque de Medina Sidonia, se regulariza oficialmente<\/strong>. En aquella ordenanza aparece la figura del&nbsp;<em>yeg\u00fcerizo<\/em>&nbsp;y se establece que el ganado se moviese de los prados acotados al efecto hasta Almonte, coincidiendo con la festividad de San Pedro, Patr\u00f3n del pueblo.<\/p>\n\n\n\n<p>As\u00ed, desde hace siglos,&nbsp;<strong>cada 26 de junio los yeg\u00fcerizos almonte\u00f1os van en busca del ganado que ha permanecido pastando durante todo el a\u00f1o en distintos enclaves del Espacio Natural de Do\u00f1ana<\/strong>, para conducirlo hasta Almonte.<\/p>\n\n\n\n<p>El rodeo comienza desde muy temprano y finaliza al mediod\u00eda. Consiste en que los yeg\u00fcerizos, con la ayuda de su vara o chivata,&nbsp;<strong>van uniendo las tropas dispersas que vienen de diferentes zonas o parajes<\/strong>&nbsp;como la Vera, Los Sotos, Veta La Arena, etc\u2026 Una vez reunidas en tropas manejables,&nbsp;<strong>son conducidas a zona de marisma para hacer el gran rodeo y preparar su viaje hasta el pueblo<\/strong>. De camino al pueblo atraviesan la Aldea del Roc\u00edo y a su paso por el Santuario de la Virgen, los yeg\u00fcerizos hacen una primera parada, para ser bendecidos por el sacerdote y rezar una salve.<\/p>\n\n\n\n<p><strong><u>Actividad.<\/u><\/strong><strong>&#8211; <\/strong>Saca de las Yeguas<\/p>\n\n\n\n<p><strong><u>Lugar:<\/u><\/strong> El Roc\u00edo (Huelva)<\/p>\n\n\n\n<p><strong><u>Fecha:<\/u><\/strong> El domingo 26 de junio de 2022, por la ma\u00f1ana, tiene lugar la tradicional saca de las yeguas, que forma parte de los actos de la Feria de San Pedro, patr\u00f3n de Almonte.<\/p>\n\n\n\n<p><strong><u>Hora:<\/u><\/strong> desde las 9.00 horas.<\/p>\n\n\n\n<div class=\"wp-block-image\"><figure class=\"aligncenter size-full\"><a href=\"https:\/\/www.huelvaysusfotografos.com\/wp-content\/uploads\/2022\/06\/CARTEL-SACA-DE-LAS-YEGUAS-1.jpg\"><img loading=\"lazy\" decoding=\"async\" width=\"616\" height=\"550\" src=\"https:\/\/www.huelvaysusfotografos.com\/wp-content\/uploads\/2022\/06\/CARTEL-SACA-DE-LAS-YEGUAS-1.jpg\" alt=\"\" class=\"wp-image-11635\" srcset=\"https:\/\/www.huelvaysusfotografos.com\/wp-content\/uploads\/2022\/06\/CARTEL-SACA-DE-LAS-YEGUAS-1.jpg 616w, https:\/\/www.huelvaysusfotografos.com\/wp-content\/uploads\/2022\/06\/CARTEL-SACA-DE-LAS-YEGUAS-1-300x268.jpg 300w\" sizes=\"auto, (max-width: 616px) 100vw, 616px\" \/><\/a><\/figure><\/div>\n","protected":false},"excerpt":{"rendered":"<p>Despu\u00e9s de dos a\u00f1os de interrupci\u00f3n como consecuencia de la crisis sanitaria provocada por la pandemia por coronavirus,&nbsp;Almonte recupera este pr\u00f3ximo 26 de junio la Saca de las Yeguas, una de sus tradiciones m\u00e1s ancestrales y caracter\u00edsticas y que mejor define la relaci\u00f3n hist\u00f3rica del municipio con el Espacio Natural de Do\u00f1ana. El 26 de junio se realizar\u00e1 el tradicional y espectacular traslado de las yeguas a Almonte, previo paso,<\/p>\n<div class=\"belowpost\"><a class=\"btnmore\" href=\"https:\/\/www.huelvaysusfotografos.com\/?p=11633\">Seguir leyendo<\/a><\/div>\n","protected":false},"author":8279,"featured_media":11634,"comment_status":"open","ping_status":"open","sticky":false,"template":"","format":"standard","meta":{"footnotes":"","_links_to":"","_links_to_target":""},"categories":[4,6],"tags":[],"class_list":["post-11633","post","type-post","status-publish","format-standard","has-post-thumbnail","hentry","category-actividades","category-quedadas"],"_links":{"self":[{"href":"https:\/\/www.huelvaysusfotografos.com\/index.php?rest_route=\/wp\/v2\/posts\/11633","targetHints":{"allow":["GET"]}}],"collection":[{"href":"https:\/\/www.huelvaysusfotografos.com\/index.php?rest_route=\/wp\/v2\/posts"}],"about":[{"href":"https:\/\/www.huelvaysusfotografos.com\/index.php?rest_route=\/wp\/v2\/types\/post"}],"author":[{"embeddable":true,"href":"https:\/\/www.huelvaysusfotografos.com\/index.php?rest_route=\/wp\/v2\/users\/8279"}],"replies":[{"embeddable":true,"href":"https:\/\/www.huelvaysusfotografos.com\/index.php?rest_route=%2Fwp%2Fv2%2Fcomments&post=11633"}],"version-history":[{"count":1,"href":"https:\/\/www.huelvaysusfotografos.com\/index.php?rest_route=\/wp\/v2\/posts\/11633\/revisions"}],"predecessor-version":[{"id":11636,"href":"https:\/\/www.huelvaysusfotografos.com\/index.php?rest_route=\/wp\/v2\/posts\/11633\/revisions\/11636"}],"wp:featuredmedia":[{"embeddable":true,"href":"https:\/\/www.huelvaysusfotografos.com\/index.php?rest_route=\/wp\/v2\/media\/11634"}],"wp:attachment":[{"href":"https:\/\/www.huelvaysusfotografos.com\/index.php?rest_route=%2Fwp%2Fv2%2Fmedia&parent=11633"}],"wp:term":[{"taxonomy":"category","embeddable":true,"href":"https:\/\/www.huelvaysusfotografos.com\/index.php?rest_route=%2Fwp%2Fv2%2Fcategories&post=11633"},{"taxonomy":"post_tag","embeddable":true,"href":"https:\/\/www.huelvaysusfotografos.com\/index.php?rest_route=%2Fwp%2Fv2%2Ftags&post=11633"}],"curies":[{"name":"wp","href":"https:\/\/api.w.org\/{rel}","templated":true}]}}