{"id":11502,"date":"2022-06-10T01:27:39","date_gmt":"2022-06-09T23:27:39","guid":{"rendered":"https:\/\/www.huelvaysusfotografos.com\/?p=11502"},"modified":"2022-06-10T01:27:40","modified_gmt":"2022-06-09T23:27:40","slug":"curso-de-iniciacion-a-la-fotografia","status":"publish","type":"post","link":"https:\/\/www.huelvaysusfotografos.com\/?p=11502","title":{"rendered":"Curso de Iniciaci\u00f3n a la Fotograf\u00eda."},"content":{"rendered":"\n<p>Desde la Asociaci\u00f3n Huelva y sus Fot\u00f3grafos ponemos en marcha en I Curso de Iniciaci\u00f3n a la Fotograf\u00eda.<\/p>\n\n\n\n<p>Curso para toma de contacto, repasar conceptos y ponernos al d\u00eda, que seguro que algunas cosas se nos pasan por alto.<\/p>\n\n\n\n<p>Iniciamos este curso de la mano de nuestra vicepresidenta Pilar Rodr\u00edguez, quien nos ir\u00e1 desgranando los conceptos necesarios para iniciarnos en este apasionante mundo de la fotograf\u00eda.<\/p>\n\n\n\n<p>Un variado espectro de l\u00edneas de la fotograf\u00eda ser\u00e1 nuestro punto de partida. Historia, La luz: ley inversa de los cuadrados, fuentes de luz, Natural\/artificial, Iluminaci\u00f3n.<\/p>\n\n\n\n<p>La c\u00e1mara: lentes, objetivos, diafragma, sensor, obturador. Iso, Lentes, Objetivos.<\/p>\n\n\n\n<p>Expos\u00edmetro\/fot\u00f3metro. Encuadre.<\/p>\n\n\n\n<p>El curso se llevar\u00e1 a cabo en el IES La Orden los d\u00edas 22 y&nbsp; 23 de junio en horario de 19.00 a 21.00 horas.<\/p>\n\n\n\n<p>Todo el que desee acudir al curso debe inscribirse enviando un correo con sus datos personales al mail de la Asociaci\u00f3n, antes del 20 de Junio.<\/p>\n\n\n\n<p>Mail de la asociaci\u00f3n.- <a href=\"mailto:huelvaysf@gmail.com\">huelvaysf@gmail.com<\/a><\/p>\n","protected":false},"excerpt":{"rendered":"<p>Desde la Asociaci\u00f3n Huelva y sus Fot\u00f3grafos ponemos en marcha en I Curso de Iniciaci\u00f3n a la Fotograf\u00eda. Curso para toma de contacto, repasar conceptos y ponernos al d\u00eda, que seguro que algunas cosas se nos pasan por alto. Iniciamos este curso de la mano de nuestra vicepresidenta Pilar Rodr\u00edguez, quien nos ir\u00e1 desgranando los conceptos necesarios para iniciarnos en este apasionante mundo de la fotograf\u00eda. Un variado espectro de<\/p>\n<div class=\"belowpost\"><a class=\"btnmore\" href=\"https:\/\/www.huelvaysusfotografos.com\/?p=11502\">Seguir leyendo<\/a><\/div>\n","protected":false},"author":8279,"featured_media":11503,"comment_status":"open","ping_status":"open","sticky":false,"template":"","format":"standard","meta":{"footnotes":"","_links_to":"","_links_to_target":""},"categories":[14],"tags":[],"class_list":["post-11502","post","type-post","status-publish","format-standard","has-post-thumbnail","hentry","category-cursos"],"_links":{"self":[{"href":"https:\/\/www.huelvaysusfotografos.com\/index.php?rest_route=\/wp\/v2\/posts\/11502","targetHints":{"allow":["GET"]}}],"collection":[{"href":"https:\/\/www.huelvaysusfotografos.com\/index.php?rest_route=\/wp\/v2\/posts"}],"about":[{"href":"https:\/\/www.huelvaysusfotografos.com\/index.php?rest_route=\/wp\/v2\/types\/post"}],"author":[{"embeddable":true,"href":"https:\/\/www.huelvaysusfotografos.com\/index.php?rest_route=\/wp\/v2\/users\/8279"}],"replies":[{"embeddable":true,"href":"https:\/\/www.huelvaysusfotografos.com\/index.php?rest_route=%2Fwp%2Fv2%2Fcomments&post=11502"}],"version-history":[{"count":1,"href":"https:\/\/www.huelvaysusfotografos.com\/index.php?rest_route=\/wp\/v2\/posts\/11502\/revisions"}],"predecessor-version":[{"id":11504,"href":"https:\/\/www.huelvaysusfotografos.com\/index.php?rest_route=\/wp\/v2\/posts\/11502\/revisions\/11504"}],"wp:featuredmedia":[{"embeddable":true,"href":"https:\/\/www.huelvaysusfotografos.com\/index.php?rest_route=\/wp\/v2\/media\/11503"}],"wp:attachment":[{"href":"https:\/\/www.huelvaysusfotografos.com\/index.php?rest_route=%2Fwp%2Fv2%2Fmedia&parent=11502"}],"wp:term":[{"taxonomy":"category","embeddable":true,"href":"https:\/\/www.huelvaysusfotografos.com\/index.php?rest_route=%2Fwp%2Fv2%2Fcategories&post=11502"},{"taxonomy":"post_tag","embeddable":true,"href":"https:\/\/www.huelvaysusfotografos.com\/index.php?rest_route=%2Fwp%2Fv2%2Ftags&post=11502"}],"curies":[{"name":"wp","href":"https:\/\/api.w.org\/{rel}","templated":true}]}}