{"id":11453,"date":"2022-05-27T20:47:00","date_gmt":"2022-05-27T18:47:00","guid":{"rendered":"https:\/\/www.huelvaysusfotografos.com\/?p=11453"},"modified":"2022-05-29T23:50:29","modified_gmt":"2022-05-29T21:50:29","slug":"la-faf-lanza-la-i-beca-joven-2022","status":"publish","type":"post","link":"https:\/\/www.huelvaysusfotografos.com\/?p=11453","title":{"rendered":"La FAF lanza la I Beca Joven 2022"},"content":{"rendered":"\n<p>La Federaci\u00f3n Andaluza de Fotograf\u00eda, en una apuesta firme por la juventud, organiza la primera beca para fot\u00f3grafos j\u00f3venes.<\/p>\n\n\n\n<p>Con esta iniciativa, la FAF busca reconocer, visibilizar y premiar el talento y creatividad de los\/las j\u00f3venes fot\u00f3grafos andaluces.<\/p>\n\n\n\n<p><strong><u>I. Participantes<\/u><\/strong><\/p>\n\n\n\n<p>Podr\u00e1 participar cualquier artista andaluz (nacido o con residencia fija en Andaluc\u00eda) que, antes del cierre del plazo de presentaci\u00f3n de proyectos, tenga cumplidos los 18 a\u00f1os y cuya fecha de nacimiento sea, como m\u00e1ximo, el 31 de diciembre de 1992.<\/p>\n\n\n\n<p>Se admitir\u00e1 una \u00fanica propuesta y siempre vinculada a la fotograf\u00eda, en cualquiera de sus diferentes vertientes.<\/p>\n\n\n\n<p><strong><u>II. Propuestas<\/u><\/strong><\/p>\n\n\n\n<p>Las propuestas que se presenten tendr\u00e1n el formato de proyecto fotogr\u00e1fico, con un n\u00famero de obras entre 20 y 30 im\u00e1genes individuales, considerando como imagen individual los d\u00edpticos o tr\u00edpticos.<\/p>\n\n\n\n<p>Su tem\u00e1tica ser\u00e1 libre.<\/p>\n\n\n\n<p><strong><u>III. Presentaci\u00f3n de los proyectos<\/u><\/strong><\/p>\n\n\n\n<p>El dossier del proyecto ser\u00e1 enviado, en un archivo zip comprimido, al correo electr\u00f3nico<\/p>\n\n\n\n<p>formacionyexposiciones@federacionandaluzafotografia.com, con copia a info@federacionandaluzafotografia.com, por WeTransfer o cualquier otro sistema de transferencia.<\/p>\n\n\n\n<p>El contenido del dossier constar\u00e1 de tres partes separadas entre s\u00ed:<\/p>\n\n\n\n<p>\u2713 Documentaci\u00f3n sobre el autor (en formato pdf, el nombre del archivo ser\u00e1: Nombre completo del autor_T\u00edtulo del proyecto), debiendo contener:<\/p>\n\n\n\n<p>\u2022 Nombre y apellidos<\/p>\n\n\n\n<p>\u2022 NIF<\/p>\n\n\n\n<p>\u2022 Fecha de nacimiento<\/p>\n\n\n\n<p>\u2022 Direcci\u00f3n completa<\/p>\n\n\n\n<p>\u2022 Tel\u00e9fono de contacto<\/p>\n\n\n\n<p>\u2022 Correo electr\u00f3nico<\/p>\n\n\n\n<p>\u2022 Copia del NIF<\/p>\n\n\n\n<p>\u2713 Documentaci\u00f3n sobre el proyecto (en formato pdf, el nombre del archivo ser\u00e1: El t\u00edtulo del proyecto), debiendo contener:<\/p>\n\n\n\n<p>\u2022 T\u00edtulo del proyecto<\/p>\n\n\n\n<p>\u2022 Declaraci\u00f3n de autor: discurso y breve explicaci\u00f3n del trabajo (m\u00e1ximo un folio A4, con tipo letra Arial 11)<\/p>\n\n\n\n<p>\u2022 Hoja de contacto con las im\u00e1genes que compone el proyecto, con el orden en que el autor quiere que se muestren.<\/p>\n\n\n\n<p>\u2022Opcionalmente, no obligatorio, una maquetaci\u00f3n con la propuesta de distribuci\u00f3n\/composici\u00f3n en una exposici\u00f3n, incluyendo dimensiones de cada foto, tipo de impresi\u00f3n y soporte y cualquier otro detalle que considere el autor debe llevar su exposici\u00f3n.<\/p>\n\n\n\n<p>\u2713 Im\u00e1genes que conforman el proyecto (en formato jpg):<\/p>\n\n\n\n<p>\u2022 Las obras se presentar\u00e1n, \u00fanicamente, en formato digital<\/p>\n\n\n\n<p>\u2022 Tama\u00f1o: 1920 p\u00edxeles en el lado m\u00e1s largo, con una resoluci\u00f3n de 300 ppp, y un peso m\u00e1ximo de 2 Mb<\/p>\n\n\n\n<p>\u2022 Perfil de color incrustado: Adobe sRGB<\/p>\n\n\n\n<p>\u2022 Las obras no podr\u00e1n ir firmadas o con marcas que puedan identificar al autor.<\/p>\n\n\n\n<p>\u2022 Los archivos se renombrar\u00e1n con el t\u00edtulo del proyecto, seguido del n\u00famero, con el orden deseado (Ejemplo: Si el t\u00edtulo es Ambiente, ser\u00eda: Ambiente_01 y hasta el \u00faltimo, Ambiente_30)<\/p>\n\n\n\n<p><strong><u>IV. Plazo de presentaci\u00f3n Dossier<\/u><\/strong><\/p>\n\n\n\n<p>Podr\u00e1n presentarse propuestas, desde el momento de la publicaci\u00f3n de estas bases, hasta el d\u00eda 30 de noviembre de 2022 a las 23:59 horas.<\/p>\n\n\n\n<p><strong><u>V. Proceso de selecci\u00f3n<\/u><\/strong><\/p>\n\n\n\n<p>El jurado, nombrado por la Federaci\u00f3n Andaluza de Fotograf\u00eda, estar\u00e1 compuesto por tres fot\u00f3grafos y fot\u00f3grafas de reconocido prestigio.<\/p>\n\n\n\n<p>A la hora de realizar la selecci\u00f3n, se tendr\u00e1 en cuenta la creatividad y originalidad del proyecto, as\u00ed como, su calidad, tanto t\u00e9cnica como est\u00e9tica.<\/p>\n\n\n\n<p>De entre las propuestas enviadas se seleccionar\u00e1 una, que se imprimir\u00e1 para su posterior muestra expositiva por las distintas entidades que componen la FAF, siendo la primera de ellas en M\u00e1laga, con motivo del V Congreso de la FAF.<\/p>\n\n\n\n<p>As\u00ed mismo, se editar\u00e1 un Fotolibro, del que el autor recibir\u00e1 una veintena de ejemplares.<\/p>\n\n\n\n<p>El jurado podr\u00e1 declarar desierto el premio si considera que los proyectos no se ajustan a los requisitos de esta convocatoria.<\/p>\n\n\n\n<p><strong><u>VI. Contenido de la beca<\/u><\/strong><\/p>\n\n\n\n<p>\u2022 Exposici\u00f3n individual del proyecto seleccionado, en el V Congreso de la FAF en M\u00e1laga, y con itinerancia por distintas salas expositivas de Andaluc\u00eda.<\/p>\n\n\n\n<p>\u2022 Fotolibro del proyecto, con una veintena de ejemplares para el autor<\/p>\n\n\n\n<p>\u2022 Para la producci\u00f3n de la exposici\u00f3n y Fotolibro, se fija un presupuesto m\u00e1ximo de 2.000 euros<\/p>\n\n\n\n<p>\u2022 Beca de formaci\u00f3n (a definir con el autor seleccionado), por un importe m\u00e1ximo de 1.200 euros.<\/p>\n\n\n\n<p>\u2022 Regalo de c\u00e1mara Fujifilm Istax Mini Evo, valorada en 200 euros, cortes\u00eda de CAMARALIA.<\/p>\n\n\n\n<p>\u2022 Invitaci\u00f3n a la Gala del V Congreso de la FAF, con cena y hotel gratis para dos personas.<\/p>\n\n\n\n<p>\u2022 Un a\u00f1o de cuota de la agrupaci\u00f3n fotogr\u00e1fica que decida el becado.<\/p>\n\n\n\n<p>\u2022 Promoci\u00f3n a trav\u00e9s de medios de comunicaci\u00f3n, web, redes sociales, etc.<\/p>\n\n\n\n<p><strong><u>VII. Compromiso del autor seleccionado<\/u><\/strong><\/p>\n\n\n\n<p>\u2022 Cumplir los plazos acordados.<\/p>\n\n\n\n<p>\u2022 Facilitar material necesario para edici\u00f3n del Fotolibro.<\/p>\n\n\n\n<p>\u2022 Documentaci\u00f3n y material necesario para Exposici\u00f3n.<\/p>\n\n\n\n<p><strong><u>VIII. Fallo<\/u><\/strong><\/p>\n\n\n\n<p>La decisi\u00f3n del jurado ser\u00e1 inapelable.<\/p>\n\n\n\n<p>El fallo se har\u00e1 p\u00fablico, como fecha l\u00edmite, el 15 de enero de 2023, notific\u00e1ndose a todos los participantes por correo electr\u00f3nico.<\/p>\n\n\n\n<p>Cualquier circunstancia no prevista en estas bases ser\u00e1 resuelta por la organizaci\u00f3n.<\/p>\n\n\n\n<p><strong><u>IX. Aceptaci\u00f3n de las bases<\/u><\/strong><\/p>\n\n\n\n<p>La participaci\u00f3n en esta Convocatoria supone la aceptaci\u00f3n de las presentes bases, quedando el Jurado capacitado para discernir sobre las posibles dudas que pueden presentarse.<\/p>\n\n\n\n<p><strong><u>X. Propiedad intelectual<\/u><\/strong><\/p>\n\n\n\n<p>Los participantes asumen la responsabilidad de la autor\u00eda y originalidad de las obras presentadas y, por tanto, los derechos de las mismas pertenecen a los autores, responsabiliz\u00e1ndose de que no existen derechos de terceros en dichas obras, as\u00ed como cualquier reclamaci\u00f3n que pueda plantearse por derechos de imagen.<\/p>\n\n\n\n<p>Los participantes garantizan que tienen el consentimiento expreso de las personas que aparecen en las im\u00e1genes del proyecto, seg\u00fan lo establecido en la ley.<\/p>\n\n\n\n<p>La FAF podr\u00e1 utilizar las obras presentadas exclusivamente para la promoci\u00f3n y difusi\u00f3n de sus actividades, figurando siempre el nombre del autor.<\/p>\n","protected":false},"excerpt":{"rendered":"<p>La Federaci\u00f3n Andaluza de Fotograf\u00eda, en una apuesta firme por la juventud, organiza la primera beca para fot\u00f3grafos j\u00f3venes. Con esta iniciativa, la FAF busca reconocer, visibilizar y premiar el talento y creatividad de los\/las j\u00f3venes fot\u00f3grafos andaluces. I. Participantes Podr\u00e1 participar cualquier artista andaluz (nacido o con residencia fija en Andaluc\u00eda) que, antes del cierre del plazo de presentaci\u00f3n de proyectos, tenga cumplidos los 18 a\u00f1os y cuya fecha<\/p>\n<div class=\"belowpost\"><a class=\"btnmore\" href=\"https:\/\/www.huelvaysusfotografos.com\/?p=11453\">Seguir leyendo<\/a><\/div>\n","protected":false},"author":8279,"featured_media":11454,"comment_status":"open","ping_status":"open","sticky":false,"template":"","format":"standard","meta":{"footnotes":"","_links_to":"","_links_to_target":""},"categories":[14],"tags":[],"class_list":["post-11453","post","type-post","status-publish","format-standard","has-post-thumbnail","hentry","category-cursos"],"_links":{"self":[{"href":"https:\/\/www.huelvaysusfotografos.com\/index.php?rest_route=\/wp\/v2\/posts\/11453","targetHints":{"allow":["GET"]}}],"collection":[{"href":"https:\/\/www.huelvaysusfotografos.com\/index.php?rest_route=\/wp\/v2\/posts"}],"about":[{"href":"https:\/\/www.huelvaysusfotografos.com\/index.php?rest_route=\/wp\/v2\/types\/post"}],"author":[{"embeddable":true,"href":"https:\/\/www.huelvaysusfotografos.com\/index.php?rest_route=\/wp\/v2\/users\/8279"}],"replies":[{"embeddable":true,"href":"https:\/\/www.huelvaysusfotografos.com\/index.php?rest_route=%2Fwp%2Fv2%2Fcomments&post=11453"}],"version-history":[{"count":1,"href":"https:\/\/www.huelvaysusfotografos.com\/index.php?rest_route=\/wp\/v2\/posts\/11453\/revisions"}],"predecessor-version":[{"id":11455,"href":"https:\/\/www.huelvaysusfotografos.com\/index.php?rest_route=\/wp\/v2\/posts\/11453\/revisions\/11455"}],"wp:featuredmedia":[{"embeddable":true,"href":"https:\/\/www.huelvaysusfotografos.com\/index.php?rest_route=\/wp\/v2\/media\/11454"}],"wp:attachment":[{"href":"https:\/\/www.huelvaysusfotografos.com\/index.php?rest_route=%2Fwp%2Fv2%2Fmedia&parent=11453"}],"wp:term":[{"taxonomy":"category","embeddable":true,"href":"https:\/\/www.huelvaysusfotografos.com\/index.php?rest_route=%2Fwp%2Fv2%2Fcategories&post=11453"},{"taxonomy":"post_tag","embeddable":true,"href":"https:\/\/www.huelvaysusfotografos.com\/index.php?rest_route=%2Fwp%2Fv2%2Ftags&post=11453"}],"curies":[{"name":"wp","href":"https:\/\/api.w.org\/{rel}","templated":true}]}}