{"id":10974,"date":"2022-04-21T17:36:01","date_gmt":"2022-04-21T15:36:01","guid":{"rendered":"https:\/\/www.huelvaysusfotografos.com\/?p=10974"},"modified":"2022-04-23T20:13:31","modified_gmt":"2022-04-23T18:13:31","slug":"nuestros-pasos-nos-llevan-a-berrocal","status":"publish","type":"post","link":"https:\/\/www.huelvaysusfotografos.com\/?p=10974","title":{"rendered":"Nuestros pasos nos llevan a Berrocal."},"content":{"rendered":"\n<p>Nuestra pr\u00f3xima salida nos llevar\u00e1 a la localidad onubense de Berrocal el pr\u00f3ximo s\u00e1bado 30 de abril.<\/p>\n\n\n\n<p>Las tradiciones de nuestra tierra est\u00e1n muy arraigadas en el pueblo y son bien de inter\u00e9s cultural. Nosotros proponemos que vayamos a ser part\u00edcipes de esas tradiciones y dejemos constancia gr\u00e1fica del mismo.<\/p>\n\n\n\n<p>El viernes, el d\u00eda de San Felipe se va a cortar el romero para ofrecerlo a la Cruz al d\u00eda siguiente, acompa\u00f1ado de las t\u00edpicas coplas de \u201cpique\u201d. El S\u00e1bado (d\u00eda del romero) se preparan dos bestias ataviadas con aparejos de terciopelo bordado en oro, con las j\u00e1quimas y el rabo engalanados para el ancestral rito. Mientras se carga los haces de romero en las bestias se procede a la salida de los &#8216;mozos de la Bandera&#8217; que ser\u00e1n los protagonistas de los rituales paganos a celebrar en el d\u00eda, entre v\u00edtores y clamores de las mujeres. En el Acto que prosigue el mozo subido a una mula clava la bandera en el haz de romero que porta el animal y, al llegar a su ermita, la desclava y ofrece el romero a la Santa Cruz.<\/p>\n\n\n\n<p>Ya desde semanas antes todos los vecinos han comenzado a acicalar sus casas y a preparar las viandas con las que obsequiar a los amigos vecinos e invitados a la &#8216;fiesta grande&#8217;. Se sacan las mejores chacinas de la matanza y se piensa en preparar el &#8216;costo&#8217; o comida t\u00edpica berrocale\u00f1a. Mientras, las dos Hermandades, en un respetuoso pique y por separado, buscan las mejores bestias y preparan los &#8216;jatos&#8217; o monturas y aparejos enjaezados con bordes y filigranas de origen \u00e1rabe con que vestirlas. Se comienza tambi\u00e9n a decorar la Cruz, j\u00f3venes y mayores participan y ponen todo su empe\u00f1o en los preparativos. Se trata, en definitiva de hacerlo mejor y m\u00e1s bonito que la rival.<\/p>\n\n\n\n<p>De indudable inter\u00e9s etnol\u00f3gico, declaradas como Bien de Inter\u00e9s Tur\u00edstico Cultural de Andaluc\u00eda en 1998, plena de ritos, de tradiciones centenarias y de sanos \u201cpiques\u201d, la Fiesta de la Santa Cruz se erigen como el principal atractivo tur\u00edstico y cultural de esta localidad.<\/p>\n\n\n\n<p><strong>Actividad<\/strong>.- Cruces Mayo<\/p>\n\n\n\n<p><strong>D\u00eda<\/strong>.- s\u00e1bado 30 de abril de 2020<\/p>\n\n\n\n<p><strong>Lugar<\/strong>.- El Berrocal (Huelva)<\/p>\n\n\n\n<p><strong>Hora.<\/strong>&#8211; 10.00 horas.<\/p>\n\n\n\n<p><strong>Nota.-<\/strong> Todos los que deseen asistir que lo comuniquen a nuestra Vicepresidenta Pilar Rodr\u00edguez.<\/p>\n\n\n\n<p>Foto Ayuntamiento El Berrocal<\/p>\n\n\n\n<div class=\"wp-block-image\"><figure class=\"aligncenter size-full\"><a href=\"https:\/\/www.huelvaysusfotografos.com\/wp-content\/uploads\/2022\/04\/foto-portada-Berrocal.jpg\"><img loading=\"lazy\" decoding=\"async\" width=\"451\" height=\"554\" src=\"https:\/\/www.huelvaysusfotografos.com\/wp-content\/uploads\/2022\/04\/foto-portada-Berrocal.jpg\" alt=\"\" class=\"wp-image-11010\" srcset=\"https:\/\/www.huelvaysusfotografos.com\/wp-content\/uploads\/2022\/04\/foto-portada-Berrocal.jpg 451w, https:\/\/www.huelvaysusfotografos.com\/wp-content\/uploads\/2022\/04\/foto-portada-Berrocal-244x300.jpg 244w\" sizes=\"auto, (max-width: 451px) 100vw, 451px\" \/><\/a><\/figure><\/div>\n","protected":false},"excerpt":{"rendered":"<p>Nuestra pr\u00f3xima salida nos llevar\u00e1 a la localidad onubense de Berrocal el pr\u00f3ximo s\u00e1bado 30 de abril. Las tradiciones de nuestra tierra est\u00e1n muy arraigadas en el pueblo y son bien de inter\u00e9s cultural. Nosotros proponemos que vayamos a ser part\u00edcipes de esas tradiciones y dejemos constancia gr\u00e1fica del mismo. El viernes, el d\u00eda de San Felipe se va a cortar el romero para ofrecerlo a la Cruz al d\u00eda<\/p>\n<div class=\"belowpost\"><a class=\"btnmore\" href=\"https:\/\/www.huelvaysusfotografos.com\/?p=10974\">Seguir leyendo<\/a><\/div>\n","protected":false},"author":8279,"featured_media":10975,"comment_status":"open","ping_status":"open","sticky":false,"template":"","format":"standard","meta":{"footnotes":"","_links_to":"","_links_to_target":""},"categories":[4],"tags":[],"class_list":["post-10974","post","type-post","status-publish","format-standard","has-post-thumbnail","hentry","category-actividades"],"_links":{"self":[{"href":"https:\/\/www.huelvaysusfotografos.com\/index.php?rest_route=\/wp\/v2\/posts\/10974","targetHints":{"allow":["GET"]}}],"collection":[{"href":"https:\/\/www.huelvaysusfotografos.com\/index.php?rest_route=\/wp\/v2\/posts"}],"about":[{"href":"https:\/\/www.huelvaysusfotografos.com\/index.php?rest_route=\/wp\/v2\/types\/post"}],"author":[{"embeddable":true,"href":"https:\/\/www.huelvaysusfotografos.com\/index.php?rest_route=\/wp\/v2\/users\/8279"}],"replies":[{"embeddable":true,"href":"https:\/\/www.huelvaysusfotografos.com\/index.php?rest_route=%2Fwp%2Fv2%2Fcomments&post=10974"}],"version-history":[{"count":3,"href":"https:\/\/www.huelvaysusfotografos.com\/index.php?rest_route=\/wp\/v2\/posts\/10974\/revisions"}],"predecessor-version":[{"id":11012,"href":"https:\/\/www.huelvaysusfotografos.com\/index.php?rest_route=\/wp\/v2\/posts\/10974\/revisions\/11012"}],"wp:featuredmedia":[{"embeddable":true,"href":"https:\/\/www.huelvaysusfotografos.com\/index.php?rest_route=\/wp\/v2\/media\/10975"}],"wp:attachment":[{"href":"https:\/\/www.huelvaysusfotografos.com\/index.php?rest_route=%2Fwp%2Fv2%2Fmedia&parent=10974"}],"wp:term":[{"taxonomy":"category","embeddable":true,"href":"https:\/\/www.huelvaysusfotografos.com\/index.php?rest_route=%2Fwp%2Fv2%2Fcategories&post=10974"},{"taxonomy":"post_tag","embeddable":true,"href":"https:\/\/www.huelvaysusfotografos.com\/index.php?rest_route=%2Fwp%2Fv2%2Ftags&post=10974"}],"curies":[{"name":"wp","href":"https:\/\/api.w.org\/{rel}","templated":true}]}}