{"id":10959,"date":"2022-04-15T14:37:34","date_gmt":"2022-04-15T12:37:34","guid":{"rendered":"https:\/\/www.huelvaysusfotografos.com\/?p=10959"},"modified":"2022-04-15T14:45:36","modified_gmt":"2022-04-15T12:45:36","slug":"convivencia-en-tavira-nuestra-proxima-salida-fotografica","status":"publish","type":"post","link":"https:\/\/www.huelvaysusfotografos.com\/?p=10959","title":{"rendered":"Convivencia en Tavira, nuestra pr\u00f3xima salida fotogr\u00e1fica."},"content":{"rendered":"\n<p>La localidad portuguesa de Tavira, es el destino de nuestra pr\u00f3xima salida para este mes de abril.<\/p>\n\n\n\n<p>Un mes de abril que viene cargado de actividades y que tras el paso de una semana santa, donde hemos podido disfrutar de los pasos tras varios a\u00f1os sin verlos, toca ahora cruzar el Guadiana y recorrer las calles y rincones de la bella localidad de Tavira.<\/p>\n\n\n\n<p>Una jornada de convivencia para departir aficiones y buscar entre sus calles los detalles de nuestras retinas, ser\u00e1 el pr\u00f3ximo s\u00e1bado 23 de abril de 2022.<\/p>\n\n\n\n<p>Y no pod\u00edamos dejar pasar la ocasi\u00f3n de visitar la exposici\u00f3n que nuestra compa\u00f1era Carmen Torres Chaguaceda tiene junto a otros compa\u00f1eros tiene all\u00ed expuesta.<\/p>\n\n\n\n<p>La hora de quedada ser\u00eda a las 10.00 hora portuguesa en el puente de arco de piedra de Tavira.<\/p>\n\n\n\n<p>Iremos en primer lugar a visitar la exposici\u00f3n y posteriormente recorreremos sus calles, r\u00edo, mercado, iglesias, paseo y donde nuestro ojo fotogr\u00e1fico nos lleve.<\/p>\n\n\n\n<p>Pasaremos despu\u00e9s a la jornada de convivencia con los compa\u00f1eros de la Asociaci\u00f3n y los amigos portugueses, cabe la posibilidad de llevar las viandas y hacerlo todos juntos o comer donde cada uno lo desee.<\/p>\n\n\n\n<p>La tarde libre para que cada uno realice las actividades que desee.<\/p>\n\n\n\n<p>Muchas gracias a todos, por favor indicar quien vendr\u00e1 para tenerlo controlado.<\/p>\n\n\n\n<p><strong>Actividad<\/strong>.- Convivencia en Tavira<\/p>\n\n\n\n<p><strong>D\u00eda.<\/strong>&#8211; s\u00e1bado 23 de abril de 2022<\/p>\n\n\n\n<p><strong>Lugar<\/strong>.- Puente Romano de Tavira<\/p>\n\n\n\n<p><strong>Hora<\/strong>.- 10.00 hora portuguesa.<\/p>\n","protected":false},"excerpt":{"rendered":"<p>La localidad portuguesa de Tavira, es el destino de nuestra pr\u00f3xima salida para este mes de abril. Un mes de abril que viene cargado de actividades y que tras el paso de una semana santa, donde hemos podido disfrutar de los pasos tras varios a\u00f1os sin verlos, toca ahora cruzar el Guadiana y recorrer las calles y rincones de la bella localidad de Tavira. Una jornada de convivencia para departir<\/p>\n<div class=\"belowpost\"><a class=\"btnmore\" href=\"https:\/\/www.huelvaysusfotografos.com\/?p=10959\">Seguir leyendo<\/a><\/div>\n","protected":false},"author":8279,"featured_media":10961,"comment_status":"open","ping_status":"open","sticky":false,"template":"","format":"standard","meta":{"footnotes":"","_links_to":"","_links_to_target":""},"categories":[4],"tags":[],"class_list":["post-10959","post","type-post","status-publish","format-standard","has-post-thumbnail","hentry","category-actividades"],"_links":{"self":[{"href":"https:\/\/www.huelvaysusfotografos.com\/index.php?rest_route=\/wp\/v2\/posts\/10959","targetHints":{"allow":["GET"]}}],"collection":[{"href":"https:\/\/www.huelvaysusfotografos.com\/index.php?rest_route=\/wp\/v2\/posts"}],"about":[{"href":"https:\/\/www.huelvaysusfotografos.com\/index.php?rest_route=\/wp\/v2\/types\/post"}],"author":[{"embeddable":true,"href":"https:\/\/www.huelvaysusfotografos.com\/index.php?rest_route=\/wp\/v2\/users\/8279"}],"replies":[{"embeddable":true,"href":"https:\/\/www.huelvaysusfotografos.com\/index.php?rest_route=%2Fwp%2Fv2%2Fcomments&post=10959"}],"version-history":[{"count":1,"href":"https:\/\/www.huelvaysusfotografos.com\/index.php?rest_route=\/wp\/v2\/posts\/10959\/revisions"}],"predecessor-version":[{"id":10960,"href":"https:\/\/www.huelvaysusfotografos.com\/index.php?rest_route=\/wp\/v2\/posts\/10959\/revisions\/10960"}],"wp:featuredmedia":[{"embeddable":true,"href":"https:\/\/www.huelvaysusfotografos.com\/index.php?rest_route=\/wp\/v2\/media\/10961"}],"wp:attachment":[{"href":"https:\/\/www.huelvaysusfotografos.com\/index.php?rest_route=%2Fwp%2Fv2%2Fmedia&parent=10959"}],"wp:term":[{"taxonomy":"category","embeddable":true,"href":"https:\/\/www.huelvaysusfotografos.com\/index.php?rest_route=%2Fwp%2Fv2%2Fcategories&post=10959"},{"taxonomy":"post_tag","embeddable":true,"href":"https:\/\/www.huelvaysusfotografos.com\/index.php?rest_route=%2Fwp%2Fv2%2Ftags&post=10959"}],"curies":[{"name":"wp","href":"https:\/\/api.w.org\/{rel}","templated":true}]}}